{"id":68803,"date":"2026-04-24T19:22:18","date_gmt":"2026-04-24T22:22:18","guid":{"rendered":"https:\/\/fmradiocultura.com.ar\/site2025\/?p=68803"},"modified":"2026-05-01T19:33:53","modified_gmt":"2026-05-01T22:33:53","slug":"retrospectiva-lucrecia-martel-en-vicente-lopez","status":"publish","type":"post","link":"https:\/\/fmradiocultura.com.ar\/site2025\/retrospectiva-lucrecia-martel-en-vicente-lopez\/","title":{"rendered":"Retrospectiva Lucrecia Martel en Vicente L\u00f3pez"},"content":{"rendered":"\n<p>Del 3 al 31 de mayo, el cine York de Olivos, presenta el ciclo <em>Antes del lunes<\/em>, una retrospectiva integral a la obra de<strong> Lucrecia Martel<\/strong> que incluye funciones de su \u00faltimo trabajo titulado <em>Nuestra Tierra<\/em>. \u00abLo que yo hago es todo mentira\u2026 es un conjunto de estrategias para, justamente, tratar de construir algo que se parezca a la verdad\u00bb dijo alguna vez <strong>Lucrecia Martel<\/strong>. Las mentiras de Martel, entonces y parad\u00f3jicamente, dan forma a uno de los cines m\u00e1s extraordinariamente genuinos: verdaderos en su amor por el cine como construcci\u00f3n comunal, en su poder\u00edo siempre pol\u00edtico, en sus climas siempre asombrados y en su capacidad de un relato de crecer desde las ra\u00edces de relatos previos, los humanos y los fant\u00e1sticos.<\/p>\n\n\n\n<figure class=\"wp-block-image size-large\"><img fetchpriority=\"high\" decoding=\"async\" width=\"768\" height=\"1024\" src=\"https:\/\/fmradiocultura.com.ar\/site2025\/wp-content\/uploads\/2026\/05\/Lucrecia-Martel_1-768x1024.jpg\" alt=\"\" class=\"wp-image-68804\" srcset=\"https:\/\/fmradiocultura.com.ar\/site2025\/wp-content\/uploads\/2026\/05\/Lucrecia-Martel_1-768x1024.jpg 768w, https:\/\/fmradiocultura.com.ar\/site2025\/wp-content\/uploads\/2026\/05\/Lucrecia-Martel_1-225x300.jpg 225w, https:\/\/fmradiocultura.com.ar\/site2025\/wp-content\/uploads\/2026\/05\/Lucrecia-Martel_1-1152x1536.jpg 1152w, https:\/\/fmradiocultura.com.ar\/site2025\/wp-content\/uploads\/2026\/05\/Lucrecia-Martel_1-1536x2048.jpg 1536w, https:\/\/fmradiocultura.com.ar\/site2025\/wp-content\/uploads\/2026\/05\/Lucrecia-Martel_1-150x200.jpg 150w, https:\/\/fmradiocultura.com.ar\/site2025\/wp-content\/uploads\/2026\/05\/Lucrecia-Martel_1-450x600.jpg 450w, https:\/\/fmradiocultura.com.ar\/site2025\/wp-content\/uploads\/2026\/05\/Lucrecia-Martel_1-1200x1600.jpg 1200w, https:\/\/fmradiocultura.com.ar\/site2025\/wp-content\/uploads\/2026\/05\/Lucrecia-Martel_1-scaled.jpg 1920w\" sizes=\"(max-width: 768px) 100vw, 768px\" \/><\/figure>\n\n\n\n<p>Antes del lunes entonces celebra una retro del trabajo de <strong>Lucrecia Martel <\/strong>al mismo tiempo que dar\u00e1 varias funciones de<em> Nuestra tierra<\/em>, su primer documental. <em>La ci\u00e9naga, La ni\u00f1a santa, La mujer sin cabeza<\/em> y<em> Zama <\/em>se dar\u00e1n domingo a domingo, junto con la urgente <em>Nuestra tierra.<\/em><\/p>\n\n\n\n<p><strong>El siguiente es el detalle de la programaci\u00f3n:<\/strong> <\/p>\n\n\n\n<p><strong>03\/05 &#8211; 18 h<\/strong><\/p>\n\n\n\n<figure class=\"wp-block-image size-large\"><img decoding=\"async\" width=\"1024\" height=\"768\" src=\"https:\/\/fmradiocultura.com.ar\/site2025\/wp-content\/uploads\/2026\/05\/La-cienaga_1-1024x768.png\" alt=\"\" class=\"wp-image-68805\" srcset=\"https:\/\/fmradiocultura.com.ar\/site2025\/wp-content\/uploads\/2026\/05\/La-cienaga_1-1024x768.png 1024w, https:\/\/fmradiocultura.com.ar\/site2025\/wp-content\/uploads\/2026\/05\/La-cienaga_1-300x225.png 300w, https:\/\/fmradiocultura.com.ar\/site2025\/wp-content\/uploads\/2026\/05\/La-cienaga_1-768x576.png 768w, https:\/\/fmradiocultura.com.ar\/site2025\/wp-content\/uploads\/2026\/05\/La-cienaga_1-1536x1152.png 1536w, https:\/\/fmradiocultura.com.ar\/site2025\/wp-content\/uploads\/2026\/05\/La-cienaga_1-2048x1536.png 2048w, https:\/\/fmradiocultura.com.ar\/site2025\/wp-content\/uploads\/2026\/05\/La-cienaga_1-150x113.png 150w, https:\/\/fmradiocultura.com.ar\/site2025\/wp-content\/uploads\/2026\/05\/La-cienaga_1-450x338.png 450w, https:\/\/fmradiocultura.com.ar\/site2025\/wp-content\/uploads\/2026\/05\/La-cienaga_1-1200x900.png 1200w\" sizes=\"(max-width: 1024px) 100vw, 1024px\" \/><\/figure>\n\n\n\n<p><strong>La ci\u00e9naga<\/strong><\/p>\n\n\n\n<p><strong>Sinopsis<\/strong>: Dos familias &#8211; una de clase media urbana y otra de productores rurales &#8211; se entrecruzan en el sopor provinciano de una Salta ca\u00f3tica e inmutable, donde nada sucede pero todo est\u00e1 a punto de estallar.<br><br>La primera de las obras maestras de Lucrecia Martel respira un aire nuevo para el cine en un espacio sofocado \u2014por el calor y la decadencia\u2014. Hay cruces, pero nada parece avanzar realmente, como si el tiempo estuviera, antes que detenido, directamente abandonado. La familia como fragmentos, como esquirlas no barridas, con filos generados por las tensiones que la hacen una calamidad. Todo parece a punto de romperse, y aunque ese estallido nunca termina de concretarse, Martel crea una pel\u00edcula que sabe que el terror m\u00e1s abrumador es la familia cuando telara\u00f1a.<\/p>\n\n\n\n<p><strong>10\/05 &#8211; 18 h<\/strong><\/p>\n\n\n\n<figure class=\"wp-block-image size-large\"><img decoding=\"async\" width=\"1024\" height=\"576\" src=\"https:\/\/fmradiocultura.com.ar\/site2025\/wp-content\/uploads\/2026\/05\/La-nina-santa-1024x576.png\" alt=\"\" class=\"wp-image-68806\" srcset=\"https:\/\/fmradiocultura.com.ar\/site2025\/wp-content\/uploads\/2026\/05\/La-nina-santa-1024x576.png 1024w, https:\/\/fmradiocultura.com.ar\/site2025\/wp-content\/uploads\/2026\/05\/La-nina-santa-300x169.png 300w, https:\/\/fmradiocultura.com.ar\/site2025\/wp-content\/uploads\/2026\/05\/La-nina-santa-768x432.png 768w, https:\/\/fmradiocultura.com.ar\/site2025\/wp-content\/uploads\/2026\/05\/La-nina-santa-1536x864.png 1536w, https:\/\/fmradiocultura.com.ar\/site2025\/wp-content\/uploads\/2026\/05\/La-nina-santa-2048x1152.png 2048w, https:\/\/fmradiocultura.com.ar\/site2025\/wp-content\/uploads\/2026\/05\/La-nina-santa-150x84.png 150w, https:\/\/fmradiocultura.com.ar\/site2025\/wp-content\/uploads\/2026\/05\/La-nina-santa-450x253.png 450w, https:\/\/fmradiocultura.com.ar\/site2025\/wp-content\/uploads\/2026\/05\/La-nina-santa-1200x675.png 1200w\" sizes=\"(max-width: 1024px) 100vw, 1024px\" \/><\/figure>\n\n\n\n<p><strong>La ni\u00f1a santa<\/strong><\/p>\n\n\n\n<p><strong>Sinopsis<\/strong>: En un hotel de aguas termales viven sus due\u00f1os, y una hija adolescente, Amalia, que participa de grupos de reflexi\u00f3n cat\u00f3lica junto a su amiga Josefina. Se realiza un congreso m\u00e9dico en el hotel y entre los que participan est\u00e1 el t\u00edmido Dr. Jano. Un tri\u00e1ngulo amoroso, inquietantes revelaciones \u00edntimas y una serie de equ\u00edvocos har\u00e1n que las vidas de estos personajes se crucen bajo los techos de este hotel hasta que todo estalle.<br><br>En su segundo paso, Martel profundiza una l\u00ednea donde lo \u00edntimo se vuelve inestable y lo moral se desarma desde adentro. El despertar de una adolescente no aparece como un paso claro, sino como una zona confusa donde religi\u00f3n, deseo y culpa se contaminan mutuamente. La mutaci\u00f3n del cuerpo y lo que creemos que sabemos de \u00e9l como cruz, santo y se\u00f1a. Martel se desplaza hacia la percepci\u00f3n: su obra empieza a delinear un mundo donde las certezas nunca son fiables y la experiencia se construye desde lo ambiguo.<\/p>\n\n\n\n<p><strong>17\/5 &#8211; 18 h<\/strong><\/p>\n\n\n\n<figure class=\"wp-block-image size-large\"><img loading=\"lazy\" decoding=\"async\" width=\"1024\" height=\"640\" src=\"https:\/\/fmradiocultura.com.ar\/site2025\/wp-content\/uploads\/2026\/05\/La-mujer-sin-cabeza_1-1024x640.jpg\" alt=\"\" class=\"wp-image-68807\" srcset=\"https:\/\/fmradiocultura.com.ar\/site2025\/wp-content\/uploads\/2026\/05\/La-mujer-sin-cabeza_1-1024x640.jpg 1024w, https:\/\/fmradiocultura.com.ar\/site2025\/wp-content\/uploads\/2026\/05\/La-mujer-sin-cabeza_1-300x188.jpg 300w, https:\/\/fmradiocultura.com.ar\/site2025\/wp-content\/uploads\/2026\/05\/La-mujer-sin-cabeza_1-768x480.jpg 768w, https:\/\/fmradiocultura.com.ar\/site2025\/wp-content\/uploads\/2026\/05\/La-mujer-sin-cabeza_1-1536x960.jpg 1536w, https:\/\/fmradiocultura.com.ar\/site2025\/wp-content\/uploads\/2026\/05\/La-mujer-sin-cabeza_1-2048x1280.jpg 2048w, https:\/\/fmradiocultura.com.ar\/site2025\/wp-content\/uploads\/2026\/05\/La-mujer-sin-cabeza_1-150x94.jpg 150w, https:\/\/fmradiocultura.com.ar\/site2025\/wp-content\/uploads\/2026\/05\/La-mujer-sin-cabeza_1-450x281.jpg 450w, https:\/\/fmradiocultura.com.ar\/site2025\/wp-content\/uploads\/2026\/05\/La-mujer-sin-cabeza_1-1200x750.jpg 1200w\" sizes=\"(max-width: 1024px) 100vw, 1024px\" \/><\/figure>\n\n\n\n<p><strong>La mujer sin cabeza<\/strong><\/p>\n\n\n\n<p><strong>Sinopsis<\/strong>: Una mujer, en una distracci\u00f3n mientras conduce, atropella algo. Recorren la ruta pero s\u00f3lo hay un perro muerto, y amigos allegados a la polic\u00eda confirman que no hay informaci\u00f3n de un accidente. Todo vuelve a la calma y el mal momento parece superado, hasta que la noticia de un macabro hallazgo preocupa nuevamente a todos.<br><br>Los fantasmas de Martel en su m\u00e1xima expresi\u00f3n: la negaci\u00f3n como forma de existencia. \u00bfQu\u00e9 es un \u00e1nima si no un negador de la mayor de las certezas que tenemos como humanos? La protagonista, Mar\u00eda Onetto en estado de plena gracia, no solo atraviesa un posible accidente, sino que encarna una manera de habitar el mundo basada en eludir aquello que resulta insoportable. Una maldici\u00f3n victoriana que anda. Martel convierte esa evasi\u00f3n en forma cinematogr\u00e1fica: lo que falta, lo que no se ve o no se dice, organiza el relato. En su trayectoria, esta pel\u00edcula marca un punto de m\u00e1xima depuraci\u00f3n: lo inquietante como perfecto hogar del cine.<\/p>\n\n\n\n<p><strong>24\/5 &#8211; 18 h<\/strong><\/p>\n\n\n\n<figure class=\"wp-block-image size-large\"><img loading=\"lazy\" decoding=\"async\" width=\"1024\" height=\"501\" src=\"https:\/\/fmradiocultura.com.ar\/site2025\/wp-content\/uploads\/2026\/05\/Zama_1-1024x501.jpg\" alt=\"\" class=\"wp-image-68808\" srcset=\"https:\/\/fmradiocultura.com.ar\/site2025\/wp-content\/uploads\/2026\/05\/Zama_1-1024x501.jpg 1024w, https:\/\/fmradiocultura.com.ar\/site2025\/wp-content\/uploads\/2026\/05\/Zama_1-300x147.jpg 300w, https:\/\/fmradiocultura.com.ar\/site2025\/wp-content\/uploads\/2026\/05\/Zama_1-768x376.jpg 768w, https:\/\/fmradiocultura.com.ar\/site2025\/wp-content\/uploads\/2026\/05\/Zama_1-1536x752.jpg 1536w, https:\/\/fmradiocultura.com.ar\/site2025\/wp-content\/uploads\/2026\/05\/Zama_1-2048x1003.jpg 2048w, https:\/\/fmradiocultura.com.ar\/site2025\/wp-content\/uploads\/2026\/05\/Zama_1-150x73.jpg 150w, https:\/\/fmradiocultura.com.ar\/site2025\/wp-content\/uploads\/2026\/05\/Zama_1-450x220.jpg 450w, https:\/\/fmradiocultura.com.ar\/site2025\/wp-content\/uploads\/2026\/05\/Zama_1-1200x587.jpg 1200w\" sizes=\"(max-width: 1024px) 100vw, 1024px\" \/><\/figure>\n\n\n\n<p><a rel=\"noreferrer noopener\" target=\"_blank\" href=\"https:\/\/criszurutuza.us4.list-manage.com\/track\/click?u=5f8394a88f65b50a00fb27e58&amp;id=296eb27b7d&amp;e=77ca281704\"><strong>Zama<\/strong><\/a><\/p>\n\n\n\n<p><strong>Sinopsis<\/strong>: Zama es un hombre que espera muchos a\u00f1os ser reconocido por sus m\u00e9ritos, ser deseado, ser amado. Decide atrapar a un peligroso bandido y recuperar su nombre. En el fracaso se libera de su espera.<br><br>Martel toma la novela de Antonio Di Benedetto y expande sus limbos hac\u00eda un tiempo y un espacio ajenos. Eso s\u00ed: mantiene intacta su obsesi\u00f3n por los cuerpos atrapados, en este caso, en un sistema que lo excede y comprime. El foco ya no est\u00e1 en la familia contempor\u00e1nea sino en la estructura colonial, aunque la l\u00f3gica es la misma: sujetos inmovilizados, dominados por fuerzas que no controlan. La espera, la frustraci\u00f3n y el deterioro se vuelven aqu\u00ed hist\u00f3ricos, ligados a una identidad construida sobre la negaci\u00f3n y el deseo de pertenecer a otro lugar.<\/p>\n\n\n\n<p><strong>3, 10, 17 y 24\/05\u00a0 &#8211; 20.30 h<\/strong><\/p>\n\n\n\n<figure class=\"wp-block-image size-large\"><img loading=\"lazy\" decoding=\"async\" width=\"1024\" height=\"576\" src=\"https:\/\/fmradiocultura.com.ar\/site2025\/wp-content\/uploads\/2026\/05\/Nuestra-Tierra-1024x576.jpg\" alt=\"\" class=\"wp-image-68809\" srcset=\"https:\/\/fmradiocultura.com.ar\/site2025\/wp-content\/uploads\/2026\/05\/Nuestra-Tierra-1024x576.jpg 1024w, https:\/\/fmradiocultura.com.ar\/site2025\/wp-content\/uploads\/2026\/05\/Nuestra-Tierra-300x169.jpg 300w, https:\/\/fmradiocultura.com.ar\/site2025\/wp-content\/uploads\/2026\/05\/Nuestra-Tierra-768x432.jpg 768w, https:\/\/fmradiocultura.com.ar\/site2025\/wp-content\/uploads\/2026\/05\/Nuestra-Tierra-1536x864.jpg 1536w, https:\/\/fmradiocultura.com.ar\/site2025\/wp-content\/uploads\/2026\/05\/Nuestra-Tierra-2048x1152.jpg 2048w, https:\/\/fmradiocultura.com.ar\/site2025\/wp-content\/uploads\/2026\/05\/Nuestra-Tierra-150x84.jpg 150w, https:\/\/fmradiocultura.com.ar\/site2025\/wp-content\/uploads\/2026\/05\/Nuestra-Tierra-450x253.jpg 450w, https:\/\/fmradiocultura.com.ar\/site2025\/wp-content\/uploads\/2026\/05\/Nuestra-Tierra-1200x675.jpg 1200w\" sizes=\"(max-width: 1024px) 100vw, 1024px\" \/><\/figure>\n\n\n\n<p><a rel=\"noreferrer noopener\" target=\"_blank\" href=\"https:\/\/criszurutuza.us4.list-manage.com\/track\/click?u=5f8394a88f65b50a00fb27e58&amp;id=1f5a351241&amp;e=77ca281704\"><strong>Nuestra tierra<\/strong><\/a><br><em>*Se recomienda la compa\u00f1\u00eda de un adulto para p\u00fablico infantil.<\/em><\/p>\n\n\n\n<p><strong>Sinopsis<\/strong>: Llega el juicio oral y p\u00fablico por el crimen de Javier Chocobar, comunero ind\u00edgena chuschagasta asesinado en 2009 en el norte argentino, en el marco de una disputa de tierras. El video del asesinato, filtrado en internet, aumenta la presi\u00f3n sobre el sistema judicial. Mientras tanto, las voces y fotograf\u00edas de la comunidad en esta pel\u00edcula, revelan el origen remoto del crimen, arraigado en una historia de usurpaci\u00f3n territorial que se extiende desde la \u00e9poca colonial hasta la actualidad.<\/p>\n\n\n\n<p>Su primer documental no representa un giro sino una expansi\u00f3n: Martel se centra en el asesinato del cacique Javier Chocobar y el reclamo territorial de la comunidad Chuschagasta, a partir de un archivo construido durante m\u00e1s de una d\u00e9cada entre registros judiciales, materiales encontrados y testimonios. Pero lejos de ordenar esos elementos en una verdad cerrada, los hace chocar, evidenciando c\u00f3mo el sentido se construye y se disputa. \u201cNo se limita a reconstruir un hecho sino que pone en crisis las herramientas con las que solemos entenderlo\u201d dijo, y confirma su mantra: volver al cine una forma de pensar m\u00e1s que de explicar.<\/p>\n\n\n\n<figure class=\"wp-block-image size-large is-resized\"><img loading=\"lazy\" decoding=\"async\" width=\"768\" height=\"1024\" src=\"https:\/\/fmradiocultura.com.ar\/site2025\/wp-content\/uploads\/2026\/05\/Lucrecia-Martel_1-768x1024.jpg\" alt=\"\" class=\"wp-image-68804\" style=\"width:190px;height:auto\" srcset=\"https:\/\/fmradiocultura.com.ar\/site2025\/wp-content\/uploads\/2026\/05\/Lucrecia-Martel_1-768x1024.jpg 768w, https:\/\/fmradiocultura.com.ar\/site2025\/wp-content\/uploads\/2026\/05\/Lucrecia-Martel_1-225x300.jpg 225w, https:\/\/fmradiocultura.com.ar\/site2025\/wp-content\/uploads\/2026\/05\/Lucrecia-Martel_1-1152x1536.jpg 1152w, https:\/\/fmradiocultura.com.ar\/site2025\/wp-content\/uploads\/2026\/05\/Lucrecia-Martel_1-1536x2048.jpg 1536w, https:\/\/fmradiocultura.com.ar\/site2025\/wp-content\/uploads\/2026\/05\/Lucrecia-Martel_1-150x200.jpg 150w, https:\/\/fmradiocultura.com.ar\/site2025\/wp-content\/uploads\/2026\/05\/Lucrecia-Martel_1-450x600.jpg 450w, https:\/\/fmradiocultura.com.ar\/site2025\/wp-content\/uploads\/2026\/05\/Lucrecia-Martel_1-1200x1600.jpg 1200w, https:\/\/fmradiocultura.com.ar\/site2025\/wp-content\/uploads\/2026\/05\/Lucrecia-Martel_1-scaled.jpg 1920w\" sizes=\"(max-width: 768px) 100vw, 768px\" \/><\/figure>\n\n\n\n<p><strong>ANTES DEL LUNES<\/strong> <\/p>\n\n\n\n<p>Del 3 al 31 de mayo &#8211; 18 y 20.30 hs<br><strong>CINE YORK<\/strong><br><em>\u00a0(Juan Bautista Alberdi 895, Olivos)<\/em><br>\u00a0<br><em>*Entrada gratuita por orden de llegada*<\/em><\/p>\n","protected":false},"excerpt":{"rendered":"<p>Del 3 al 31 de mayo, el cine York de Olivos, presenta el ciclo Antes del lunes, una retrospectiva integral a la obra de Lucrecia Martel que incluye funciones de su \u00faltimo trabajo titulado Nuestra Tierra. \u00abLo que yo hago es todo mentira\u2026 es un conjunto de estrategias para, justamente, tratar de construir algo que<\/p>\n","protected":false},"author":6,"featured_media":68808,"comment_status":"open","ping_status":"open","sticky":false,"template":"","format":"standard","meta":{"footnotes":""},"categories":[45,166],"tags":[233,2742,2741,2740,2738,2471,2743,2737,2739],"class_list":{"0":"post-68803","1":"post","2":"type-post","3":"status-publish","4":"format-standard","5":"has-post-thumbnail","7":"category-agenda-cultural","8":"category-cine","9":"tag-cine","10":"tag-la-cienaga","11":"tag-la-mujer-sin-cabeza","12":"tag-la-nina-santa","13":"tag-lucrecia-martel","14":"tag-municipalidad-de-vicente-lopez","15":"tag-nuestra-tierra","16":"tag-vicente-lopez","17":"tag-zama"},"yoast_head":"<!-- This site is optimized with the Yoast SEO plugin v27.2 - https:\/\/yoast.com\/product\/yoast-seo-wordpress\/ -->\n<title>Retrospectiva Lucrecia Martel en Vicente L\u00f3pez &#8211; Radio Cultura<\/title>\n<meta name=\"robots\" content=\"noindex, follow, max-snippet:-1, max-image-preview:large, max-video-preview:-1\" \/>\n<meta property=\"og:locale\" content=\"es_ES\" \/>\n<meta property=\"og:type\" content=\"article\" \/>\n<meta property=\"og:title\" content=\"Retrospectiva Lucrecia Martel en Vicente L\u00f3pez &#8211; Radio Cultura\" \/>\n<meta property=\"og:description\" content=\"Del 3 al 31 de mayo, el cine York de Olivos, presenta el ciclo Antes del lunes, una retrospectiva integral a la obra de Lucrecia Martel que incluye funciones de su \u00faltimo trabajo titulado Nuestra Tierra. \u00abLo que yo hago es todo mentira\u2026 es un conjunto de estrategias para, justamente, tratar de construir algo que\" \/>\n<meta property=\"og:url\" content=\"https:\/\/fmradiocultura.com.ar\/site2025\/retrospectiva-lucrecia-martel-en-vicente-lopez\/\" \/>\n<meta property=\"og:site_name\" content=\"Radio Cultura\" \/>\n<meta property=\"article:publisher\" content=\"https:\/\/www.facebook.com\/radioculturaba\/\" \/>\n<meta property=\"article:published_time\" content=\"2026-04-24T22:22:18+00:00\" \/>\n<meta property=\"article:modified_time\" content=\"2026-05-01T22:33:53+00:00\" \/>\n<meta property=\"og:image\" content=\"https:\/\/fmradiocultura.com.ar\/site2025\/wp-content\/uploads\/2026\/05\/Zama_1-scaled.jpg\" \/>\n\t<meta property=\"og:image:width\" content=\"2560\" \/>\n\t<meta property=\"og:image:height\" content=\"1253\" \/>\n\t<meta property=\"og:image:type\" content=\"image\/jpeg\" \/>\n<meta name=\"author\" content=\"Pablo De Vita\" \/>\n<meta name=\"twitter:card\" content=\"summary_large_image\" \/>\n<meta name=\"twitter:creator\" content=\"@radioculturaba\" \/>\n<meta name=\"twitter:site\" content=\"@radioculturaba\" \/>\n<meta name=\"twitter:label1\" content=\"Escrito por\" \/>\n\t<meta name=\"twitter:data1\" content=\"Pablo De Vita\" \/>\n\t<meta name=\"twitter:label2\" content=\"Tiempo de lectura\" \/>\n\t<meta name=\"twitter:data2\" content=\"7 minutos\" \/>\n<script type=\"application\/ld+json\" class=\"yoast-schema-graph\">{\"@context\":\"https:\/\/schema.org\",\"@graph\":[{\"@type\":\"Article\",\"@id\":\"https:\/\/fmradiocultura.com.ar\/site2025\/retrospectiva-lucrecia-martel-en-vicente-lopez\/#article\",\"isPartOf\":{\"@id\":\"https:\/\/fmradiocultura.com.ar\/site2025\/retrospectiva-lucrecia-martel-en-vicente-lopez\/\"},\"author\":{\"name\":\"Pablo De Vita\",\"@id\":\"https:\/\/fmradiocultura.com.ar\/site2025\/#\/schema\/person\/4129cff584253bb9de3d3bd6cbf21d60\"},\"headline\":\"Retrospectiva Lucrecia Martel en Vicente L\u00f3pez\",\"datePublished\":\"2026-04-24T22:22:18+00:00\",\"dateModified\":\"2026-05-01T22:33:53+00:00\",\"mainEntityOfPage\":{\"@id\":\"https:\/\/fmradiocultura.com.ar\/site2025\/retrospectiva-lucrecia-martel-en-vicente-lopez\/\"},\"wordCount\":1073,\"commentCount\":0,\"publisher\":{\"@id\":\"https:\/\/fmradiocultura.com.ar\/site2025\/#organization\"},\"image\":{\"@id\":\"https:\/\/fmradiocultura.com.ar\/site2025\/retrospectiva-lucrecia-martel-en-vicente-lopez\/#primaryimage\"},\"thumbnailUrl\":\"https:\/\/fmradiocultura.com.ar\/site2025\/wp-content\/uploads\/2026\/05\/Zama_1-scaled.jpg\",\"keywords\":[\"Cine\",\"La cienaga\",\"La mujer sin cabeza\",\"La ni\u00f1a santa\",\"Lucrecia Martel\",\"Municipalidad de Vicente Lopez\",\"Nuestra Tierra\",\"vicente Lopez\",\"Zama\"],\"articleSection\":[\"Agenda Cultural\",\"cine\"],\"inLanguage\":\"es\",\"potentialAction\":[{\"@type\":\"CommentAction\",\"name\":\"Comment\",\"target\":[\"https:\/\/fmradiocultura.com.ar\/site2025\/retrospectiva-lucrecia-martel-en-vicente-lopez\/#respond\"]}]},{\"@type\":\"WebPage\",\"@id\":\"https:\/\/fmradiocultura.com.ar\/site2025\/retrospectiva-lucrecia-martel-en-vicente-lopez\/\",\"url\":\"https:\/\/fmradiocultura.com.ar\/site2025\/retrospectiva-lucrecia-martel-en-vicente-lopez\/\",\"name\":\"Retrospectiva Lucrecia Martel en Vicente L\u00f3pez &#8211; Radio Cultura\",\"isPartOf\":{\"@id\":\"https:\/\/fmradiocultura.com.ar\/site2025\/#website\"},\"primaryImageOfPage\":{\"@id\":\"https:\/\/fmradiocultura.com.ar\/site2025\/retrospectiva-lucrecia-martel-en-vicente-lopez\/#primaryimage\"},\"image\":{\"@id\":\"https:\/\/fmradiocultura.com.ar\/site2025\/retrospectiva-lucrecia-martel-en-vicente-lopez\/#primaryimage\"},\"thumbnailUrl\":\"https:\/\/fmradiocultura.com.ar\/site2025\/wp-content\/uploads\/2026\/05\/Zama_1-scaled.jpg\",\"datePublished\":\"2026-04-24T22:22:18+00:00\",\"dateModified\":\"2026-05-01T22:33:53+00:00\",\"breadcrumb\":{\"@id\":\"https:\/\/fmradiocultura.com.ar\/site2025\/retrospectiva-lucrecia-martel-en-vicente-lopez\/#breadcrumb\"},\"inLanguage\":\"es\",\"potentialAction\":[{\"@type\":\"ReadAction\",\"target\":[\"https:\/\/fmradiocultura.com.ar\/site2025\/retrospectiva-lucrecia-martel-en-vicente-lopez\/\"]}]},{\"@type\":\"ImageObject\",\"inLanguage\":\"es\",\"@id\":\"https:\/\/fmradiocultura.com.ar\/site2025\/retrospectiva-lucrecia-martel-en-vicente-lopez\/#primaryimage\",\"url\":\"https:\/\/fmradiocultura.com.ar\/site2025\/wp-content\/uploads\/2026\/05\/Zama_1-scaled.jpg\",\"contentUrl\":\"https:\/\/fmradiocultura.com.ar\/site2025\/wp-content\/uploads\/2026\/05\/Zama_1-scaled.jpg\",\"width\":2560,\"height\":1253},{\"@type\":\"BreadcrumbList\",\"@id\":\"https:\/\/fmradiocultura.com.ar\/site2025\/retrospectiva-lucrecia-martel-en-vicente-lopez\/#breadcrumb\",\"itemListElement\":[{\"@type\":\"ListItem\",\"position\":1,\"name\":\"Portada\",\"item\":\"https:\/\/fmradiocultura.com.ar\/site2025\/\"},{\"@type\":\"ListItem\",\"position\":2,\"name\":\"Retrospectiva Lucrecia Martel en Vicente L\u00f3pez\"}]},{\"@type\":\"WebSite\",\"@id\":\"https:\/\/fmradiocultura.com.ar\/site2025\/#website\",\"url\":\"https:\/\/fmradiocultura.com.ar\/site2025\/\",\"name\":\"Radio Cultura\",\"description\":\"Es un medio independiente que busca difundir arte, cultura y turismo cultural al mundo hispanohablante.\",\"publisher\":{\"@id\":\"https:\/\/fmradiocultura.com.ar\/site2025\/#organization\"},\"alternateName\":\"fmradiocultura.com.ar\",\"potentialAction\":[{\"@type\":\"SearchAction\",\"target\":{\"@type\":\"EntryPoint\",\"urlTemplate\":\"https:\/\/fmradiocultura.com.ar\/site2025\/?s={search_term_string}\"},\"query-input\":{\"@type\":\"PropertyValueSpecification\",\"valueRequired\":true,\"valueName\":\"search_term_string\"}}],\"inLanguage\":\"es\"},{\"@type\":\"Organization\",\"@id\":\"https:\/\/fmradiocultura.com.ar\/site2025\/#organization\",\"name\":\"Radio Cultura\",\"alternateName\":\"fmradiocultura.com.ar\",\"url\":\"https:\/\/fmradiocultura.com.ar\/site2025\/\",\"logo\":{\"@type\":\"ImageObject\",\"inLanguage\":\"es\",\"@id\":\"https:\/\/fmradiocultura.com.ar\/site2025\/#\/schema\/logo\/image\/\",\"url\":\"https:\/\/fmradiocultura.com.ar\/site2025\/wp-content\/uploads\/2025\/06\/Logo-RC-ok-1080x1080-vertical.jpg\",\"contentUrl\":\"https:\/\/fmradiocultura.com.ar\/site2025\/wp-content\/uploads\/2025\/06\/Logo-RC-ok-1080x1080-vertical.jpg\",\"width\":1080,\"height\":1080,\"caption\":\"Radio Cultura\"},\"image\":{\"@id\":\"https:\/\/fmradiocultura.com.ar\/site2025\/#\/schema\/logo\/image\/\"},\"sameAs\":[\"https:\/\/www.facebook.com\/radioculturaba\/\",\"https:\/\/x.com\/radioculturaba\",\"https:\/\/www.instagram.com\/radioculturaba\"]},{\"@type\":\"Person\",\"@id\":\"https:\/\/fmradiocultura.com.ar\/site2025\/#\/schema\/person\/4129cff584253bb9de3d3bd6cbf21d60\",\"name\":\"Pablo De Vita\",\"image\":{\"@type\":\"ImageObject\",\"inLanguage\":\"es\",\"@id\":\"https:\/\/secure.gravatar.com\/avatar\/752f82179b81dcf8cf405efdf12252c6af17c7a982b2f34f4602cef583f8a9fb?s=96&d=mm&r=g\",\"url\":\"https:\/\/secure.gravatar.com\/avatar\/752f82179b81dcf8cf405efdf12252c6af17c7a982b2f34f4602cef583f8a9fb?s=96&d=mm&r=g\",\"contentUrl\":\"https:\/\/secure.gravatar.com\/avatar\/752f82179b81dcf8cf405efdf12252c6af17c7a982b2f34f4602cef583f8a9fb?s=96&d=mm&r=g\",\"caption\":\"Pablo De Vita\"},\"url\":\"https:\/\/fmradiocultura.com.ar\/site2025\/author\/pablodevita\/\"}]}<\/script>\n<!-- \/ Yoast SEO plugin. -->","yoast_head_json":{"title":"Retrospectiva Lucrecia Martel en Vicente L\u00f3pez &#8211; Radio Cultura","robots":{"index":"noindex","follow":"follow","max-snippet":"max-snippet:-1","max-image-preview":"max-image-preview:large","max-video-preview":"max-video-preview:-1"},"og_locale":"es_ES","og_type":"article","og_title":"Retrospectiva Lucrecia Martel en Vicente L\u00f3pez &#8211; Radio Cultura","og_description":"Del 3 al 31 de mayo, el cine York de Olivos, presenta el ciclo Antes del lunes, una retrospectiva integral a la obra de Lucrecia Martel que incluye funciones de su \u00faltimo trabajo titulado Nuestra Tierra. \u00abLo que yo hago es todo mentira\u2026 es un conjunto de estrategias para, justamente, tratar de construir algo que","og_url":"https:\/\/fmradiocultura.com.ar\/site2025\/retrospectiva-lucrecia-martel-en-vicente-lopez\/","og_site_name":"Radio Cultura","article_publisher":"https:\/\/www.facebook.com\/radioculturaba\/","article_published_time":"2026-04-24T22:22:18+00:00","article_modified_time":"2026-05-01T22:33:53+00:00","og_image":[{"width":2560,"height":1253,"url":"https:\/\/fmradiocultura.com.ar\/site2025\/wp-content\/uploads\/2026\/05\/Zama_1-scaled.jpg","type":"image\/jpeg"}],"author":"Pablo De Vita","twitter_card":"summary_large_image","twitter_creator":"@radioculturaba","twitter_site":"@radioculturaba","twitter_misc":{"Escrito por":"Pablo De Vita","Tiempo de lectura":"7 minutos"},"schema":{"@context":"https:\/\/schema.org","@graph":[{"@type":"Article","@id":"https:\/\/fmradiocultura.com.ar\/site2025\/retrospectiva-lucrecia-martel-en-vicente-lopez\/#article","isPartOf":{"@id":"https:\/\/fmradiocultura.com.ar\/site2025\/retrospectiva-lucrecia-martel-en-vicente-lopez\/"},"author":{"name":"Pablo De Vita","@id":"https:\/\/fmradiocultura.com.ar\/site2025\/#\/schema\/person\/4129cff584253bb9de3d3bd6cbf21d60"},"headline":"Retrospectiva Lucrecia Martel en Vicente L\u00f3pez","datePublished":"2026-04-24T22:22:18+00:00","dateModified":"2026-05-01T22:33:53+00:00","mainEntityOfPage":{"@id":"https:\/\/fmradiocultura.com.ar\/site2025\/retrospectiva-lucrecia-martel-en-vicente-lopez\/"},"wordCount":1073,"commentCount":0,"publisher":{"@id":"https:\/\/fmradiocultura.com.ar\/site2025\/#organization"},"image":{"@id":"https:\/\/fmradiocultura.com.ar\/site2025\/retrospectiva-lucrecia-martel-en-vicente-lopez\/#primaryimage"},"thumbnailUrl":"https:\/\/fmradiocultura.com.ar\/site2025\/wp-content\/uploads\/2026\/05\/Zama_1-scaled.jpg","keywords":["Cine","La cienaga","La mujer sin cabeza","La ni\u00f1a santa","Lucrecia Martel","Municipalidad de Vicente Lopez","Nuestra Tierra","vicente Lopez","Zama"],"articleSection":["Agenda Cultural","cine"],"inLanguage":"es","potentialAction":[{"@type":"CommentAction","name":"Comment","target":["https:\/\/fmradiocultura.com.ar\/site2025\/retrospectiva-lucrecia-martel-en-vicente-lopez\/#respond"]}]},{"@type":"WebPage","@id":"https:\/\/fmradiocultura.com.ar\/site2025\/retrospectiva-lucrecia-martel-en-vicente-lopez\/","url":"https:\/\/fmradiocultura.com.ar\/site2025\/retrospectiva-lucrecia-martel-en-vicente-lopez\/","name":"Retrospectiva Lucrecia Martel en Vicente L\u00f3pez &#8211; Radio Cultura","isPartOf":{"@id":"https:\/\/fmradiocultura.com.ar\/site2025\/#website"},"primaryImageOfPage":{"@id":"https:\/\/fmradiocultura.com.ar\/site2025\/retrospectiva-lucrecia-martel-en-vicente-lopez\/#primaryimage"},"image":{"@id":"https:\/\/fmradiocultura.com.ar\/site2025\/retrospectiva-lucrecia-martel-en-vicente-lopez\/#primaryimage"},"thumbnailUrl":"https:\/\/fmradiocultura.com.ar\/site2025\/wp-content\/uploads\/2026\/05\/Zama_1-scaled.jpg","datePublished":"2026-04-24T22:22:18+00:00","dateModified":"2026-05-01T22:33:53+00:00","breadcrumb":{"@id":"https:\/\/fmradiocultura.com.ar\/site2025\/retrospectiva-lucrecia-martel-en-vicente-lopez\/#breadcrumb"},"inLanguage":"es","potentialAction":[{"@type":"ReadAction","target":["https:\/\/fmradiocultura.com.ar\/site2025\/retrospectiva-lucrecia-martel-en-vicente-lopez\/"]}]},{"@type":"ImageObject","inLanguage":"es","@id":"https:\/\/fmradiocultura.com.ar\/site2025\/retrospectiva-lucrecia-martel-en-vicente-lopez\/#primaryimage","url":"https:\/\/fmradiocultura.com.ar\/site2025\/wp-content\/uploads\/2026\/05\/Zama_1-scaled.jpg","contentUrl":"https:\/\/fmradiocultura.com.ar\/site2025\/wp-content\/uploads\/2026\/05\/Zama_1-scaled.jpg","width":2560,"height":1253},{"@type":"BreadcrumbList","@id":"https:\/\/fmradiocultura.com.ar\/site2025\/retrospectiva-lucrecia-martel-en-vicente-lopez\/#breadcrumb","itemListElement":[{"@type":"ListItem","position":1,"name":"Portada","item":"https:\/\/fmradiocultura.com.ar\/site2025\/"},{"@type":"ListItem","position":2,"name":"Retrospectiva Lucrecia Martel en Vicente L\u00f3pez"}]},{"@type":"WebSite","@id":"https:\/\/fmradiocultura.com.ar\/site2025\/#website","url":"https:\/\/fmradiocultura.com.ar\/site2025\/","name":"Radio Cultura","description":"Es un medio independiente que busca difundir arte, cultura y turismo cultural al mundo hispanohablante.","publisher":{"@id":"https:\/\/fmradiocultura.com.ar\/site2025\/#organization"},"alternateName":"fmradiocultura.com.ar","potentialAction":[{"@type":"SearchAction","target":{"@type":"EntryPoint","urlTemplate":"https:\/\/fmradiocultura.com.ar\/site2025\/?s={search_term_string}"},"query-input":{"@type":"PropertyValueSpecification","valueRequired":true,"valueName":"search_term_string"}}],"inLanguage":"es"},{"@type":"Organization","@id":"https:\/\/fmradiocultura.com.ar\/site2025\/#organization","name":"Radio Cultura","alternateName":"fmradiocultura.com.ar","url":"https:\/\/fmradiocultura.com.ar\/site2025\/","logo":{"@type":"ImageObject","inLanguage":"es","@id":"https:\/\/fmradiocultura.com.ar\/site2025\/#\/schema\/logo\/image\/","url":"https:\/\/fmradiocultura.com.ar\/site2025\/wp-content\/uploads\/2025\/06\/Logo-RC-ok-1080x1080-vertical.jpg","contentUrl":"https:\/\/fmradiocultura.com.ar\/site2025\/wp-content\/uploads\/2025\/06\/Logo-RC-ok-1080x1080-vertical.jpg","width":1080,"height":1080,"caption":"Radio Cultura"},"image":{"@id":"https:\/\/fmradiocultura.com.ar\/site2025\/#\/schema\/logo\/image\/"},"sameAs":["https:\/\/www.facebook.com\/radioculturaba\/","https:\/\/x.com\/radioculturaba","https:\/\/www.instagram.com\/radioculturaba"]},{"@type":"Person","@id":"https:\/\/fmradiocultura.com.ar\/site2025\/#\/schema\/person\/4129cff584253bb9de3d3bd6cbf21d60","name":"Pablo De Vita","image":{"@type":"ImageObject","inLanguage":"es","@id":"https:\/\/secure.gravatar.com\/avatar\/752f82179b81dcf8cf405efdf12252c6af17c7a982b2f34f4602cef583f8a9fb?s=96&d=mm&r=g","url":"https:\/\/secure.gravatar.com\/avatar\/752f82179b81dcf8cf405efdf12252c6af17c7a982b2f34f4602cef583f8a9fb?s=96&d=mm&r=g","contentUrl":"https:\/\/secure.gravatar.com\/avatar\/752f82179b81dcf8cf405efdf12252c6af17c7a982b2f34f4602cef583f8a9fb?s=96&d=mm&r=g","caption":"Pablo De Vita"},"url":"https:\/\/fmradiocultura.com.ar\/site2025\/author\/pablodevita\/"}]}},"_links":{"self":[{"href":"https:\/\/fmradiocultura.com.ar\/site2025\/wp-json\/wp\/v2\/posts\/68803","targetHints":{"allow":["GET"]}}],"collection":[{"href":"https:\/\/fmradiocultura.com.ar\/site2025\/wp-json\/wp\/v2\/posts"}],"about":[{"href":"https:\/\/fmradiocultura.com.ar\/site2025\/wp-json\/wp\/v2\/types\/post"}],"author":[{"embeddable":true,"href":"https:\/\/fmradiocultura.com.ar\/site2025\/wp-json\/wp\/v2\/users\/6"}],"replies":[{"embeddable":true,"href":"https:\/\/fmradiocultura.com.ar\/site2025\/wp-json\/wp\/v2\/comments?post=68803"}],"version-history":[{"count":1,"href":"https:\/\/fmradiocultura.com.ar\/site2025\/wp-json\/wp\/v2\/posts\/68803\/revisions"}],"predecessor-version":[{"id":68810,"href":"https:\/\/fmradiocultura.com.ar\/site2025\/wp-json\/wp\/v2\/posts\/68803\/revisions\/68810"}],"wp:featuredmedia":[{"embeddable":true,"href":"https:\/\/fmradiocultura.com.ar\/site2025\/wp-json\/wp\/v2\/media\/68808"}],"wp:attachment":[{"href":"https:\/\/fmradiocultura.com.ar\/site2025\/wp-json\/wp\/v2\/media?parent=68803"}],"wp:term":[{"taxonomy":"category","embeddable":true,"href":"https:\/\/fmradiocultura.com.ar\/site2025\/wp-json\/wp\/v2\/categories?post=68803"},{"taxonomy":"post_tag","embeddable":true,"href":"https:\/\/fmradiocultura.com.ar\/site2025\/wp-json\/wp\/v2\/tags?post=68803"}],"curies":[{"name":"wp","href":"https:\/\/api.w.org\/{rel}","templated":true}]}}