{"id":68787,"date":"2026-04-25T19:03:43","date_gmt":"2026-04-25T22:03:43","guid":{"rendered":"https:\/\/fmradiocultura.com.ar\/site2025\/?p=68787"},"modified":"2026-05-01T19:15:27","modified_gmt":"2026-05-01T22:15:27","slug":"daniel-grinbank-personalidad-de-la-cultura","status":"publish","type":"post","link":"https:\/\/fmradiocultura.com.ar\/site2025\/daniel-grinbank-personalidad-de-la-cultura\/","title":{"rendered":"Daniel Grinbank, personalidad de la cultura"},"content":{"rendered":"\n<p>&nbsp;la Legislatura de la Ciudad distingui\u00f3 a&nbsp;<strong>Daniel Grinbank&nbsp;<\/strong>como&nbsp;<strong>Personalidad Destacada de la Cultura de la Ciudad<\/strong>, en un proyecto presentado por el exlegislador por la Coalici\u00f3n C\u00edvica,&nbsp;<strong>Hern\u00e1n Reyes<\/strong>.<\/p>\n\n\n\n<p>Rodeado por personalidades de la industria cultural, su equipo de trabajo y su familia, se mostr\u00f3 conmovido al recibir la distinci\u00f3n y luego de que se proyectara un video con su inmensa trayectoria, Grinbank dijo:\u201d Confieso que he producido. Afortunadamente puedo compartir este reconocimiento con las personas fundamentales que me acompa\u00f1aron a lo largo de estos a\u00f1os, en este trabajo en el que soy un intermediario entre el talento y el p\u00fablico, y muchos de ellos est\u00e1n en este sal\u00f3n.\u201d<\/p>\n\n\n\n<p>Luego se refiri\u00f3 al momento pol\u00edtico: \u201cVivimos tiempos dif\u00edciles. No me gusta el pa\u00eds que estamos viviendo, ni el mundo que estamos viviendo. No me gusta que hayamos perdido los valores y la empat\u00eda. No me gusta estar envuelto en una sociedad en la que cuando se para una guerra es m\u00e1s importante cuanto pasa a valer el barril de petr\u00f3leo que las vidas humanas que se salvan. Hace poco, cuando mi gobierno en la asamblea de las Naciones Unidas se niega a declarar en contra del peor de los sacrilegios, que es la esclavitud, me doli\u00f3 demasiado, no me gusta estar en ese lado del mundo. Me sorprende c\u00f3mo nos acostumbramos a ese tipo de cosas. Lo pol\u00edtico y lo social siempre estuvo en mi producci\u00f3n, tengo una mirada atenta, quiz\u00e1s todo evolucione de una manera positiva\u201d, expres\u00f3.&nbsp;<\/p>\n\n\n\n<figure class=\"wp-block-image size-large\"><img fetchpriority=\"high\" decoding=\"async\" width=\"1024\" height=\"683\" src=\"https:\/\/fmradiocultura.com.ar\/site2025\/wp-content\/uploads\/2026\/05\/Daniel-_36-1024x683.jpg\" alt=\"\" class=\"wp-image-68790\" srcset=\"https:\/\/fmradiocultura.com.ar\/site2025\/wp-content\/uploads\/2026\/05\/Daniel-_36-1024x683.jpg 1024w, https:\/\/fmradiocultura.com.ar\/site2025\/wp-content\/uploads\/2026\/05\/Daniel-_36-300x200.jpg 300w, https:\/\/fmradiocultura.com.ar\/site2025\/wp-content\/uploads\/2026\/05\/Daniel-_36-768x512.jpg 768w, https:\/\/fmradiocultura.com.ar\/site2025\/wp-content\/uploads\/2026\/05\/Daniel-_36-1536x1024.jpg 1536w, https:\/\/fmradiocultura.com.ar\/site2025\/wp-content\/uploads\/2026\/05\/Daniel-_36-2048x1365.jpg 2048w, https:\/\/fmradiocultura.com.ar\/site2025\/wp-content\/uploads\/2026\/05\/Daniel-_36-150x100.jpg 150w, https:\/\/fmradiocultura.com.ar\/site2025\/wp-content\/uploads\/2026\/05\/Daniel-_36-450x300.jpg 450w, https:\/\/fmradiocultura.com.ar\/site2025\/wp-content\/uploads\/2026\/05\/Daniel-_36-1200x800.jpg 1200w\" sizes=\"(max-width: 1024px) 100vw, 1024px\" \/><\/figure>\n\n\n\n<p>\u201cEn este camino de elegir que decir record\u00e9 una letra de un compositor extraordinario argentino que dice: la cultura es la sonrisa que brilla en todos lados, en un libro, en un ni\u00f1o, en un cine, en un teatro. Solo tengo que invitarla a que me cante un rato. Ese compositor tambi\u00e9n escribi\u00f3 La colina de la vida, es&nbsp;<strong>Le\u00f3n Gieco<\/strong>\u201d.&nbsp;&nbsp;<\/p>\n\n\n\n<p>Gieco subi\u00f3 al escenario y coment\u00f3: \u201cSin haber trabajado directamente con Daniel, quiero decir que en m\u00e1s de una oportunidad me ayud\u00f3 a que compartiera escenario, por ejemplo en Amnesty, con <strong>Peter Gabriel, Sting, Bruce Springsteen,<\/strong> y luego con <strong>Bono<\/strong> y <strong>Roger Waters<\/strong>. Voy a estar siempre agradecido\u201d. Luego cant\u00f3 <em>La colina de la vida, Hombre de hierro, El fantasma de Canterville <\/em>y <em>La cultura es la sonrisa.\u00a0<\/em><\/p>\n\n\n\n<figure class=\"wp-block-image size-large\"><img decoding=\"async\" width=\"1024\" height=\"683\" src=\"https:\/\/fmradiocultura.com.ar\/site2025\/wp-content\/uploads\/2026\/05\/Daniel-_43-1024x683.jpg\" alt=\"\" class=\"wp-image-68791\" srcset=\"https:\/\/fmradiocultura.com.ar\/site2025\/wp-content\/uploads\/2026\/05\/Daniel-_43-1024x683.jpg 1024w, https:\/\/fmradiocultura.com.ar\/site2025\/wp-content\/uploads\/2026\/05\/Daniel-_43-300x200.jpg 300w, https:\/\/fmradiocultura.com.ar\/site2025\/wp-content\/uploads\/2026\/05\/Daniel-_43-768x512.jpg 768w, https:\/\/fmradiocultura.com.ar\/site2025\/wp-content\/uploads\/2026\/05\/Daniel-_43-1536x1024.jpg 1536w, https:\/\/fmradiocultura.com.ar\/site2025\/wp-content\/uploads\/2026\/05\/Daniel-_43-2048x1365.jpg 2048w, https:\/\/fmradiocultura.com.ar\/site2025\/wp-content\/uploads\/2026\/05\/Daniel-_43-150x100.jpg 150w, https:\/\/fmradiocultura.com.ar\/site2025\/wp-content\/uploads\/2026\/05\/Daniel-_43-450x300.jpg 450w, https:\/\/fmradiocultura.com.ar\/site2025\/wp-content\/uploads\/2026\/05\/Daniel-_43-1200x800.jpg 1200w\" sizes=\"(max-width: 1024px) 100vw, 1024px\" \/><\/figure>\n\n\n\n<p>El empresario y tambi\u00e9n productor&nbsp;<strong>Carlos Rottemberg<\/strong>, invitado a compartir el momento, afirm\u00f3: \u201cDaniel es un constructor. Es mucho m\u00e1s que un productor de espect\u00e1culos es tambi\u00e9n un docente, que sigue investigando, aprendiendo, explorando. Es un progresista en el sentido m\u00e1s abarcador del t\u00e9rmino: renovador, avanzado, defensor de las libertades y de la democracia, seg\u00fan lo define el diccionario de la Real Academia\u201d, a\u00f1adi\u00f3.&nbsp;<\/p>\n\n\n\n<p>Rottemberg ley\u00f3 tambi\u00e9n una carta de la Asociaci\u00f3n Argentina de Empresarios Teatrales (AADET) en la que destacan a Grinbank como \u201cun referente fundamental de nuestra entidad y de todo el arte argentino\u201d.<\/p>\n\n\n\n<figure class=\"wp-block-image size-large\"><img decoding=\"async\" width=\"1024\" height=\"683\" src=\"https:\/\/fmradiocultura.com.ar\/site2025\/wp-content\/uploads\/2026\/05\/Daniel-_103-1024x683.jpg\" alt=\"\" class=\"wp-image-68792\" srcset=\"https:\/\/fmradiocultura.com.ar\/site2025\/wp-content\/uploads\/2026\/05\/Daniel-_103-1024x683.jpg 1024w, https:\/\/fmradiocultura.com.ar\/site2025\/wp-content\/uploads\/2026\/05\/Daniel-_103-300x200.jpg 300w, https:\/\/fmradiocultura.com.ar\/site2025\/wp-content\/uploads\/2026\/05\/Daniel-_103-768x512.jpg 768w, https:\/\/fmradiocultura.com.ar\/site2025\/wp-content\/uploads\/2026\/05\/Daniel-_103-1536x1024.jpg 1536w, https:\/\/fmradiocultura.com.ar\/site2025\/wp-content\/uploads\/2026\/05\/Daniel-_103-2048x1365.jpg 2048w, https:\/\/fmradiocultura.com.ar\/site2025\/wp-content\/uploads\/2026\/05\/Daniel-_103-150x100.jpg 150w, https:\/\/fmradiocultura.com.ar\/site2025\/wp-content\/uploads\/2026\/05\/Daniel-_103-450x300.jpg 450w, https:\/\/fmradiocultura.com.ar\/site2025\/wp-content\/uploads\/2026\/05\/Daniel-_103-1200x800.jpg 1200w\" sizes=\"(max-width: 1024px) 100vw, 1024px\" \/><\/figure>\n\n\n\n<p>Por su parte, Reyes agradeci\u00f3 la oportunidad de ser un puente para que la Ciudad de Buenos Aires lo reconozca como personalidad destacada de la cultura. \u201cDaniel fue, es y ser\u00e1 productor, m\u00e1nager, empresario y creador. Pero tambi\u00e9n fue \u2014y sigue siendo\u2014 alguien que ayud\u00f3 a definir, en gran medida, la agenda cultural de nuestra ciudad y de nuestro pa\u00eds durante m\u00e1s de cuarenta a\u00f1os. Eso tiene un valor enorme, lo que hizo fue marcar la vida de much\u00edsima gente. Cambi\u00f3 nuestra manera de vivir la m\u00fasica, el arte, los espect\u00e1culos.\u201d, plante\u00f3 Reyes. \u201cVeo en Daniel una pulsi\u00f3n constante, casi inevitable, por abrir caminos nuevos. Por generar lazos. Por acercar mundos que parec\u00edan lejanos o directamente inalcanzables. Por ir siempre hacia adelante, imaginando experiencias que todav\u00eda no exist\u00edan\u201d, agreg\u00f3.&nbsp;<\/p>\n\n\n\n<figure class=\"wp-block-image size-large\"><img loading=\"lazy\" decoding=\"async\" width=\"1024\" height=\"683\" src=\"https:\/\/fmradiocultura.com.ar\/site2025\/wp-content\/uploads\/2026\/05\/Daniel-_58-1024x683.jpg\" alt=\"\" class=\"wp-image-68789\" srcset=\"https:\/\/fmradiocultura.com.ar\/site2025\/wp-content\/uploads\/2026\/05\/Daniel-_58-1024x683.jpg 1024w, https:\/\/fmradiocultura.com.ar\/site2025\/wp-content\/uploads\/2026\/05\/Daniel-_58-300x200.jpg 300w, https:\/\/fmradiocultura.com.ar\/site2025\/wp-content\/uploads\/2026\/05\/Daniel-_58-768x512.jpg 768w, https:\/\/fmradiocultura.com.ar\/site2025\/wp-content\/uploads\/2026\/05\/Daniel-_58-1536x1024.jpg 1536w, https:\/\/fmradiocultura.com.ar\/site2025\/wp-content\/uploads\/2026\/05\/Daniel-_58-2048x1365.jpg 2048w, https:\/\/fmradiocultura.com.ar\/site2025\/wp-content\/uploads\/2026\/05\/Daniel-_58-150x100.jpg 150w, https:\/\/fmradiocultura.com.ar\/site2025\/wp-content\/uploads\/2026\/05\/Daniel-_58-450x300.jpg 450w, https:\/\/fmradiocultura.com.ar\/site2025\/wp-content\/uploads\/2026\/05\/Daniel-_58-1200x800.jpg 1200w\" sizes=\"(max-width: 1024px) 100vw, 1024px\" \/><\/figure>\n\n\n\n<p>Entre los invitados estuvieron, adem\u00e1s de&nbsp;<strong>Le\u00f3n Gieco, Andrea Pietra, esposa de Grinbank y su hija Ani; Bobby Flores, Nancy Dupla\u00e1, Claudio Kleinman, Fernando Moya, Fernando Marino y Carlos Geniso<\/strong>, entre muchos otros.&nbsp;<\/p>\n\n\n\n<p><strong>Daniel Grinbank<\/strong> es uno de los productores musicales y empresarios m\u00e1s influyentes de la Argentina. Con m\u00e1s de cuatro d\u00e9cadas de trayectoria, fue pionero en la organizaci\u00f3n de conciertos internacionales en el pa\u00eds, acercando a artistas de renombre mundial al p\u00fablico local, y tambi\u00e9n se destac\u00f3 por su compromiso con la producci\u00f3n y el desarrollo de la m\u00fasica nacional. Fundador de empresas clave en la industria del entretenimiento, tuvo adem\u00e1s un rol relevante en la producci\u00f3n teatral y la gesti\u00f3n cultural. Actualmente, adem\u00e1s de sus producciones en m\u00fasica y teatro, se encuentra desarrollando y gestionando el primer centro latinoamericano de innovaci\u00f3n tecnol\u00f3gica aplicado al entretenimiento, un proyecto que articula cultura y vanguardia en el Pabell\u00f3n Frers de La Rural.<\/p>\n\n\n\n<p><strong>Todas las fotos del reconocimiento:<\/strong><\/p>\n\n\n\n<figure class=\"wp-block-image size-large\"><img loading=\"lazy\" decoding=\"async\" width=\"1024\" height=\"683\" src=\"https:\/\/fmradiocultura.com.ar\/site2025\/wp-content\/uploads\/2026\/05\/Daniel-_5-1024x683.jpg\" alt=\"\" class=\"wp-image-68788\" srcset=\"https:\/\/fmradiocultura.com.ar\/site2025\/wp-content\/uploads\/2026\/05\/Daniel-_5-1024x683.jpg 1024w, https:\/\/fmradiocultura.com.ar\/site2025\/wp-content\/uploads\/2026\/05\/Daniel-_5-300x200.jpg 300w, https:\/\/fmradiocultura.com.ar\/site2025\/wp-content\/uploads\/2026\/05\/Daniel-_5-768x512.jpg 768w, https:\/\/fmradiocultura.com.ar\/site2025\/wp-content\/uploads\/2026\/05\/Daniel-_5-1536x1024.jpg 1536w, https:\/\/fmradiocultura.com.ar\/site2025\/wp-content\/uploads\/2026\/05\/Daniel-_5-2048x1365.jpg 2048w, https:\/\/fmradiocultura.com.ar\/site2025\/wp-content\/uploads\/2026\/05\/Daniel-_5-150x100.jpg 150w, https:\/\/fmradiocultura.com.ar\/site2025\/wp-content\/uploads\/2026\/05\/Daniel-_5-450x300.jpg 450w, https:\/\/fmradiocultura.com.ar\/site2025\/wp-content\/uploads\/2026\/05\/Daniel-_5-1200x800.jpg 1200w\" sizes=\"(max-width: 1024px) 100vw, 1024px\" \/><figcaption class=\"wp-element-caption\">Bobby Flores<\/figcaption><\/figure>\n\n\n\n<figure class=\"wp-block-image size-large\"><img loading=\"lazy\" decoding=\"async\" width=\"1024\" height=\"683\" src=\"https:\/\/fmradiocultura.com.ar\/site2025\/wp-content\/uploads\/2026\/05\/Daniel-_54-1024x683.jpg\" alt=\"\" class=\"wp-image-68793\" srcset=\"https:\/\/fmradiocultura.com.ar\/site2025\/wp-content\/uploads\/2026\/05\/Daniel-_54-1024x683.jpg 1024w, https:\/\/fmradiocultura.com.ar\/site2025\/wp-content\/uploads\/2026\/05\/Daniel-_54-300x200.jpg 300w, https:\/\/fmradiocultura.com.ar\/site2025\/wp-content\/uploads\/2026\/05\/Daniel-_54-768x512.jpg 768w, https:\/\/fmradiocultura.com.ar\/site2025\/wp-content\/uploads\/2026\/05\/Daniel-_54-1536x1024.jpg 1536w, https:\/\/fmradiocultura.com.ar\/site2025\/wp-content\/uploads\/2026\/05\/Daniel-_54-2048x1365.jpg 2048w, https:\/\/fmradiocultura.com.ar\/site2025\/wp-content\/uploads\/2026\/05\/Daniel-_54-150x100.jpg 150w, https:\/\/fmradiocultura.com.ar\/site2025\/wp-content\/uploads\/2026\/05\/Daniel-_54-450x300.jpg 450w, https:\/\/fmradiocultura.com.ar\/site2025\/wp-content\/uploads\/2026\/05\/Daniel-_54-1200x800.jpg 1200w\" sizes=\"(max-width: 1024px) 100vw, 1024px\" \/><figcaption class=\"wp-element-caption\">Daniel Grinbank y Le\u00f3n Gieco<\/figcaption><\/figure>\n\n\n\n<figure class=\"wp-block-image size-large\"><img loading=\"lazy\" decoding=\"async\" width=\"1024\" height=\"683\" src=\"https:\/\/fmradiocultura.com.ar\/site2025\/wp-content\/uploads\/2026\/05\/Daniel-_65-1024x683.jpg\" alt=\"\" class=\"wp-image-68794\" srcset=\"https:\/\/fmradiocultura.com.ar\/site2025\/wp-content\/uploads\/2026\/05\/Daniel-_65-1024x683.jpg 1024w, https:\/\/fmradiocultura.com.ar\/site2025\/wp-content\/uploads\/2026\/05\/Daniel-_65-300x200.jpg 300w, https:\/\/fmradiocultura.com.ar\/site2025\/wp-content\/uploads\/2026\/05\/Daniel-_65-768x512.jpg 768w, https:\/\/fmradiocultura.com.ar\/site2025\/wp-content\/uploads\/2026\/05\/Daniel-_65-1536x1024.jpg 1536w, https:\/\/fmradiocultura.com.ar\/site2025\/wp-content\/uploads\/2026\/05\/Daniel-_65-2048x1365.jpg 2048w, https:\/\/fmradiocultura.com.ar\/site2025\/wp-content\/uploads\/2026\/05\/Daniel-_65-150x100.jpg 150w, https:\/\/fmradiocultura.com.ar\/site2025\/wp-content\/uploads\/2026\/05\/Daniel-_65-450x300.jpg 450w, https:\/\/fmradiocultura.com.ar\/site2025\/wp-content\/uploads\/2026\/05\/Daniel-_65-1200x800.jpg 1200w\" sizes=\"(max-width: 1024px) 100vw, 1024px\" \/><figcaption class=\"wp-element-caption\">Andrea Pietra acompa\u00f1ando a su esposo Daniel Grinbank<\/figcaption><\/figure>\n\n\n\n<figure class=\"wp-block-image size-large\"><img loading=\"lazy\" decoding=\"async\" width=\"1024\" height=\"683\" src=\"https:\/\/fmradiocultura.com.ar\/site2025\/wp-content\/uploads\/2026\/05\/Daniel-_83-1024x683.jpg\" alt=\"\" class=\"wp-image-68795\" srcset=\"https:\/\/fmradiocultura.com.ar\/site2025\/wp-content\/uploads\/2026\/05\/Daniel-_83-1024x683.jpg 1024w, https:\/\/fmradiocultura.com.ar\/site2025\/wp-content\/uploads\/2026\/05\/Daniel-_83-300x200.jpg 300w, https:\/\/fmradiocultura.com.ar\/site2025\/wp-content\/uploads\/2026\/05\/Daniel-_83-768x512.jpg 768w, https:\/\/fmradiocultura.com.ar\/site2025\/wp-content\/uploads\/2026\/05\/Daniel-_83-1536x1024.jpg 1536w, https:\/\/fmradiocultura.com.ar\/site2025\/wp-content\/uploads\/2026\/05\/Daniel-_83-2048x1365.jpg 2048w, https:\/\/fmradiocultura.com.ar\/site2025\/wp-content\/uploads\/2026\/05\/Daniel-_83-150x100.jpg 150w, https:\/\/fmradiocultura.com.ar\/site2025\/wp-content\/uploads\/2026\/05\/Daniel-_83-450x300.jpg 450w, https:\/\/fmradiocultura.com.ar\/site2025\/wp-content\/uploads\/2026\/05\/Daniel-_83-1200x800.jpg 1200w\" sizes=\"(max-width: 1024px) 100vw, 1024px\" \/><figcaption class=\"wp-element-caption\">Hern\u00e1n Reyes, autor del proyecto que lo declara Personalidad Destacada de la Cultura<\/figcaption><\/figure>\n\n\n\n<figure class=\"wp-block-image size-large\"><img loading=\"lazy\" decoding=\"async\" width=\"1024\" height=\"683\" src=\"https:\/\/fmradiocultura.com.ar\/site2025\/wp-content\/uploads\/2026\/05\/Daniel-_93-1024x683.jpg\" alt=\"\" class=\"wp-image-68796\" srcset=\"https:\/\/fmradiocultura.com.ar\/site2025\/wp-content\/uploads\/2026\/05\/Daniel-_93-1024x683.jpg 1024w, https:\/\/fmradiocultura.com.ar\/site2025\/wp-content\/uploads\/2026\/05\/Daniel-_93-300x200.jpg 300w, https:\/\/fmradiocultura.com.ar\/site2025\/wp-content\/uploads\/2026\/05\/Daniel-_93-768x512.jpg 768w, https:\/\/fmradiocultura.com.ar\/site2025\/wp-content\/uploads\/2026\/05\/Daniel-_93-1536x1024.jpg 1536w, https:\/\/fmradiocultura.com.ar\/site2025\/wp-content\/uploads\/2026\/05\/Daniel-_93-2048x1365.jpg 2048w, https:\/\/fmradiocultura.com.ar\/site2025\/wp-content\/uploads\/2026\/05\/Daniel-_93-150x100.jpg 150w, https:\/\/fmradiocultura.com.ar\/site2025\/wp-content\/uploads\/2026\/05\/Daniel-_93-450x300.jpg 450w, https:\/\/fmradiocultura.com.ar\/site2025\/wp-content\/uploads\/2026\/05\/Daniel-_93-1200x800.jpg 1200w\" sizes=\"(max-width: 1024px) 100vw, 1024px\" \/><figcaption class=\"wp-element-caption\">El ex-ministro de Cultura de la Ciudad, Enrique Avogadro<\/figcaption><\/figure>\n\n\n\n<figure class=\"wp-block-image size-large\"><img loading=\"lazy\" decoding=\"async\" width=\"1024\" height=\"729\" src=\"https:\/\/fmradiocultura.com.ar\/site2025\/wp-content\/uploads\/2026\/05\/Daniel-_96-1024x729.jpg\" alt=\"\" class=\"wp-image-68797\" srcset=\"https:\/\/fmradiocultura.com.ar\/site2025\/wp-content\/uploads\/2026\/05\/Daniel-_96-1024x729.jpg 1024w, https:\/\/fmradiocultura.com.ar\/site2025\/wp-content\/uploads\/2026\/05\/Daniel-_96-300x214.jpg 300w, https:\/\/fmradiocultura.com.ar\/site2025\/wp-content\/uploads\/2026\/05\/Daniel-_96-768x547.jpg 768w, https:\/\/fmradiocultura.com.ar\/site2025\/wp-content\/uploads\/2026\/05\/Daniel-_96-1536x1094.jpg 1536w, https:\/\/fmradiocultura.com.ar\/site2025\/wp-content\/uploads\/2026\/05\/Daniel-_96-2048x1459.jpg 2048w, https:\/\/fmradiocultura.com.ar\/site2025\/wp-content\/uploads\/2026\/05\/Daniel-_96-150x107.jpg 150w, https:\/\/fmradiocultura.com.ar\/site2025\/wp-content\/uploads\/2026\/05\/Daniel-_96-450x321.jpg 450w, https:\/\/fmradiocultura.com.ar\/site2025\/wp-content\/uploads\/2026\/05\/Daniel-_96-1200x855.jpg 1200w\" sizes=\"(max-width: 1024px) 100vw, 1024px\" \/><figcaption class=\"wp-element-caption\">La actriz Nancy Dupla\u00e1<\/figcaption><\/figure>\n\n\n\n<figure class=\"wp-block-image size-large\"><img loading=\"lazy\" decoding=\"async\" width=\"1024\" height=\"671\" src=\"https:\/\/fmradiocultura.com.ar\/site2025\/wp-content\/uploads\/2026\/05\/Daniel-_117-1024x671.jpg\" alt=\"\" class=\"wp-image-68798\" srcset=\"https:\/\/fmradiocultura.com.ar\/site2025\/wp-content\/uploads\/2026\/05\/Daniel-_117-1024x671.jpg 1024w, https:\/\/fmradiocultura.com.ar\/site2025\/wp-content\/uploads\/2026\/05\/Daniel-_117-300x196.jpg 300w, https:\/\/fmradiocultura.com.ar\/site2025\/wp-content\/uploads\/2026\/05\/Daniel-_117-768x503.jpg 768w, https:\/\/fmradiocultura.com.ar\/site2025\/wp-content\/uploads\/2026\/05\/Daniel-_117-1536x1006.jpg 1536w, https:\/\/fmradiocultura.com.ar\/site2025\/wp-content\/uploads\/2026\/05\/Daniel-_117-2048x1341.jpg 2048w, https:\/\/fmradiocultura.com.ar\/site2025\/wp-content\/uploads\/2026\/05\/Daniel-_117-150x98.jpg 150w, https:\/\/fmradiocultura.com.ar\/site2025\/wp-content\/uploads\/2026\/05\/Daniel-_117-450x295.jpg 450w, https:\/\/fmradiocultura.com.ar\/site2025\/wp-content\/uploads\/2026\/05\/Daniel-_117-1200x786.jpg 1200w\" sizes=\"(max-width: 1024px) 100vw, 1024px\" \/><figcaption class=\"wp-element-caption\">Le\u00f3n Gieco emocion\u00f3 a los presentes<\/figcaption><\/figure>\n\n\n\n<figure class=\"wp-block-image size-large\"><img loading=\"lazy\" decoding=\"async\" width=\"1024\" height=\"704\" src=\"https:\/\/fmradiocultura.com.ar\/site2025\/wp-content\/uploads\/2026\/05\/Daniel-_118-1024x704.jpg\" alt=\"\" class=\"wp-image-68799\" srcset=\"https:\/\/fmradiocultura.com.ar\/site2025\/wp-content\/uploads\/2026\/05\/Daniel-_118-1024x704.jpg 1024w, https:\/\/fmradiocultura.com.ar\/site2025\/wp-content\/uploads\/2026\/05\/Daniel-_118-300x206.jpg 300w, https:\/\/fmradiocultura.com.ar\/site2025\/wp-content\/uploads\/2026\/05\/Daniel-_118-768x528.jpg 768w, https:\/\/fmradiocultura.com.ar\/site2025\/wp-content\/uploads\/2026\/05\/Daniel-_118-1536x1057.jpg 1536w, https:\/\/fmradiocultura.com.ar\/site2025\/wp-content\/uploads\/2026\/05\/Daniel-_118-2048x1409.jpg 2048w, https:\/\/fmradiocultura.com.ar\/site2025\/wp-content\/uploads\/2026\/05\/Daniel-_118-150x103.jpg 150w, https:\/\/fmradiocultura.com.ar\/site2025\/wp-content\/uploads\/2026\/05\/Daniel-_118-450x310.jpg 450w, https:\/\/fmradiocultura.com.ar\/site2025\/wp-content\/uploads\/2026\/05\/Daniel-_118-1200x825.jpg 1200w\" sizes=\"(max-width: 1024px) 100vw, 1024px\" \/><figcaption class=\"wp-element-caption\">El momento de la entrega que lo reconoce como Personalidad Destacada de la Cultura <\/figcaption><\/figure>\n\n\n\n<p><\/p>\n","protected":false},"excerpt":{"rendered":"<p>Redaccion<\/p>\n","protected":false},"author":1,"featured_media":68789,"comment_status":"open","ping_status":"open","sticky":false,"template":"","format":"standard","meta":{"footnotes":""},"categories":[45,133,113],"tags":[2736,2732,56,2734,882,915,2733,2735,918],"class_list":{"0":"post-68787","1":"post","2":"type-post","3":"status-publish","4":"format-standard","5":"has-post-thumbnail","7":"category-agenda-cultural","8":"category-especial","9":"category-musica","10":"tag-bobby-flores","11":"tag-daniel-grinbank","12":"tag-gobierno-de-la-ciudad-de-buenos-aires","13":"tag-hernan-reyes","14":"tag-legislatura-de-la-ciudad","15":"tag-legislatura-portena","16":"tag-leon-gieco","17":"tag-nancy-duplaa","18":"tag-personalidad-destaca"},"yoast_head":"<!-- This site is optimized with the Yoast SEO plugin v27.2 - https:\/\/yoast.com\/product\/yoast-seo-wordpress\/ -->\n<title>Daniel Grinbank, personalidad de la cultura &#8211; Radio Cultura<\/title>\n<meta name=\"robots\" content=\"noindex, follow, max-snippet:-1, max-image-preview:large, max-video-preview:-1\" \/>\n<meta property=\"og:locale\" content=\"es_ES\" \/>\n<meta property=\"og:type\" content=\"article\" \/>\n<meta property=\"og:title\" content=\"Daniel Grinbank, personalidad de la cultura &#8211; Radio Cultura\" \/>\n<meta property=\"og:description\" content=\"Redaccion\" \/>\n<meta property=\"og:url\" content=\"https:\/\/fmradiocultura.com.ar\/site2025\/daniel-grinbank-personalidad-de-la-cultura\/\" \/>\n<meta property=\"og:site_name\" content=\"Radio Cultura\" \/>\n<meta property=\"article:publisher\" content=\"https:\/\/www.facebook.com\/radioculturaba\/\" \/>\n<meta property=\"article:published_time\" content=\"2026-04-25T22:03:43+00:00\" \/>\n<meta property=\"article:modified_time\" content=\"2026-05-01T22:15:27+00:00\" \/>\n<meta property=\"og:image\" content=\"https:\/\/fmradiocultura.com.ar\/site2025\/wp-content\/uploads\/2026\/05\/Daniel-_58-scaled.jpg\" \/>\n\t<meta property=\"og:image:width\" content=\"2560\" \/>\n\t<meta property=\"og:image:height\" content=\"1707\" \/>\n\t<meta property=\"og:image:type\" content=\"image\/jpeg\" \/>\n<meta name=\"author\" content=\"admin\" \/>\n<meta name=\"twitter:card\" content=\"summary_large_image\" \/>\n<meta name=\"twitter:creator\" content=\"@radioculturaba\" \/>\n<meta name=\"twitter:site\" content=\"@radioculturaba\" \/>\n<meta name=\"twitter:label1\" content=\"Escrito por\" \/>\n\t<meta name=\"twitter:data1\" content=\"admin\" \/>\n\t<meta name=\"twitter:label2\" content=\"Tiempo de lectura\" \/>\n\t<meta name=\"twitter:data2\" content=\"7 minutos\" \/>\n<script type=\"application\/ld+json\" class=\"yoast-schema-graph\">{\"@context\":\"https:\/\/schema.org\",\"@graph\":[{\"@type\":\"Article\",\"@id\":\"https:\/\/fmradiocultura.com.ar\/site2025\/daniel-grinbank-personalidad-de-la-cultura\/#article\",\"isPartOf\":{\"@id\":\"https:\/\/fmradiocultura.com.ar\/site2025\/daniel-grinbank-personalidad-de-la-cultura\/\"},\"author\":{\"name\":\"admin\",\"@id\":\"https:\/\/fmradiocultura.com.ar\/site2025\/#\/schema\/person\/baa38bd454d22defa5da7706b8366cfa\"},\"headline\":\"Daniel Grinbank, personalidad de la cultura\",\"datePublished\":\"2026-04-25T22:03:43+00:00\",\"dateModified\":\"2026-05-01T22:15:27+00:00\",\"mainEntityOfPage\":{\"@id\":\"https:\/\/fmradiocultura.com.ar\/site2025\/daniel-grinbank-personalidad-de-la-cultura\/\"},\"wordCount\":910,\"commentCount\":0,\"publisher\":{\"@id\":\"https:\/\/fmradiocultura.com.ar\/site2025\/#organization\"},\"image\":{\"@id\":\"https:\/\/fmradiocultura.com.ar\/site2025\/daniel-grinbank-personalidad-de-la-cultura\/#primaryimage\"},\"thumbnailUrl\":\"https:\/\/fmradiocultura.com.ar\/site2025\/wp-content\/uploads\/2026\/05\/Daniel-_58-scaled.jpg\",\"keywords\":[\"Bobby Flores\",\"Daniel Grinbank\",\"Gobierno de la Ciudad de Buenos Aires\",\"Hernan Reyes\",\"Legislatura de la Ciudad\",\"Legislatura Porte\u00f1a\",\"Leon Gieco\",\"nancy Dupla\u00e1\",\"personalidad destaca\"],\"articleSection\":[\"Agenda Cultural\",\"Especial\",\"M\u00fasica\"],\"inLanguage\":\"es\",\"potentialAction\":[{\"@type\":\"CommentAction\",\"name\":\"Comment\",\"target\":[\"https:\/\/fmradiocultura.com.ar\/site2025\/daniel-grinbank-personalidad-de-la-cultura\/#respond\"]}]},{\"@type\":\"WebPage\",\"@id\":\"https:\/\/fmradiocultura.com.ar\/site2025\/daniel-grinbank-personalidad-de-la-cultura\/\",\"url\":\"https:\/\/fmradiocultura.com.ar\/site2025\/daniel-grinbank-personalidad-de-la-cultura\/\",\"name\":\"Daniel Grinbank, personalidad de la cultura &#8211; Radio Cultura\",\"isPartOf\":{\"@id\":\"https:\/\/fmradiocultura.com.ar\/site2025\/#website\"},\"primaryImageOfPage\":{\"@id\":\"https:\/\/fmradiocultura.com.ar\/site2025\/daniel-grinbank-personalidad-de-la-cultura\/#primaryimage\"},\"image\":{\"@id\":\"https:\/\/fmradiocultura.com.ar\/site2025\/daniel-grinbank-personalidad-de-la-cultura\/#primaryimage\"},\"thumbnailUrl\":\"https:\/\/fmradiocultura.com.ar\/site2025\/wp-content\/uploads\/2026\/05\/Daniel-_58-scaled.jpg\",\"datePublished\":\"2026-04-25T22:03:43+00:00\",\"dateModified\":\"2026-05-01T22:15:27+00:00\",\"breadcrumb\":{\"@id\":\"https:\/\/fmradiocultura.com.ar\/site2025\/daniel-grinbank-personalidad-de-la-cultura\/#breadcrumb\"},\"inLanguage\":\"es\",\"potentialAction\":[{\"@type\":\"ReadAction\",\"target\":[\"https:\/\/fmradiocultura.com.ar\/site2025\/daniel-grinbank-personalidad-de-la-cultura\/\"]}]},{\"@type\":\"ImageObject\",\"inLanguage\":\"es\",\"@id\":\"https:\/\/fmradiocultura.com.ar\/site2025\/daniel-grinbank-personalidad-de-la-cultura\/#primaryimage\",\"url\":\"https:\/\/fmradiocultura.com.ar\/site2025\/wp-content\/uploads\/2026\/05\/Daniel-_58-scaled.jpg\",\"contentUrl\":\"https:\/\/fmradiocultura.com.ar\/site2025\/wp-content\/uploads\/2026\/05\/Daniel-_58-scaled.jpg\",\"width\":2560,\"height\":1707},{\"@type\":\"BreadcrumbList\",\"@id\":\"https:\/\/fmradiocultura.com.ar\/site2025\/daniel-grinbank-personalidad-de-la-cultura\/#breadcrumb\",\"itemListElement\":[{\"@type\":\"ListItem\",\"position\":1,\"name\":\"Portada\",\"item\":\"https:\/\/fmradiocultura.com.ar\/site2025\/\"},{\"@type\":\"ListItem\",\"position\":2,\"name\":\"Daniel Grinbank, personalidad de la cultura\"}]},{\"@type\":\"WebSite\",\"@id\":\"https:\/\/fmradiocultura.com.ar\/site2025\/#website\",\"url\":\"https:\/\/fmradiocultura.com.ar\/site2025\/\",\"name\":\"Radio Cultura\",\"description\":\"Es un medio independiente que busca difundir arte, cultura y turismo cultural al mundo hispanohablante.\",\"publisher\":{\"@id\":\"https:\/\/fmradiocultura.com.ar\/site2025\/#organization\"},\"alternateName\":\"fmradiocultura.com.ar\",\"potentialAction\":[{\"@type\":\"SearchAction\",\"target\":{\"@type\":\"EntryPoint\",\"urlTemplate\":\"https:\/\/fmradiocultura.com.ar\/site2025\/?s={search_term_string}\"},\"query-input\":{\"@type\":\"PropertyValueSpecification\",\"valueRequired\":true,\"valueName\":\"search_term_string\"}}],\"inLanguage\":\"es\"},{\"@type\":\"Organization\",\"@id\":\"https:\/\/fmradiocultura.com.ar\/site2025\/#organization\",\"name\":\"Radio Cultura\",\"alternateName\":\"fmradiocultura.com.ar\",\"url\":\"https:\/\/fmradiocultura.com.ar\/site2025\/\",\"logo\":{\"@type\":\"ImageObject\",\"inLanguage\":\"es\",\"@id\":\"https:\/\/fmradiocultura.com.ar\/site2025\/#\/schema\/logo\/image\/\",\"url\":\"https:\/\/fmradiocultura.com.ar\/site2025\/wp-content\/uploads\/2025\/06\/Logo-RC-ok-1080x1080-vertical.jpg\",\"contentUrl\":\"https:\/\/fmradiocultura.com.ar\/site2025\/wp-content\/uploads\/2025\/06\/Logo-RC-ok-1080x1080-vertical.jpg\",\"width\":1080,\"height\":1080,\"caption\":\"Radio Cultura\"},\"image\":{\"@id\":\"https:\/\/fmradiocultura.com.ar\/site2025\/#\/schema\/logo\/image\/\"},\"sameAs\":[\"https:\/\/www.facebook.com\/radioculturaba\/\",\"https:\/\/x.com\/radioculturaba\",\"https:\/\/www.instagram.com\/radioculturaba\"]},{\"@type\":\"Person\",\"@id\":\"https:\/\/fmradiocultura.com.ar\/site2025\/#\/schema\/person\/baa38bd454d22defa5da7706b8366cfa\",\"name\":\"admin\",\"image\":{\"@type\":\"ImageObject\",\"inLanguage\":\"es\",\"@id\":\"https:\/\/secure.gravatar.com\/avatar\/f4379c2bdece04b666f93232376bb7ece517354075f066c3cbb0cd9b3af2da2b?s=96&d=mm&r=g\",\"url\":\"https:\/\/secure.gravatar.com\/avatar\/f4379c2bdece04b666f93232376bb7ece517354075f066c3cbb0cd9b3af2da2b?s=96&d=mm&r=g\",\"contentUrl\":\"https:\/\/secure.gravatar.com\/avatar\/f4379c2bdece04b666f93232376bb7ece517354075f066c3cbb0cd9b3af2da2b?s=96&d=mm&r=g\",\"caption\":\"admin\"},\"sameAs\":[\"https:\/\/fmradiocultura.com.ar\/site2025\"],\"url\":\"https:\/\/fmradiocultura.com.ar\/site2025\/author\/admin\/\"}]}<\/script>\n<!-- \/ Yoast SEO plugin. -->","yoast_head_json":{"title":"Daniel Grinbank, personalidad de la cultura &#8211; Radio Cultura","robots":{"index":"noindex","follow":"follow","max-snippet":"max-snippet:-1","max-image-preview":"max-image-preview:large","max-video-preview":"max-video-preview:-1"},"og_locale":"es_ES","og_type":"article","og_title":"Daniel Grinbank, personalidad de la cultura &#8211; Radio Cultura","og_description":"Redaccion","og_url":"https:\/\/fmradiocultura.com.ar\/site2025\/daniel-grinbank-personalidad-de-la-cultura\/","og_site_name":"Radio Cultura","article_publisher":"https:\/\/www.facebook.com\/radioculturaba\/","article_published_time":"2026-04-25T22:03:43+00:00","article_modified_time":"2026-05-01T22:15:27+00:00","og_image":[{"width":2560,"height":1707,"url":"https:\/\/fmradiocultura.com.ar\/site2025\/wp-content\/uploads\/2026\/05\/Daniel-_58-scaled.jpg","type":"image\/jpeg"}],"author":"admin","twitter_card":"summary_large_image","twitter_creator":"@radioculturaba","twitter_site":"@radioculturaba","twitter_misc":{"Escrito por":"admin","Tiempo de lectura":"7 minutos"},"schema":{"@context":"https:\/\/schema.org","@graph":[{"@type":"Article","@id":"https:\/\/fmradiocultura.com.ar\/site2025\/daniel-grinbank-personalidad-de-la-cultura\/#article","isPartOf":{"@id":"https:\/\/fmradiocultura.com.ar\/site2025\/daniel-grinbank-personalidad-de-la-cultura\/"},"author":{"name":"admin","@id":"https:\/\/fmradiocultura.com.ar\/site2025\/#\/schema\/person\/baa38bd454d22defa5da7706b8366cfa"},"headline":"Daniel Grinbank, personalidad de la cultura","datePublished":"2026-04-25T22:03:43+00:00","dateModified":"2026-05-01T22:15:27+00:00","mainEntityOfPage":{"@id":"https:\/\/fmradiocultura.com.ar\/site2025\/daniel-grinbank-personalidad-de-la-cultura\/"},"wordCount":910,"commentCount":0,"publisher":{"@id":"https:\/\/fmradiocultura.com.ar\/site2025\/#organization"},"image":{"@id":"https:\/\/fmradiocultura.com.ar\/site2025\/daniel-grinbank-personalidad-de-la-cultura\/#primaryimage"},"thumbnailUrl":"https:\/\/fmradiocultura.com.ar\/site2025\/wp-content\/uploads\/2026\/05\/Daniel-_58-scaled.jpg","keywords":["Bobby Flores","Daniel Grinbank","Gobierno de la Ciudad de Buenos Aires","Hernan Reyes","Legislatura de la Ciudad","Legislatura Porte\u00f1a","Leon Gieco","nancy Dupla\u00e1","personalidad destaca"],"articleSection":["Agenda Cultural","Especial","M\u00fasica"],"inLanguage":"es","potentialAction":[{"@type":"CommentAction","name":"Comment","target":["https:\/\/fmradiocultura.com.ar\/site2025\/daniel-grinbank-personalidad-de-la-cultura\/#respond"]}]},{"@type":"WebPage","@id":"https:\/\/fmradiocultura.com.ar\/site2025\/daniel-grinbank-personalidad-de-la-cultura\/","url":"https:\/\/fmradiocultura.com.ar\/site2025\/daniel-grinbank-personalidad-de-la-cultura\/","name":"Daniel Grinbank, personalidad de la cultura &#8211; Radio Cultura","isPartOf":{"@id":"https:\/\/fmradiocultura.com.ar\/site2025\/#website"},"primaryImageOfPage":{"@id":"https:\/\/fmradiocultura.com.ar\/site2025\/daniel-grinbank-personalidad-de-la-cultura\/#primaryimage"},"image":{"@id":"https:\/\/fmradiocultura.com.ar\/site2025\/daniel-grinbank-personalidad-de-la-cultura\/#primaryimage"},"thumbnailUrl":"https:\/\/fmradiocultura.com.ar\/site2025\/wp-content\/uploads\/2026\/05\/Daniel-_58-scaled.jpg","datePublished":"2026-04-25T22:03:43+00:00","dateModified":"2026-05-01T22:15:27+00:00","breadcrumb":{"@id":"https:\/\/fmradiocultura.com.ar\/site2025\/daniel-grinbank-personalidad-de-la-cultura\/#breadcrumb"},"inLanguage":"es","potentialAction":[{"@type":"ReadAction","target":["https:\/\/fmradiocultura.com.ar\/site2025\/daniel-grinbank-personalidad-de-la-cultura\/"]}]},{"@type":"ImageObject","inLanguage":"es","@id":"https:\/\/fmradiocultura.com.ar\/site2025\/daniel-grinbank-personalidad-de-la-cultura\/#primaryimage","url":"https:\/\/fmradiocultura.com.ar\/site2025\/wp-content\/uploads\/2026\/05\/Daniel-_58-scaled.jpg","contentUrl":"https:\/\/fmradiocultura.com.ar\/site2025\/wp-content\/uploads\/2026\/05\/Daniel-_58-scaled.jpg","width":2560,"height":1707},{"@type":"BreadcrumbList","@id":"https:\/\/fmradiocultura.com.ar\/site2025\/daniel-grinbank-personalidad-de-la-cultura\/#breadcrumb","itemListElement":[{"@type":"ListItem","position":1,"name":"Portada","item":"https:\/\/fmradiocultura.com.ar\/site2025\/"},{"@type":"ListItem","position":2,"name":"Daniel Grinbank, personalidad de la cultura"}]},{"@type":"WebSite","@id":"https:\/\/fmradiocultura.com.ar\/site2025\/#website","url":"https:\/\/fmradiocultura.com.ar\/site2025\/","name":"Radio Cultura","description":"Es un medio independiente que busca difundir arte, cultura y turismo cultural al mundo hispanohablante.","publisher":{"@id":"https:\/\/fmradiocultura.com.ar\/site2025\/#organization"},"alternateName":"fmradiocultura.com.ar","potentialAction":[{"@type":"SearchAction","target":{"@type":"EntryPoint","urlTemplate":"https:\/\/fmradiocultura.com.ar\/site2025\/?s={search_term_string}"},"query-input":{"@type":"PropertyValueSpecification","valueRequired":true,"valueName":"search_term_string"}}],"inLanguage":"es"},{"@type":"Organization","@id":"https:\/\/fmradiocultura.com.ar\/site2025\/#organization","name":"Radio Cultura","alternateName":"fmradiocultura.com.ar","url":"https:\/\/fmradiocultura.com.ar\/site2025\/","logo":{"@type":"ImageObject","inLanguage":"es","@id":"https:\/\/fmradiocultura.com.ar\/site2025\/#\/schema\/logo\/image\/","url":"https:\/\/fmradiocultura.com.ar\/site2025\/wp-content\/uploads\/2025\/06\/Logo-RC-ok-1080x1080-vertical.jpg","contentUrl":"https:\/\/fmradiocultura.com.ar\/site2025\/wp-content\/uploads\/2025\/06\/Logo-RC-ok-1080x1080-vertical.jpg","width":1080,"height":1080,"caption":"Radio Cultura"},"image":{"@id":"https:\/\/fmradiocultura.com.ar\/site2025\/#\/schema\/logo\/image\/"},"sameAs":["https:\/\/www.facebook.com\/radioculturaba\/","https:\/\/x.com\/radioculturaba","https:\/\/www.instagram.com\/radioculturaba"]},{"@type":"Person","@id":"https:\/\/fmradiocultura.com.ar\/site2025\/#\/schema\/person\/baa38bd454d22defa5da7706b8366cfa","name":"admin","image":{"@type":"ImageObject","inLanguage":"es","@id":"https:\/\/secure.gravatar.com\/avatar\/f4379c2bdece04b666f93232376bb7ece517354075f066c3cbb0cd9b3af2da2b?s=96&d=mm&r=g","url":"https:\/\/secure.gravatar.com\/avatar\/f4379c2bdece04b666f93232376bb7ece517354075f066c3cbb0cd9b3af2da2b?s=96&d=mm&r=g","contentUrl":"https:\/\/secure.gravatar.com\/avatar\/f4379c2bdece04b666f93232376bb7ece517354075f066c3cbb0cd9b3af2da2b?s=96&d=mm&r=g","caption":"admin"},"sameAs":["https:\/\/fmradiocultura.com.ar\/site2025"],"url":"https:\/\/fmradiocultura.com.ar\/site2025\/author\/admin\/"}]}},"_links":{"self":[{"href":"https:\/\/fmradiocultura.com.ar\/site2025\/wp-json\/wp\/v2\/posts\/68787","targetHints":{"allow":["GET"]}}],"collection":[{"href":"https:\/\/fmradiocultura.com.ar\/site2025\/wp-json\/wp\/v2\/posts"}],"about":[{"href":"https:\/\/fmradiocultura.com.ar\/site2025\/wp-json\/wp\/v2\/types\/post"}],"author":[{"embeddable":true,"href":"https:\/\/fmradiocultura.com.ar\/site2025\/wp-json\/wp\/v2\/users\/1"}],"replies":[{"embeddable":true,"href":"https:\/\/fmradiocultura.com.ar\/site2025\/wp-json\/wp\/v2\/comments?post=68787"}],"version-history":[{"count":2,"href":"https:\/\/fmradiocultura.com.ar\/site2025\/wp-json\/wp\/v2\/posts\/68787\/revisions"}],"predecessor-version":[{"id":68801,"href":"https:\/\/fmradiocultura.com.ar\/site2025\/wp-json\/wp\/v2\/posts\/68787\/revisions\/68801"}],"wp:featuredmedia":[{"embeddable":true,"href":"https:\/\/fmradiocultura.com.ar\/site2025\/wp-json\/wp\/v2\/media\/68789"}],"wp:attachment":[{"href":"https:\/\/fmradiocultura.com.ar\/site2025\/wp-json\/wp\/v2\/media?parent=68787"}],"wp:term":[{"taxonomy":"category","embeddable":true,"href":"https:\/\/fmradiocultura.com.ar\/site2025\/wp-json\/wp\/v2\/categories?post=68787"},{"taxonomy":"post_tag","embeddable":true,"href":"https:\/\/fmradiocultura.com.ar\/site2025\/wp-json\/wp\/v2\/tags?post=68787"}],"curies":[{"name":"wp","href":"https:\/\/api.w.org\/{rel}","templated":true}]}}