{"id":68764,"date":"2026-04-30T18:10:44","date_gmt":"2026-04-30T21:10:44","guid":{"rendered":"https:\/\/fmradiocultura.com.ar\/site2025\/?p=68764"},"modified":"2026-05-01T18:43:13","modified_gmt":"2026-05-01T21:43:13","slug":"el-diablo-viste-a-la-moda-2-es-un-exito-asi-fue-su-premiere-en-londres","status":"publish","type":"post","link":"https:\/\/fmradiocultura.com.ar\/site2025\/el-diablo-viste-a-la-moda-2-es-un-exito-asi-fue-su-premiere-en-londres\/","title":{"rendered":"El diablo viste a la moda 2 es un \u00e9xito, as\u00ed fue su premiere en Londres"},"content":{"rendered":"\n<p>Con su llegada a los cines de todo el mundo, el estreno de la pel\u00edcula es todo un \u00e9xito incluso en la Argentina donde las salas est\u00e1n a tope. D\u00edas atr\u00e1s del estreno, el&nbsp;elenco y los realizadores&nbsp;de&nbsp;<strong><em> El diablo viste a la moda 2&nbsp;<\/em><\/strong>estuvieron presentes&nbsp;en&nbsp;la&nbsp;premiere&nbsp;europea de la pel\u00edcula en la ciudad de&nbsp;Londres. <strong>Meryl Streep, Anne Hathaway, Emily<em>&nbsp;<\/em>Blunt, Stanley Tucci, Kenneth&nbsp;Branagh, Simone&nbsp;Ashley, Caleb&nbsp;Hearon<\/strong>, el director <strong>David&nbsp;Frankel<\/strong>, la guionista y productora ejecutiva&nbsp;Aline&nbsp;<strong>Brosh&nbsp;McKenna<\/strong>, la productora <strong>Wendy&nbsp;Finerman<\/strong>, la dise\u00f1adora de vestuario <strong>Molly Rogers<\/strong> y varios invitados especiales, entre ellos <strong>Donatella Versace<\/strong>, asistieron al evento de celebraci\u00f3n en el&nbsp;Cineworld&nbsp;Leicester Square y el&nbsp;Vue&nbsp;West&nbsp;End&nbsp;en Londres.<\/p>\n\n\n\n<p>Luego&nbsp;de las proyecciones, el reparto y&nbsp;los realizadores&nbsp;posaron para las fotos en las emblem\u00e1ticas escaleras de Trafalgar Square, frente a la&nbsp;National&nbsp;Gallery,&nbsp;antes&nbsp;de dirigirse al interior de&nbsp;la locaci\u00f3n&nbsp;para un evento especial titulado&nbsp;<em>A&nbsp;Night&nbsp;with&nbsp;Runway,<\/em>&nbsp;en&nbsp;el que se presentaron&nbsp;looks&nbsp;especiales inspirados en la pel\u00edcula, creados por los mejores dise\u00f1adores de moda brit\u00e1nicos.&nbsp;<strong><em>El diablo viste a la moda 2<\/em><\/strong>, de 20th Century&nbsp;Studios, se estren\u00f3 en exclusiva en los cines el&nbsp;30 de abril.<\/p>\n\n\n\n<p>Casi 20 a\u00f1os despu\u00e9s de interpretar a los ic\u00f3nicos personajes de Miranda, Andy, Emily y Nigel, <strong>Meryl Streep, Anne Hathaway, Emily&nbsp;Blunt<\/strong>&nbsp;y <strong>Stanley Tucci <\/strong>regresan a las elegantes calles de Nueva York y a las sofisticadas oficinas de la revista&nbsp;<em>Runway<\/em>&nbsp;en la esperada secuela del fen\u00f3meno de 2006 que defini\u00f3 a toda una generaci\u00f3n.&nbsp;La pel\u00edcula re\u00fane al reparto principal original con el director <strong>David&nbsp;Frankel&nbsp;<\/strong>y la guionista <strong>Aline&nbsp;Brosh&nbsp;McKenna.<\/strong>&nbsp;&nbsp;<\/p>\n\n\n\n<p>A dos d\u00e9cadas del fen\u00f3meno cultural en que se convirti\u00f3 el\u00a0primer\u00a0film,\u00a0<strong><em>El diablo viste a la moda 2 <\/em><\/strong>hace su entrada triunfal\u00a0de la mano del mismo equipo creativo detr\u00e1s de la primera pel\u00edcula, regalando a los fans\u00a0nuevas\u00a0frases\u00a0memorables\u00a0y\u00a0mucha moda. El elenco y el equipo creativo coinciden: la secuela m\u00e1s esperada lleg\u00f3 cuando ten\u00eda que llegar. <strong>David\u00a0Frankel<\/strong>, director de la pel\u00edcula original y de la nueva entrega, sostiene que fueron los cambios sucedidos en el mundo del periodismo impreso durante los \u00faltimos a\u00f1os los que prepararon el terreno para la continuaci\u00f3n de la historia.\u00a0\u201c<em>A medida que vimos c\u00f3mo el periodismo impreso segu\u00eda en declive a\u00f1o tras a\u00f1o, empez\u00f3 a tener sentido explorar ese cambio y desarrollar una historia en la que estos personajes volvieran a interactuar\u201d<\/em>, explica, al tiempo que\u00a0la actriz Meryl Streep agrega:\u00a0\u201c<em>El negocio pr\u00e1cticamente se desvaneci\u00f3, y todos est\u00e1n tratando de ver c\u00f3mo hacer para hacerlo funcionar. Y es en ese contexto donde surge la tensi\u00f3n y surge la trama, y donde pasan a primer plano todas las cosas que la gente tiene que hacer para mantener el barco a flote en tiempos turbulentos<\/em>\u201d. Con respecto al reencuentro con los personajes principales en este contexto,\u00a0Frankel\u00a0comenta: \u201c<em>La cuesti\u00f3n de c\u00f3mo Miranda\u00a0Priestly\u00a0enfrentar\u00eda el declive de su imperio nos result\u00f3 fascinante. Y en el caso de Andy Sachs, si la primera pel\u00edcula era\u00a0una historia\u00a0de\u00a0aprendizaje en la que una joven descubre su lugar en el mundo, la secuela trata sobre una mujer madura que enfrenta la realidad de todas las decisiones que tom\u00f3 en su vida<\/em>\u201d.<\/p>\n\n\n\n<p>La realizaci\u00f3n de la secuela depend\u00eda de una buena trama, pero hab\u00eda una pieza clave para que se convirtiera en realidad: <strong>Meryl Streep<\/strong>.\u00a0Seg\u00fan\u00a0Frankel, no hab\u00eda posibilidad de avanzar con una secuela sin ella. Gracias a una serie de eventos de los \u00faltimos a\u00f1os que llevaron a la legendaria actriz a volver a ver la pel\u00edcula original y a reencontrarse con Hathaway, la guionista<strong>\u00a0Aline\u00a0Brosh\u00a0McKenna<\/strong>\u00a0y\u00a0Frankel, la idea de la secuela comenz\u00f3 a tomar forma.\u00a0<\/p>\n\n\n\n<p>Una vez confirmada para el proyecto, Streep convers\u00f3 extensamente con<strong>\u00a0Brosh\u00a0McKenna<\/strong>\u00a0sobre el camino que habr\u00eda recorrido Miranda\u00a0Priestly\u00a0en estos \u00faltimos veinte a\u00f1os. Cuenta la guionista: \u201c<em>Fue muy emocionante simplemente sentarme a conversar nuevamente con Meryl. Hablamos durante unas cuatro o cinco horas despu\u00e9s de que le envi\u00e9 el primer borrador, y fue muy interesante hablar con ella. Tiene grandes preguntas, grandes ideas y es una colaboradora fant\u00e1stica\u201d.<\/em><\/p>\n\n\n\n<p>\u201c<em>Lo que hace \u00fanica y especial a esta secuela es que no surgi\u00f3 porque el estudio nos la pidiera. Naci\u00f3 del deseo de los creadores de la pel\u00edcula original de volver a este material. As\u00ed que tuvimos la oportunidad de desarrollarla por nuestra cuenta y definir qu\u00e9 nos importaba, qu\u00e9 nos gustaba y qu\u00e9 nos resultaba interesante<\/em>\u201d, cuenta\u00a0<strong>Brosh\u00a0McKenna<\/strong>. En ese proceso, la guionista y el director hicieron foco en el tema central de la nueva historia: el cambio. \u201c<em>Las historias que nos interesan tratan sobre los seres humanos y lo que atraviesan cuando sus circunstancias cambian o cuando el mundo cambia a su alrededor<\/em>\u201d, comenta la guionista, al tiempo que\u00a0Frankel\u00a0agrega: \u201c<em>El cambio es algo que todos experimentamos en nuestra carrera profesional, y la forma en que lo afrontamos est\u00e1 muy presente; es algo que todos nuestros personajes deben atravesar<\/em>\u201d, se\u00f1ala.\u00a0En este sentido,\u00a0y\u00a0en el marco de un contexto muy diferente al de comienzos de los 2000.<\/p>\n\n\n\n<p><strong>Todas las fotos de la avant premiere en Londres<\/strong><\/p>\n\n\n<div class=\"wp-block-image\">\n<figure class=\"aligncenter size-large is-resized\"><img fetchpriority=\"high\" decoding=\"async\" width=\"771\" height=\"1024\" src=\"https:\/\/fmradiocultura.com.ar\/site2025\/wp-content\/uploads\/2026\/05\/Tiziano.raw-7D5A2202-771x1024.jpg\" alt=\"\" class=\"wp-image-68765\" style=\"width:780px;height:auto\" srcset=\"https:\/\/fmradiocultura.com.ar\/site2025\/wp-content\/uploads\/2026\/05\/Tiziano.raw-7D5A2202-771x1024.jpg 771w, https:\/\/fmradiocultura.com.ar\/site2025\/wp-content\/uploads\/2026\/05\/Tiziano.raw-7D5A2202-226x300.jpg 226w, https:\/\/fmradiocultura.com.ar\/site2025\/wp-content\/uploads\/2026\/05\/Tiziano.raw-7D5A2202-768x1020.jpg 768w, https:\/\/fmradiocultura.com.ar\/site2025\/wp-content\/uploads\/2026\/05\/Tiziano.raw-7D5A2202-1157x1536.jpg 1157w, https:\/\/fmradiocultura.com.ar\/site2025\/wp-content\/uploads\/2026\/05\/Tiziano.raw-7D5A2202-1543x2048.jpg 1543w, https:\/\/fmradiocultura.com.ar\/site2025\/wp-content\/uploads\/2026\/05\/Tiziano.raw-7D5A2202-150x199.jpg 150w, https:\/\/fmradiocultura.com.ar\/site2025\/wp-content\/uploads\/2026\/05\/Tiziano.raw-7D5A2202-450x597.jpg 450w, https:\/\/fmradiocultura.com.ar\/site2025\/wp-content\/uploads\/2026\/05\/Tiziano.raw-7D5A2202-1200x1593.jpg 1200w, https:\/\/fmradiocultura.com.ar\/site2025\/wp-content\/uploads\/2026\/05\/Tiziano.raw-7D5A2202-scaled.jpg 1928w\" sizes=\"(max-width: 771px) 100vw, 771px\" \/><figcaption class=\"wp-element-caption\">Premiere Europea de El diablo viste a la moda 2 (foto: Tiziano Da Silva)<\/figcaption><\/figure>\n<\/div>\n\n\n<figure class=\"wp-block-image size-large is-resized\"><img decoding=\"async\" width=\"769\" height=\"1024\" src=\"https:\/\/fmradiocultura.com.ar\/site2025\/wp-content\/uploads\/2026\/05\/Tiziano.raw-0C5A3579-769x1024.jpg\" alt=\"\" class=\"wp-image-68766\" style=\"width:780px;height:auto\" srcset=\"https:\/\/fmradiocultura.com.ar\/site2025\/wp-content\/uploads\/2026\/05\/Tiziano.raw-0C5A3579-769x1024.jpg 769w, https:\/\/fmradiocultura.com.ar\/site2025\/wp-content\/uploads\/2026\/05\/Tiziano.raw-0C5A3579-225x300.jpg 225w, https:\/\/fmradiocultura.com.ar\/site2025\/wp-content\/uploads\/2026\/05\/Tiziano.raw-0C5A3579-768x1023.jpg 768w, https:\/\/fmradiocultura.com.ar\/site2025\/wp-content\/uploads\/2026\/05\/Tiziano.raw-0C5A3579-1153x1536.jpg 1153w, https:\/\/fmradiocultura.com.ar\/site2025\/wp-content\/uploads\/2026\/05\/Tiziano.raw-0C5A3579-1537x2048.jpg 1537w, https:\/\/fmradiocultura.com.ar\/site2025\/wp-content\/uploads\/2026\/05\/Tiziano.raw-0C5A3579-150x200.jpg 150w, https:\/\/fmradiocultura.com.ar\/site2025\/wp-content\/uploads\/2026\/05\/Tiziano.raw-0C5A3579-450x600.jpg 450w, https:\/\/fmradiocultura.com.ar\/site2025\/wp-content\/uploads\/2026\/05\/Tiziano.raw-0C5A3579-1200x1599.jpg 1200w, https:\/\/fmradiocultura.com.ar\/site2025\/wp-content\/uploads\/2026\/05\/Tiziano.raw-0C5A3579-scaled.jpg 1921w\" sizes=\"(max-width: 769px) 100vw, 769px\" \/><figcaption class=\"wp-element-caption\">Anne Hathaway llega a Leicester Square, Londres. (foto: Tiziano Da Silva)<\/figcaption><\/figure>\n\n\n\n<figure class=\"wp-block-image size-large is-resized\"><img decoding=\"async\" width=\"771\" height=\"1024\" src=\"https:\/\/fmradiocultura.com.ar\/site2025\/wp-content\/uploads\/2026\/05\/Tiziano.raw-7D5A1674-771x1024.jpg\" alt=\"\" class=\"wp-image-68767\" style=\"width:780px;height:auto\" srcset=\"https:\/\/fmradiocultura.com.ar\/site2025\/wp-content\/uploads\/2026\/05\/Tiziano.raw-7D5A1674-771x1024.jpg 771w, https:\/\/fmradiocultura.com.ar\/site2025\/wp-content\/uploads\/2026\/05\/Tiziano.raw-7D5A1674-226x300.jpg 226w, https:\/\/fmradiocultura.com.ar\/site2025\/wp-content\/uploads\/2026\/05\/Tiziano.raw-7D5A1674-768x1020.jpg 768w, https:\/\/fmradiocultura.com.ar\/site2025\/wp-content\/uploads\/2026\/05\/Tiziano.raw-7D5A1674-1157x1536.jpg 1157w, https:\/\/fmradiocultura.com.ar\/site2025\/wp-content\/uploads\/2026\/05\/Tiziano.raw-7D5A1674-1543x2048.jpg 1543w, https:\/\/fmradiocultura.com.ar\/site2025\/wp-content\/uploads\/2026\/05\/Tiziano.raw-7D5A1674-150x199.jpg 150w, https:\/\/fmradiocultura.com.ar\/site2025\/wp-content\/uploads\/2026\/05\/Tiziano.raw-7D5A1674-450x597.jpg 450w, https:\/\/fmradiocultura.com.ar\/site2025\/wp-content\/uploads\/2026\/05\/Tiziano.raw-7D5A1674-1200x1593.jpg 1200w, https:\/\/fmradiocultura.com.ar\/site2025\/wp-content\/uploads\/2026\/05\/Tiziano.raw-7D5A1674-scaled.jpg 1928w\" sizes=\"(max-width: 771px) 100vw, 771px\" \/><figcaption class=\"wp-element-caption\">Simone Ashley llega a la red carpet de &#8216;The Devil Wears Prada 2&#8217; (foto: Tiziano Da Silva)<\/figcaption><\/figure>\n\n\n<div class=\"wp-block-image\">\n<figure class=\"aligncenter size-large is-resized\"><img loading=\"lazy\" decoding=\"async\" width=\"683\" height=\"1024\" src=\"https:\/\/fmradiocultura.com.ar\/site2025\/wp-content\/uploads\/2026\/05\/Tiziano.raw-0C5A3323-683x1024.jpg\" alt=\"\" class=\"wp-image-68768\" style=\"width:780px;height:auto\" srcset=\"https:\/\/fmradiocultura.com.ar\/site2025\/wp-content\/uploads\/2026\/05\/Tiziano.raw-0C5A3323-683x1024.jpg 683w, https:\/\/fmradiocultura.com.ar\/site2025\/wp-content\/uploads\/2026\/05\/Tiziano.raw-0C5A3323-200x300.jpg 200w, https:\/\/fmradiocultura.com.ar\/site2025\/wp-content\/uploads\/2026\/05\/Tiziano.raw-0C5A3323-768x1151.jpg 768w, https:\/\/fmradiocultura.com.ar\/site2025\/wp-content\/uploads\/2026\/05\/Tiziano.raw-0C5A3323-1025x1536.jpg 1025w, https:\/\/fmradiocultura.com.ar\/site2025\/wp-content\/uploads\/2026\/05\/Tiziano.raw-0C5A3323-1366x2048.jpg 1366w, https:\/\/fmradiocultura.com.ar\/site2025\/wp-content\/uploads\/2026\/05\/Tiziano.raw-0C5A3323-150x225.jpg 150w, https:\/\/fmradiocultura.com.ar\/site2025\/wp-content\/uploads\/2026\/05\/Tiziano.raw-0C5A3323-450x675.jpg 450w, https:\/\/fmradiocultura.com.ar\/site2025\/wp-content\/uploads\/2026\/05\/Tiziano.raw-0C5A3323-1200x1799.jpg 1200w, https:\/\/fmradiocultura.com.ar\/site2025\/wp-content\/uploads\/2026\/05\/Tiziano.raw-0C5A3323-scaled.jpg 1708w\" sizes=\"(max-width: 683px) 100vw, 683px\" \/><figcaption class=\"wp-element-caption\">Meryl Streep, \u00edcono de la actuaci\u00f3n, en la Leicester Square (foto: Tiziano Da Silva)<\/figcaption><\/figure>\n<\/div>\n\n<div class=\"wp-block-image\">\n<figure class=\"aligncenter size-large\"><img loading=\"lazy\" decoding=\"async\" width=\"769\" height=\"1024\" src=\"https:\/\/fmradiocultura.com.ar\/site2025\/wp-content\/uploads\/2026\/05\/Tiziano.raw-0C5A3723-769x1024.jpg\" alt=\"\" class=\"wp-image-68769\" srcset=\"https:\/\/fmradiocultura.com.ar\/site2025\/wp-content\/uploads\/2026\/05\/Tiziano.raw-0C5A3723-769x1024.jpg 769w, https:\/\/fmradiocultura.com.ar\/site2025\/wp-content\/uploads\/2026\/05\/Tiziano.raw-0C5A3723-225x300.jpg 225w, https:\/\/fmradiocultura.com.ar\/site2025\/wp-content\/uploads\/2026\/05\/Tiziano.raw-0C5A3723-768x1023.jpg 768w, https:\/\/fmradiocultura.com.ar\/site2025\/wp-content\/uploads\/2026\/05\/Tiziano.raw-0C5A3723-1153x1536.jpg 1153w, https:\/\/fmradiocultura.com.ar\/site2025\/wp-content\/uploads\/2026\/05\/Tiziano.raw-0C5A3723-1537x2048.jpg 1537w, https:\/\/fmradiocultura.com.ar\/site2025\/wp-content\/uploads\/2026\/05\/Tiziano.raw-0C5A3723-150x200.jpg 150w, https:\/\/fmradiocultura.com.ar\/site2025\/wp-content\/uploads\/2026\/05\/Tiziano.raw-0C5A3723-450x600.jpg 450w, https:\/\/fmradiocultura.com.ar\/site2025\/wp-content\/uploads\/2026\/05\/Tiziano.raw-0C5A3723-1200x1599.jpg 1200w, https:\/\/fmradiocultura.com.ar\/site2025\/wp-content\/uploads\/2026\/05\/Tiziano.raw-0C5A3723-scaled.jpg 1921w\" sizes=\"(max-width: 769px) 100vw, 769px\" \/><figcaption class=\"wp-element-caption\">Ambientaci\u00f3n de la 20th Century Studios&#8217; para &#8216;The Devil Wears Prada 2&#8217; en Leicester Square (foto: Tiziano Da Silva)<\/figcaption><\/figure>\n<\/div>\n\n<div class=\"wp-block-image\">\n<figure class=\"aligncenter size-large is-resized\"><img loading=\"lazy\" decoding=\"async\" width=\"683\" height=\"1024\" src=\"https:\/\/fmradiocultura.com.ar\/site2025\/wp-content\/uploads\/2026\/05\/Tiziano.raw-0C5A3179-683x1024.jpg\" alt=\"\" class=\"wp-image-68770\" style=\"width:780px;height:auto\" srcset=\"https:\/\/fmradiocultura.com.ar\/site2025\/wp-content\/uploads\/2026\/05\/Tiziano.raw-0C5A3179-683x1024.jpg 683w, https:\/\/fmradiocultura.com.ar\/site2025\/wp-content\/uploads\/2026\/05\/Tiziano.raw-0C5A3179-200x300.jpg 200w, https:\/\/fmradiocultura.com.ar\/site2025\/wp-content\/uploads\/2026\/05\/Tiziano.raw-0C5A3179-768x1151.jpg 768w, https:\/\/fmradiocultura.com.ar\/site2025\/wp-content\/uploads\/2026\/05\/Tiziano.raw-0C5A3179-1025x1536.jpg 1025w, https:\/\/fmradiocultura.com.ar\/site2025\/wp-content\/uploads\/2026\/05\/Tiziano.raw-0C5A3179-1366x2048.jpg 1366w, https:\/\/fmradiocultura.com.ar\/site2025\/wp-content\/uploads\/2026\/05\/Tiziano.raw-0C5A3179-150x225.jpg 150w, https:\/\/fmradiocultura.com.ar\/site2025\/wp-content\/uploads\/2026\/05\/Tiziano.raw-0C5A3179-450x675.jpg 450w, https:\/\/fmradiocultura.com.ar\/site2025\/wp-content\/uploads\/2026\/05\/Tiziano.raw-0C5A3179-1200x1799.jpg 1200w, https:\/\/fmradiocultura.com.ar\/site2025\/wp-content\/uploads\/2026\/05\/Tiziano.raw-0C5A3179-scaled.jpg 1708w\" sizes=\"(max-width: 683px) 100vw, 683px\" \/><figcaption class=\"wp-element-caption\">Simone Ashley en la red carpet (foto de: Tiziano Da Silva)<\/figcaption><\/figure>\n<\/div>\n\n\n<figure class=\"wp-block-image size-large\"><img loading=\"lazy\" decoding=\"async\" width=\"1024\" height=\"697\" src=\"https:\/\/fmradiocultura.com.ar\/site2025\/wp-content\/uploads\/2026\/05\/diablovistealamoda-1024x697.jpg\" alt=\"\" class=\"wp-image-68771\" srcset=\"https:\/\/fmradiocultura.com.ar\/site2025\/wp-content\/uploads\/2026\/05\/diablovistealamoda-1024x697.jpg 1024w, https:\/\/fmradiocultura.com.ar\/site2025\/wp-content\/uploads\/2026\/05\/diablovistealamoda-300x204.jpg 300w, https:\/\/fmradiocultura.com.ar\/site2025\/wp-content\/uploads\/2026\/05\/diablovistealamoda-768x523.jpg 768w, https:\/\/fmradiocultura.com.ar\/site2025\/wp-content\/uploads\/2026\/05\/diablovistealamoda-1536x1046.jpg 1536w, https:\/\/fmradiocultura.com.ar\/site2025\/wp-content\/uploads\/2026\/05\/diablovistealamoda-2048x1394.jpg 2048w, https:\/\/fmradiocultura.com.ar\/site2025\/wp-content\/uploads\/2026\/05\/diablovistealamoda-150x102.jpg 150w, https:\/\/fmradiocultura.com.ar\/site2025\/wp-content\/uploads\/2026\/05\/diablovistealamoda-450x306.jpg 450w, https:\/\/fmradiocultura.com.ar\/site2025\/wp-content\/uploads\/2026\/05\/diablovistealamoda-1200x817.jpg 1200w\" sizes=\"(max-width: 1024px) 100vw, 1024px\" \/><figcaption class=\"wp-element-caption\">Meryl Streep, Anne Hathaway, Stanley Tucci y Emily Blunt en la premiere europea de El diablo viste a la moda 2 en Leicester Square, Londres (foto de Tristan Fewings\/Getty Images for The Walt Disney Company Limited)<\/figcaption><\/figure>\n\n\n\n<figure class=\"wp-block-image size-large\"><img loading=\"lazy\" decoding=\"async\" width=\"1024\" height=\"683\" src=\"https:\/\/fmradiocultura.com.ar\/site2025\/wp-content\/uploads\/2026\/05\/DW1L0760-1024x683.jpg\" alt=\"\" class=\"wp-image-68772\" srcset=\"https:\/\/fmradiocultura.com.ar\/site2025\/wp-content\/uploads\/2026\/05\/DW1L0760-1024x683.jpg 1024w, https:\/\/fmradiocultura.com.ar\/site2025\/wp-content\/uploads\/2026\/05\/DW1L0760-300x200.jpg 300w, https:\/\/fmradiocultura.com.ar\/site2025\/wp-content\/uploads\/2026\/05\/DW1L0760-768x512.jpg 768w, https:\/\/fmradiocultura.com.ar\/site2025\/wp-content\/uploads\/2026\/05\/DW1L0760-1536x1025.jpg 1536w, https:\/\/fmradiocultura.com.ar\/site2025\/wp-content\/uploads\/2026\/05\/DW1L0760-2048x1366.jpg 2048w, https:\/\/fmradiocultura.com.ar\/site2025\/wp-content\/uploads\/2026\/05\/DW1L0760-150x100.jpg 150w, https:\/\/fmradiocultura.com.ar\/site2025\/wp-content\/uploads\/2026\/05\/DW1L0760-450x300.jpg 450w, https:\/\/fmradiocultura.com.ar\/site2025\/wp-content\/uploads\/2026\/05\/DW1L0760-1200x800.jpg 1200w\" sizes=\"(max-width: 1024px) 100vw, 1024px\" \/><figcaption class=\"wp-element-caption\">Leomie Anderson  y Laura Whitmore, David Frankel, Simone Ashley, Stanley Tucci, Emily Blunt y Anne Hathaway y Meryl Streep en la premiere europea de 20th Century Studios&#8217; &#8216;The Devil Wears Prada 2&#8217; in Leicester Square, London (foto de: StillMoving.Net for The Walt Disney Company Limited)<\/figcaption><\/figure>\n\n\n\n<figure class=\"wp-block-embed is-type-video is-provider-youtube wp-block-embed-youtube wp-embed-aspect-16-9 wp-has-aspect-ratio\"><div class=\"wp-block-embed__wrapper\">\n<iframe title=\"El Diablo Viste A La Moda 2 | Tr\u00e1iler Oficial | Subtitulado\" width=\"788\" height=\"443\" src=\"https:\/\/www.youtube.com\/embed\/2mha7C_mCRs?feature=oembed\" frameborder=\"0\" allow=\"accelerometer; autoplay; clipboard-write; encrypted-media; gyroscope; picture-in-picture; web-share\" referrerpolicy=\"strict-origin-when-cross-origin\" allowfullscreen><\/iframe>\n<\/div><\/figure>\n","protected":false},"excerpt":{"rendered":"<p>redaccion<\/p>\n","protected":false},"author":1,"featured_media":68773,"comment_status":"open","ping_status":"open","sticky":false,"template":"","format":"standard","meta":{"footnotes":""},"categories":[45,166],"tags":[2722,2719,2717,1113,2718,2452,2723,2396,2720,2721],"class_list":{"0":"post-68764","1":"post","2":"type-post","3":"status-publish","4":"format-standard","5":"has-post-thumbnail","7":"category-agenda-cultural","8":"category-cine","9":"tag-anne-hathaway","10":"tag-david-frankel","11":"tag-el-diablo-viste-a-la-moda-2","12":"tag-emily-blunt","13":"tag-leomie-anderson","14":"tag-londres","15":"tag-meryl-streep","16":"tag-premiere","17":"tag-simone-ashley","18":"tag-stanley-tucci"},"yoast_head":"<!-- This site is optimized with the Yoast SEO plugin v27.2 - https:\/\/yoast.com\/product\/yoast-seo-wordpress\/ -->\n<title>El diablo viste a la moda 2 es un \u00e9xito, as\u00ed fue su premiere en Londres &#8211; Radio Cultura<\/title>\n<meta name=\"robots\" content=\"noindex, follow, max-snippet:-1, max-image-preview:large, max-video-preview:-1\" \/>\n<meta property=\"og:locale\" content=\"es_ES\" \/>\n<meta property=\"og:type\" content=\"article\" \/>\n<meta property=\"og:title\" content=\"El diablo viste a la moda 2 es un \u00e9xito, as\u00ed fue su premiere en Londres &#8211; Radio Cultura\" \/>\n<meta property=\"og:description\" content=\"redaccion\" \/>\n<meta property=\"og:url\" content=\"https:\/\/fmradiocultura.com.ar\/site2025\/el-diablo-viste-a-la-moda-2-es-un-exito-asi-fue-su-premiere-en-londres\/\" \/>\n<meta property=\"og:site_name\" content=\"Radio Cultura\" \/>\n<meta property=\"article:publisher\" content=\"https:\/\/www.facebook.com\/radioculturaba\/\" \/>\n<meta property=\"article:published_time\" content=\"2026-04-30T21:10:44+00:00\" \/>\n<meta property=\"article:modified_time\" content=\"2026-05-01T21:43:13+00:00\" \/>\n<meta property=\"og:image\" content=\"https:\/\/fmradiocultura.com.ar\/site2025\/wp-content\/uploads\/2026\/05\/diablovistealamoda2-scaled.jpg\" \/>\n\t<meta property=\"og:image:width\" content=\"2560\" \/>\n\t<meta property=\"og:image:height\" content=\"1731\" \/>\n\t<meta property=\"og:image:type\" content=\"image\/jpeg\" \/>\n<meta name=\"author\" content=\"admin\" \/>\n<meta name=\"twitter:card\" content=\"summary_large_image\" \/>\n<meta name=\"twitter:creator\" content=\"@radioculturaba\" \/>\n<meta name=\"twitter:site\" content=\"@radioculturaba\" \/>\n<meta name=\"twitter:label1\" content=\"Escrito por\" \/>\n\t<meta name=\"twitter:data1\" content=\"admin\" \/>\n\t<meta name=\"twitter:label2\" content=\"Tiempo de lectura\" \/>\n\t<meta name=\"twitter:data2\" content=\"7 minutos\" \/>\n<script type=\"application\/ld+json\" class=\"yoast-schema-graph\">{\"@context\":\"https:\/\/schema.org\",\"@graph\":[{\"@type\":\"Article\",\"@id\":\"https:\/\/fmradiocultura.com.ar\/site2025\/el-diablo-viste-a-la-moda-2-es-un-exito-asi-fue-su-premiere-en-londres\/#article\",\"isPartOf\":{\"@id\":\"https:\/\/fmradiocultura.com.ar\/site2025\/el-diablo-viste-a-la-moda-2-es-un-exito-asi-fue-su-premiere-en-londres\/\"},\"author\":{\"name\":\"admin\",\"@id\":\"https:\/\/fmradiocultura.com.ar\/site2025\/#\/schema\/person\/baa38bd454d22defa5da7706b8366cfa\"},\"headline\":\"El diablo viste a la moda 2 es un \u00e9xito, as\u00ed fue su premiere en Londres\",\"datePublished\":\"2026-04-30T21:10:44+00:00\",\"dateModified\":\"2026-05-01T21:43:13+00:00\",\"mainEntityOfPage\":{\"@id\":\"https:\/\/fmradiocultura.com.ar\/site2025\/el-diablo-viste-a-la-moda-2-es-un-exito-asi-fue-su-premiere-en-londres\/\"},\"wordCount\":1163,\"commentCount\":0,\"publisher\":{\"@id\":\"https:\/\/fmradiocultura.com.ar\/site2025\/#organization\"},\"image\":{\"@id\":\"https:\/\/fmradiocultura.com.ar\/site2025\/el-diablo-viste-a-la-moda-2-es-un-exito-asi-fue-su-premiere-en-londres\/#primaryimage\"},\"thumbnailUrl\":\"https:\/\/fmradiocultura.com.ar\/site2025\/wp-content\/uploads\/2026\/05\/diablovistealamoda2-scaled.jpg\",\"keywords\":[\"Anne Hathaway\",\"David Frankel\",\"El diablo viste a la moda 2\",\"Emily Blunt\",\"Leomie Anderson\",\"Londres\",\"Meryl Streep\",\"Premiere\",\"Simone Ashley\",\"Stanley Tucci\"],\"articleSection\":[\"Agenda Cultural\",\"cine\"],\"inLanguage\":\"es\",\"potentialAction\":[{\"@type\":\"CommentAction\",\"name\":\"Comment\",\"target\":[\"https:\/\/fmradiocultura.com.ar\/site2025\/el-diablo-viste-a-la-moda-2-es-un-exito-asi-fue-su-premiere-en-londres\/#respond\"]}]},{\"@type\":\"WebPage\",\"@id\":\"https:\/\/fmradiocultura.com.ar\/site2025\/el-diablo-viste-a-la-moda-2-es-un-exito-asi-fue-su-premiere-en-londres\/\",\"url\":\"https:\/\/fmradiocultura.com.ar\/site2025\/el-diablo-viste-a-la-moda-2-es-un-exito-asi-fue-su-premiere-en-londres\/\",\"name\":\"El diablo viste a la moda 2 es un \u00e9xito, as\u00ed fue su premiere en Londres &#8211; Radio Cultura\",\"isPartOf\":{\"@id\":\"https:\/\/fmradiocultura.com.ar\/site2025\/#website\"},\"primaryImageOfPage\":{\"@id\":\"https:\/\/fmradiocultura.com.ar\/site2025\/el-diablo-viste-a-la-moda-2-es-un-exito-asi-fue-su-premiere-en-londres\/#primaryimage\"},\"image\":{\"@id\":\"https:\/\/fmradiocultura.com.ar\/site2025\/el-diablo-viste-a-la-moda-2-es-un-exito-asi-fue-su-premiere-en-londres\/#primaryimage\"},\"thumbnailUrl\":\"https:\/\/fmradiocultura.com.ar\/site2025\/wp-content\/uploads\/2026\/05\/diablovistealamoda2-scaled.jpg\",\"datePublished\":\"2026-04-30T21:10:44+00:00\",\"dateModified\":\"2026-05-01T21:43:13+00:00\",\"breadcrumb\":{\"@id\":\"https:\/\/fmradiocultura.com.ar\/site2025\/el-diablo-viste-a-la-moda-2-es-un-exito-asi-fue-su-premiere-en-londres\/#breadcrumb\"},\"inLanguage\":\"es\",\"potentialAction\":[{\"@type\":\"ReadAction\",\"target\":[\"https:\/\/fmradiocultura.com.ar\/site2025\/el-diablo-viste-a-la-moda-2-es-un-exito-asi-fue-su-premiere-en-londres\/\"]}]},{\"@type\":\"ImageObject\",\"inLanguage\":\"es\",\"@id\":\"https:\/\/fmradiocultura.com.ar\/site2025\/el-diablo-viste-a-la-moda-2-es-un-exito-asi-fue-su-premiere-en-londres\/#primaryimage\",\"url\":\"https:\/\/fmradiocultura.com.ar\/site2025\/wp-content\/uploads\/2026\/05\/diablovistealamoda2-scaled.jpg\",\"contentUrl\":\"https:\/\/fmradiocultura.com.ar\/site2025\/wp-content\/uploads\/2026\/05\/diablovistealamoda2-scaled.jpg\",\"width\":2560,\"height\":1731,\"caption\":\"LONDON, ENGLAND - APRIL 22: (L-R) Meryl Streep, Anne Hathaway, Stanley Tucci and Emily Blunt attend the European Premiere of 20th Century Studios' 'The Devil Wears Prada 2' in Leicester Square, London on April 22nd, 2026. (Photo by Tristan Fewings\/Getty Images for The Walt Disney Company Limited)\"},{\"@type\":\"BreadcrumbList\",\"@id\":\"https:\/\/fmradiocultura.com.ar\/site2025\/el-diablo-viste-a-la-moda-2-es-un-exito-asi-fue-su-premiere-en-londres\/#breadcrumb\",\"itemListElement\":[{\"@type\":\"ListItem\",\"position\":1,\"name\":\"Portada\",\"item\":\"https:\/\/fmradiocultura.com.ar\/site2025\/\"},{\"@type\":\"ListItem\",\"position\":2,\"name\":\"El diablo viste a la moda 2 es un \u00e9xito, as\u00ed fue su premiere en Londres\"}]},{\"@type\":\"WebSite\",\"@id\":\"https:\/\/fmradiocultura.com.ar\/site2025\/#website\",\"url\":\"https:\/\/fmradiocultura.com.ar\/site2025\/\",\"name\":\"Radio Cultura\",\"description\":\"Es un medio independiente que busca difundir arte, cultura y turismo cultural al mundo hispanohablante.\",\"publisher\":{\"@id\":\"https:\/\/fmradiocultura.com.ar\/site2025\/#organization\"},\"alternateName\":\"fmradiocultura.com.ar\",\"potentialAction\":[{\"@type\":\"SearchAction\",\"target\":{\"@type\":\"EntryPoint\",\"urlTemplate\":\"https:\/\/fmradiocultura.com.ar\/site2025\/?s={search_term_string}\"},\"query-input\":{\"@type\":\"PropertyValueSpecification\",\"valueRequired\":true,\"valueName\":\"search_term_string\"}}],\"inLanguage\":\"es\"},{\"@type\":\"Organization\",\"@id\":\"https:\/\/fmradiocultura.com.ar\/site2025\/#organization\",\"name\":\"Radio Cultura\",\"alternateName\":\"fmradiocultura.com.ar\",\"url\":\"https:\/\/fmradiocultura.com.ar\/site2025\/\",\"logo\":{\"@type\":\"ImageObject\",\"inLanguage\":\"es\",\"@id\":\"https:\/\/fmradiocultura.com.ar\/site2025\/#\/schema\/logo\/image\/\",\"url\":\"https:\/\/fmradiocultura.com.ar\/site2025\/wp-content\/uploads\/2025\/06\/Logo-RC-ok-1080x1080-vertical.jpg\",\"contentUrl\":\"https:\/\/fmradiocultura.com.ar\/site2025\/wp-content\/uploads\/2025\/06\/Logo-RC-ok-1080x1080-vertical.jpg\",\"width\":1080,\"height\":1080,\"caption\":\"Radio Cultura\"},\"image\":{\"@id\":\"https:\/\/fmradiocultura.com.ar\/site2025\/#\/schema\/logo\/image\/\"},\"sameAs\":[\"https:\/\/www.facebook.com\/radioculturaba\/\",\"https:\/\/x.com\/radioculturaba\",\"https:\/\/www.instagram.com\/radioculturaba\"]},{\"@type\":\"Person\",\"@id\":\"https:\/\/fmradiocultura.com.ar\/site2025\/#\/schema\/person\/baa38bd454d22defa5da7706b8366cfa\",\"name\":\"admin\",\"image\":{\"@type\":\"ImageObject\",\"inLanguage\":\"es\",\"@id\":\"https:\/\/secure.gravatar.com\/avatar\/f4379c2bdece04b666f93232376bb7ece517354075f066c3cbb0cd9b3af2da2b?s=96&d=mm&r=g\",\"url\":\"https:\/\/secure.gravatar.com\/avatar\/f4379c2bdece04b666f93232376bb7ece517354075f066c3cbb0cd9b3af2da2b?s=96&d=mm&r=g\",\"contentUrl\":\"https:\/\/secure.gravatar.com\/avatar\/f4379c2bdece04b666f93232376bb7ece517354075f066c3cbb0cd9b3af2da2b?s=96&d=mm&r=g\",\"caption\":\"admin\"},\"sameAs\":[\"https:\/\/fmradiocultura.com.ar\/site2025\"],\"url\":\"https:\/\/fmradiocultura.com.ar\/site2025\/author\/admin\/\"}]}<\/script>\n<!-- \/ Yoast SEO plugin. -->","yoast_head_json":{"title":"El diablo viste a la moda 2 es un \u00e9xito, as\u00ed fue su premiere en Londres &#8211; Radio Cultura","robots":{"index":"noindex","follow":"follow","max-snippet":"max-snippet:-1","max-image-preview":"max-image-preview:large","max-video-preview":"max-video-preview:-1"},"og_locale":"es_ES","og_type":"article","og_title":"El diablo viste a la moda 2 es un \u00e9xito, as\u00ed fue su premiere en Londres &#8211; Radio Cultura","og_description":"redaccion","og_url":"https:\/\/fmradiocultura.com.ar\/site2025\/el-diablo-viste-a-la-moda-2-es-un-exito-asi-fue-su-premiere-en-londres\/","og_site_name":"Radio Cultura","article_publisher":"https:\/\/www.facebook.com\/radioculturaba\/","article_published_time":"2026-04-30T21:10:44+00:00","article_modified_time":"2026-05-01T21:43:13+00:00","og_image":[{"width":2560,"height":1731,"url":"https:\/\/fmradiocultura.com.ar\/site2025\/wp-content\/uploads\/2026\/05\/diablovistealamoda2-scaled.jpg","type":"image\/jpeg"}],"author":"admin","twitter_card":"summary_large_image","twitter_creator":"@radioculturaba","twitter_site":"@radioculturaba","twitter_misc":{"Escrito por":"admin","Tiempo de lectura":"7 minutos"},"schema":{"@context":"https:\/\/schema.org","@graph":[{"@type":"Article","@id":"https:\/\/fmradiocultura.com.ar\/site2025\/el-diablo-viste-a-la-moda-2-es-un-exito-asi-fue-su-premiere-en-londres\/#article","isPartOf":{"@id":"https:\/\/fmradiocultura.com.ar\/site2025\/el-diablo-viste-a-la-moda-2-es-un-exito-asi-fue-su-premiere-en-londres\/"},"author":{"name":"admin","@id":"https:\/\/fmradiocultura.com.ar\/site2025\/#\/schema\/person\/baa38bd454d22defa5da7706b8366cfa"},"headline":"El diablo viste a la moda 2 es un \u00e9xito, as\u00ed fue su premiere en Londres","datePublished":"2026-04-30T21:10:44+00:00","dateModified":"2026-05-01T21:43:13+00:00","mainEntityOfPage":{"@id":"https:\/\/fmradiocultura.com.ar\/site2025\/el-diablo-viste-a-la-moda-2-es-un-exito-asi-fue-su-premiere-en-londres\/"},"wordCount":1163,"commentCount":0,"publisher":{"@id":"https:\/\/fmradiocultura.com.ar\/site2025\/#organization"},"image":{"@id":"https:\/\/fmradiocultura.com.ar\/site2025\/el-diablo-viste-a-la-moda-2-es-un-exito-asi-fue-su-premiere-en-londres\/#primaryimage"},"thumbnailUrl":"https:\/\/fmradiocultura.com.ar\/site2025\/wp-content\/uploads\/2026\/05\/diablovistealamoda2-scaled.jpg","keywords":["Anne Hathaway","David Frankel","El diablo viste a la moda 2","Emily Blunt","Leomie Anderson","Londres","Meryl Streep","Premiere","Simone Ashley","Stanley Tucci"],"articleSection":["Agenda Cultural","cine"],"inLanguage":"es","potentialAction":[{"@type":"CommentAction","name":"Comment","target":["https:\/\/fmradiocultura.com.ar\/site2025\/el-diablo-viste-a-la-moda-2-es-un-exito-asi-fue-su-premiere-en-londres\/#respond"]}]},{"@type":"WebPage","@id":"https:\/\/fmradiocultura.com.ar\/site2025\/el-diablo-viste-a-la-moda-2-es-un-exito-asi-fue-su-premiere-en-londres\/","url":"https:\/\/fmradiocultura.com.ar\/site2025\/el-diablo-viste-a-la-moda-2-es-un-exito-asi-fue-su-premiere-en-londres\/","name":"El diablo viste a la moda 2 es un \u00e9xito, as\u00ed fue su premiere en Londres &#8211; Radio Cultura","isPartOf":{"@id":"https:\/\/fmradiocultura.com.ar\/site2025\/#website"},"primaryImageOfPage":{"@id":"https:\/\/fmradiocultura.com.ar\/site2025\/el-diablo-viste-a-la-moda-2-es-un-exito-asi-fue-su-premiere-en-londres\/#primaryimage"},"image":{"@id":"https:\/\/fmradiocultura.com.ar\/site2025\/el-diablo-viste-a-la-moda-2-es-un-exito-asi-fue-su-premiere-en-londres\/#primaryimage"},"thumbnailUrl":"https:\/\/fmradiocultura.com.ar\/site2025\/wp-content\/uploads\/2026\/05\/diablovistealamoda2-scaled.jpg","datePublished":"2026-04-30T21:10:44+00:00","dateModified":"2026-05-01T21:43:13+00:00","breadcrumb":{"@id":"https:\/\/fmradiocultura.com.ar\/site2025\/el-diablo-viste-a-la-moda-2-es-un-exito-asi-fue-su-premiere-en-londres\/#breadcrumb"},"inLanguage":"es","potentialAction":[{"@type":"ReadAction","target":["https:\/\/fmradiocultura.com.ar\/site2025\/el-diablo-viste-a-la-moda-2-es-un-exito-asi-fue-su-premiere-en-londres\/"]}]},{"@type":"ImageObject","inLanguage":"es","@id":"https:\/\/fmradiocultura.com.ar\/site2025\/el-diablo-viste-a-la-moda-2-es-un-exito-asi-fue-su-premiere-en-londres\/#primaryimage","url":"https:\/\/fmradiocultura.com.ar\/site2025\/wp-content\/uploads\/2026\/05\/diablovistealamoda2-scaled.jpg","contentUrl":"https:\/\/fmradiocultura.com.ar\/site2025\/wp-content\/uploads\/2026\/05\/diablovistealamoda2-scaled.jpg","width":2560,"height":1731,"caption":"LONDON, ENGLAND - APRIL 22: (L-R) Meryl Streep, Anne Hathaway, Stanley Tucci and Emily Blunt attend the European Premiere of 20th Century Studios' 'The Devil Wears Prada 2' in Leicester Square, London on April 22nd, 2026. (Photo by Tristan Fewings\/Getty Images for The Walt Disney Company Limited)"},{"@type":"BreadcrumbList","@id":"https:\/\/fmradiocultura.com.ar\/site2025\/el-diablo-viste-a-la-moda-2-es-un-exito-asi-fue-su-premiere-en-londres\/#breadcrumb","itemListElement":[{"@type":"ListItem","position":1,"name":"Portada","item":"https:\/\/fmradiocultura.com.ar\/site2025\/"},{"@type":"ListItem","position":2,"name":"El diablo viste a la moda 2 es un \u00e9xito, as\u00ed fue su premiere en Londres"}]},{"@type":"WebSite","@id":"https:\/\/fmradiocultura.com.ar\/site2025\/#website","url":"https:\/\/fmradiocultura.com.ar\/site2025\/","name":"Radio Cultura","description":"Es un medio independiente que busca difundir arte, cultura y turismo cultural al mundo hispanohablante.","publisher":{"@id":"https:\/\/fmradiocultura.com.ar\/site2025\/#organization"},"alternateName":"fmradiocultura.com.ar","potentialAction":[{"@type":"SearchAction","target":{"@type":"EntryPoint","urlTemplate":"https:\/\/fmradiocultura.com.ar\/site2025\/?s={search_term_string}"},"query-input":{"@type":"PropertyValueSpecification","valueRequired":true,"valueName":"search_term_string"}}],"inLanguage":"es"},{"@type":"Organization","@id":"https:\/\/fmradiocultura.com.ar\/site2025\/#organization","name":"Radio Cultura","alternateName":"fmradiocultura.com.ar","url":"https:\/\/fmradiocultura.com.ar\/site2025\/","logo":{"@type":"ImageObject","inLanguage":"es","@id":"https:\/\/fmradiocultura.com.ar\/site2025\/#\/schema\/logo\/image\/","url":"https:\/\/fmradiocultura.com.ar\/site2025\/wp-content\/uploads\/2025\/06\/Logo-RC-ok-1080x1080-vertical.jpg","contentUrl":"https:\/\/fmradiocultura.com.ar\/site2025\/wp-content\/uploads\/2025\/06\/Logo-RC-ok-1080x1080-vertical.jpg","width":1080,"height":1080,"caption":"Radio Cultura"},"image":{"@id":"https:\/\/fmradiocultura.com.ar\/site2025\/#\/schema\/logo\/image\/"},"sameAs":["https:\/\/www.facebook.com\/radioculturaba\/","https:\/\/x.com\/radioculturaba","https:\/\/www.instagram.com\/radioculturaba"]},{"@type":"Person","@id":"https:\/\/fmradiocultura.com.ar\/site2025\/#\/schema\/person\/baa38bd454d22defa5da7706b8366cfa","name":"admin","image":{"@type":"ImageObject","inLanguage":"es","@id":"https:\/\/secure.gravatar.com\/avatar\/f4379c2bdece04b666f93232376bb7ece517354075f066c3cbb0cd9b3af2da2b?s=96&d=mm&r=g","url":"https:\/\/secure.gravatar.com\/avatar\/f4379c2bdece04b666f93232376bb7ece517354075f066c3cbb0cd9b3af2da2b?s=96&d=mm&r=g","contentUrl":"https:\/\/secure.gravatar.com\/avatar\/f4379c2bdece04b666f93232376bb7ece517354075f066c3cbb0cd9b3af2da2b?s=96&d=mm&r=g","caption":"admin"},"sameAs":["https:\/\/fmradiocultura.com.ar\/site2025"],"url":"https:\/\/fmradiocultura.com.ar\/site2025\/author\/admin\/"}]}},"_links":{"self":[{"href":"https:\/\/fmradiocultura.com.ar\/site2025\/wp-json\/wp\/v2\/posts\/68764","targetHints":{"allow":["GET"]}}],"collection":[{"href":"https:\/\/fmradiocultura.com.ar\/site2025\/wp-json\/wp\/v2\/posts"}],"about":[{"href":"https:\/\/fmradiocultura.com.ar\/site2025\/wp-json\/wp\/v2\/types\/post"}],"author":[{"embeddable":true,"href":"https:\/\/fmradiocultura.com.ar\/site2025\/wp-json\/wp\/v2\/users\/1"}],"replies":[{"embeddable":true,"href":"https:\/\/fmradiocultura.com.ar\/site2025\/wp-json\/wp\/v2\/comments?post=68764"}],"version-history":[{"count":2,"href":"https:\/\/fmradiocultura.com.ar\/site2025\/wp-json\/wp\/v2\/posts\/68764\/revisions"}],"predecessor-version":[{"id":68776,"href":"https:\/\/fmradiocultura.com.ar\/site2025\/wp-json\/wp\/v2\/posts\/68764\/revisions\/68776"}],"wp:featuredmedia":[{"embeddable":true,"href":"https:\/\/fmradiocultura.com.ar\/site2025\/wp-json\/wp\/v2\/media\/68773"}],"wp:attachment":[{"href":"https:\/\/fmradiocultura.com.ar\/site2025\/wp-json\/wp\/v2\/media?parent=68764"}],"wp:term":[{"taxonomy":"category","embeddable":true,"href":"https:\/\/fmradiocultura.com.ar\/site2025\/wp-json\/wp\/v2\/categories?post=68764"},{"taxonomy":"post_tag","embeddable":true,"href":"https:\/\/fmradiocultura.com.ar\/site2025\/wp-json\/wp\/v2\/tags?post=68764"}],"curies":[{"name":"wp","href":"https:\/\/api.w.org\/{rel}","templated":true}]}}