{"id":68729,"date":"2026-04-29T17:35:43","date_gmt":"2026-04-29T20:35:43","guid":{"rendered":"https:\/\/fmradiocultura.com.ar\/site2025\/?p=68729"},"modified":"2026-05-01T17:37:21","modified_gmt":"2026-05-01T20:37:21","slug":"se-presento-los-judios-en-la-tierra-de-noe-en-la-embajada-de-armenia","status":"publish","type":"post","link":"https:\/\/fmradiocultura.com.ar\/site2025\/se-presento-los-judios-en-la-tierra-de-noe-en-la-embajada-de-armenia\/","title":{"rendered":"Se present\u00f3 \u00abLos jud\u00edos en la tierra de No\u00e9\u00bb, en la Embajada de Armenia."},"content":{"rendered":"\n<p>El pasado jueves 29 de Abril se llev\u00f3 a cabo en la sede de Embajada de la Rep\u00fablica de Armenia en la Argentina la presentaci\u00f3n del \u201cLos jud\u00edos en la Tierra de No\u00e9\u201d que narra una parte de la historia y el legado de la comunidad jud\u00eda en Armenia.<\/p>\n\n\n\n<p>Esta obra en espa\u00f1ol, se llev\u00f3 a cabo en cooperaci\u00f3n con la Delegaci\u00f3n de Asociaciones Israelitas Argentinas (DAIA) y cont\u00f3 con el apoyo y la financiaci\u00f3n de la Administraci\u00f3n Presidencial de la Rep\u00fablica de Armenia.<\/p>\n\n\n\n<p>Del evento de presentaci\u00f3n participaron el Subsecretario de Culto y Civilizaci\u00f3n del Ministerio de Relaciones Exteriores, <strong>Agust\u00edn Ezequiel Caulo<\/strong>; la Vicepresidenta de la Delegaci\u00f3n de Asociaciones Israelitas Argentinas (DAIA), <strong>Marina Degtiar<\/strong>; embajadores, miembros del cuerpo diplom\u00e1tico, periodistas y miembros de las colectividades jud\u00eda y armenia.<\/p>\n\n\n\n<p>En palabras del Embajador de Armenia <strong>Hovhannes Virabyan<\/strong>,\u00a0<em>\u201cLa historia jud\u00eda en Armenia es amplia y antigua. Existen testimonios hist\u00f3ricos que indican la presencia de comunidades jud\u00edas en el territorio armenio desde la antig\u00fcedad. Ya en tiempos del Reino de Armenia, particularmente durante el reinado de Tigranes el Grande en el siglo I a. C., se registran asentamientos de poblaciones jud\u00edas en distintas ciudades del reino, donde desarrollaron una activa vida econ\u00f3mica y cultural. Hallazgos arqueol\u00f3gicos y fuentes medievales dan cuenta de la continuidad de esta presencia a lo largo de los siglos.\u201d<\/em>.<\/p>\n\n\n\n<p>Por su parte durante su discurso, la Vicepresidente de la Delegaci\u00f3n de Asociaciones Israelitas Argentinas, <strong>Marina Degtiar<\/strong>, mencion\u00f3, \u201c<em>Que este acto se realice en el mes de abril no es casual. Es el mes en que el pueblo armenio recuerda las v\u00edctimas del Genocidio Armenio, y es tambi\u00e9n el mes en que el pueblo jud\u00edo honra la memoria de las v\u00edctimas de la Sho\u00e1. Dos tragedias distintas, dos heridas profundas en la historia de la humanidad, pero una misma lecci\u00f3n: que el silencio puede ser c\u00f3mplice, y que la memoria es la primera forma de justicia\u201d<\/em>.<\/p>\n\n\n\n<p>Entre otros, asistieron los embajadores<strong> Gvaram Khandamishvili<\/strong>, de Georgia; <strong>Dan Petre<\/strong> de Rumania; <strong>Fares Yassir<\/strong>, de Marruecos;\u00a0<strong>Stoyan Mihaylov<\/strong>, de Bulgaria; y representantes de las Embajadas de Israel, Brasil, Ecuador, Suecia, India y Chile. Por parte de las autoridades de gobierno, representantes de las colectividades y de la sociedad civil estuvieron: <strong>Gast\u00f3n Juan<\/strong>, Director Gral. de Colectividades y Migrantes, del Gobierno de la Ciudad; <strong>Agust\u00edn Caulo<\/strong>, Subsecretario de Culto de La Naci\u00f3n; <strong>Nahuel Luciano<\/strong>, Analista Sr. Comunicaci\u00f3n, Asuntos P\u00fablicos, Corporativos, Institucionales y Gubernamentales de la Policia de Seguridad Aeroportuaria; <strong>Waldo Wolff, <\/strong>legislador de la Legislatura de la Ciudad; <strong>Jorge Knoblovits,<\/strong> expresidente de la DAIA y el colaborador con las Relaciones Diplom\u00e1ticas de la entidad, <strong>Ariel Blufstein;<\/strong> <strong>\u00a0Claudio Avruj,<\/strong> del Museo del Holocausto; <strong>Jessica Souss <\/strong>y <strong>Diego Zuckerber<\/strong>, de KKL; <strong>Marta Haber<\/strong>, de la OSA; <strong>Ian Uriel Pecar<\/strong>, del Consejo Sionista; y la abogada especializada en temas internacionales <strong>Ximena Made<\/strong>. Tambi\u00e9n estuvieron<strong> Alejandro Kalpakian, N\u00e9lida Boulgourdjian, Diana Dergarabetian, Antonio Sarafian, Roberto Malkassian, Luciana Minassian, Jorge Vartparonian, Eduardo Kozanlian, Tom\u00e1s Karagozian, Sergio Nahabetian<\/strong> y <strong>Juan Sarrafian<\/strong>. Asistieron <strong>Gonz\u00e1lez Ba\u00f1ez Villar<\/strong>, editor de internacionales de TN; <strong>Lautaro P\u00e9rez<\/strong>, de Infobae; y <strong>Pablo De Vita<\/strong>, como Director General de Radio Cultura. <\/p>\n\n\n\n<p>Creado principalmente sobre la base de los documentos del Archivo Nacional de la Rep\u00fablica de Armenia, esta obra es fruto de la fruct\u00edfera labor de investigadores jud\u00edos y armenios, siendo una ventana singular hacia el pasado de la comunidad jud\u00eda en Armenia.<\/p>\n\n\n\n<p><strong>Todas las fotos de la presentaci\u00f3n: <\/strong><\/p>\n\n\n\n<p><sub>fotos: <strong>Manuel Pose Varela<\/strong>, Gentileza:<strong> Ezequiel Vartian,<\/strong> Embajada de Armenia<\/sub><\/p>\n\n\n\n<figure class=\"wp-block-image size-large\"><img fetchpriority=\"high\" decoding=\"async\" width=\"1024\" height=\"683\" src=\"https:\/\/fmradiocultura.com.ar\/site2025\/wp-content\/uploads\/2026\/05\/2026-04-29-embajada-armenia-presentacion-del-libro-los-judios-de-la-tierra-de-noe-foto-manuel-pose-varela-48-_MPV9789-1024x683.jpg\" alt=\"\" class=\"wp-image-68730\" srcset=\"https:\/\/fmradiocultura.com.ar\/site2025\/wp-content\/uploads\/2026\/05\/2026-04-29-embajada-armenia-presentacion-del-libro-los-judios-de-la-tierra-de-noe-foto-manuel-pose-varela-48-_MPV9789-1024x683.jpg 1024w, https:\/\/fmradiocultura.com.ar\/site2025\/wp-content\/uploads\/2026\/05\/2026-04-29-embajada-armenia-presentacion-del-libro-los-judios-de-la-tierra-de-noe-foto-manuel-pose-varela-48-_MPV9789-300x200.jpg 300w, https:\/\/fmradiocultura.com.ar\/site2025\/wp-content\/uploads\/2026\/05\/2026-04-29-embajada-armenia-presentacion-del-libro-los-judios-de-la-tierra-de-noe-foto-manuel-pose-varela-48-_MPV9789-768x512.jpg 768w, https:\/\/fmradiocultura.com.ar\/site2025\/wp-content\/uploads\/2026\/05\/2026-04-29-embajada-armenia-presentacion-del-libro-los-judios-de-la-tierra-de-noe-foto-manuel-pose-varela-48-_MPV9789-1536x1024.jpg 1536w, https:\/\/fmradiocultura.com.ar\/site2025\/wp-content\/uploads\/2026\/05\/2026-04-29-embajada-armenia-presentacion-del-libro-los-judios-de-la-tierra-de-noe-foto-manuel-pose-varela-48-_MPV9789-2048x1365.jpg 2048w, https:\/\/fmradiocultura.com.ar\/site2025\/wp-content\/uploads\/2026\/05\/2026-04-29-embajada-armenia-presentacion-del-libro-los-judios-de-la-tierra-de-noe-foto-manuel-pose-varela-48-_MPV9789-150x100.jpg 150w, https:\/\/fmradiocultura.com.ar\/site2025\/wp-content\/uploads\/2026\/05\/2026-04-29-embajada-armenia-presentacion-del-libro-los-judios-de-la-tierra-de-noe-foto-manuel-pose-varela-48-_MPV9789-450x300.jpg 450w, https:\/\/fmradiocultura.com.ar\/site2025\/wp-content\/uploads\/2026\/05\/2026-04-29-embajada-armenia-presentacion-del-libro-los-judios-de-la-tierra-de-noe-foto-manuel-pose-varela-48-_MPV9789-1200x800.jpg 1200w\" sizes=\"(max-width: 1024px) 100vw, 1024px\" \/><figcaption class=\"wp-element-caption\">Embajada de Armenia<\/figcaption><\/figure>\n\n\n\n<figure class=\"wp-block-image size-large is-resized\"><img decoding=\"async\" width=\"683\" height=\"1024\" src=\"https:\/\/fmradiocultura.com.ar\/site2025\/wp-content\/uploads\/2026\/05\/2026-04-29-embajada-armenia-presentacion-del-libro-los-judios-de-la-tierra-de-noe-foto-manuel-pose-varela-17-_MPV9748-683x1024.jpg\" alt=\"\" class=\"wp-image-68732\" style=\"width:775px;height:auto\" srcset=\"https:\/\/fmradiocultura.com.ar\/site2025\/wp-content\/uploads\/2026\/05\/2026-04-29-embajada-armenia-presentacion-del-libro-los-judios-de-la-tierra-de-noe-foto-manuel-pose-varela-17-_MPV9748-683x1024.jpg 683w, https:\/\/fmradiocultura.com.ar\/site2025\/wp-content\/uploads\/2026\/05\/2026-04-29-embajada-armenia-presentacion-del-libro-los-judios-de-la-tierra-de-noe-foto-manuel-pose-varela-17-_MPV9748-200x300.jpg 200w, https:\/\/fmradiocultura.com.ar\/site2025\/wp-content\/uploads\/2026\/05\/2026-04-29-embajada-armenia-presentacion-del-libro-los-judios-de-la-tierra-de-noe-foto-manuel-pose-varela-17-_MPV9748-768x1152.jpg 768w, https:\/\/fmradiocultura.com.ar\/site2025\/wp-content\/uploads\/2026\/05\/2026-04-29-embajada-armenia-presentacion-del-libro-los-judios-de-la-tierra-de-noe-foto-manuel-pose-varela-17-_MPV9748-1024x1536.jpg 1024w, https:\/\/fmradiocultura.com.ar\/site2025\/wp-content\/uploads\/2026\/05\/2026-04-29-embajada-armenia-presentacion-del-libro-los-judios-de-la-tierra-de-noe-foto-manuel-pose-varela-17-_MPV9748-1365x2048.jpg 1365w, https:\/\/fmradiocultura.com.ar\/site2025\/wp-content\/uploads\/2026\/05\/2026-04-29-embajada-armenia-presentacion-del-libro-los-judios-de-la-tierra-de-noe-foto-manuel-pose-varela-17-_MPV9748-150x225.jpg 150w, https:\/\/fmradiocultura.com.ar\/site2025\/wp-content\/uploads\/2026\/05\/2026-04-29-embajada-armenia-presentacion-del-libro-los-judios-de-la-tierra-de-noe-foto-manuel-pose-varela-17-_MPV9748-450x675.jpg 450w, https:\/\/fmradiocultura.com.ar\/site2025\/wp-content\/uploads\/2026\/05\/2026-04-29-embajada-armenia-presentacion-del-libro-los-judios-de-la-tierra-de-noe-foto-manuel-pose-varela-17-_MPV9748-1200x1800.jpg 1200w, https:\/\/fmradiocultura.com.ar\/site2025\/wp-content\/uploads\/2026\/05\/2026-04-29-embajada-armenia-presentacion-del-libro-los-judios-de-la-tierra-de-noe-foto-manuel-pose-varela-17-_MPV9748-scaled.jpg 1707w\" sizes=\"(max-width: 683px) 100vw, 683px\" \/><figcaption class=\"wp-element-caption\"><strong>Ezequiel Vartian,<\/strong> moder\u00f3 la presentaci\u00f3n en la Embajada de Armenia<\/figcaption><\/figure>\n\n\n<div class=\"wp-block-image\">\n<figure class=\"aligncenter size-large is-resized\"><img decoding=\"async\" width=\"683\" height=\"1024\" src=\"https:\/\/fmradiocultura.com.ar\/site2025\/wp-content\/uploads\/2026\/05\/2026-04-29-embajada-armenia-presentacion-del-libro-los-judios-de-la-tierra-de-noe-foto-manuel-pose-varela-23-_MPV9764-683x1024.jpg\" alt=\"\" class=\"wp-image-68733\" style=\"width:780px;height:auto\" srcset=\"https:\/\/fmradiocultura.com.ar\/site2025\/wp-content\/uploads\/2026\/05\/2026-04-29-embajada-armenia-presentacion-del-libro-los-judios-de-la-tierra-de-noe-foto-manuel-pose-varela-23-_MPV9764-683x1024.jpg 683w, https:\/\/fmradiocultura.com.ar\/site2025\/wp-content\/uploads\/2026\/05\/2026-04-29-embajada-armenia-presentacion-del-libro-los-judios-de-la-tierra-de-noe-foto-manuel-pose-varela-23-_MPV9764-200x300.jpg 200w, https:\/\/fmradiocultura.com.ar\/site2025\/wp-content\/uploads\/2026\/05\/2026-04-29-embajada-armenia-presentacion-del-libro-los-judios-de-la-tierra-de-noe-foto-manuel-pose-varela-23-_MPV9764-768x1152.jpg 768w, https:\/\/fmradiocultura.com.ar\/site2025\/wp-content\/uploads\/2026\/05\/2026-04-29-embajada-armenia-presentacion-del-libro-los-judios-de-la-tierra-de-noe-foto-manuel-pose-varela-23-_MPV9764-1024x1536.jpg 1024w, https:\/\/fmradiocultura.com.ar\/site2025\/wp-content\/uploads\/2026\/05\/2026-04-29-embajada-armenia-presentacion-del-libro-los-judios-de-la-tierra-de-noe-foto-manuel-pose-varela-23-_MPV9764-1365x2048.jpg 1365w, https:\/\/fmradiocultura.com.ar\/site2025\/wp-content\/uploads\/2026\/05\/2026-04-29-embajada-armenia-presentacion-del-libro-los-judios-de-la-tierra-de-noe-foto-manuel-pose-varela-23-_MPV9764-150x225.jpg 150w, https:\/\/fmradiocultura.com.ar\/site2025\/wp-content\/uploads\/2026\/05\/2026-04-29-embajada-armenia-presentacion-del-libro-los-judios-de-la-tierra-de-noe-foto-manuel-pose-varela-23-_MPV9764-450x675.jpg 450w, https:\/\/fmradiocultura.com.ar\/site2025\/wp-content\/uploads\/2026\/05\/2026-04-29-embajada-armenia-presentacion-del-libro-los-judios-de-la-tierra-de-noe-foto-manuel-pose-varela-23-_MPV9764-1200x1800.jpg 1200w, https:\/\/fmradiocultura.com.ar\/site2025\/wp-content\/uploads\/2026\/05\/2026-04-29-embajada-armenia-presentacion-del-libro-los-judios-de-la-tierra-de-noe-foto-manuel-pose-varela-23-_MPV9764-scaled.jpg 1707w\" sizes=\"(max-width: 683px) 100vw, 683px\" \/><figcaption class=\"wp-element-caption\">Embajador de Armenia <strong>Hovhannes Virabyan<\/strong><\/figcaption><\/figure>\n<\/div>\n\n\n<figure class=\"wp-block-image size-large is-resized\"><img loading=\"lazy\" decoding=\"async\" width=\"683\" height=\"1024\" src=\"https:\/\/fmradiocultura.com.ar\/site2025\/wp-content\/uploads\/2026\/05\/2026-04-29-embajada-armenia-presentacion-del-libro-los-judios-de-la-tierra-de-noe-foto-manuel-pose-varela-32-_MPV9770-1-683x1024.jpg\" alt=\"\" class=\"wp-image-68735\" style=\"width:780px;height:auto\" srcset=\"https:\/\/fmradiocultura.com.ar\/site2025\/wp-content\/uploads\/2026\/05\/2026-04-29-embajada-armenia-presentacion-del-libro-los-judios-de-la-tierra-de-noe-foto-manuel-pose-varela-32-_MPV9770-1-683x1024.jpg 683w, https:\/\/fmradiocultura.com.ar\/site2025\/wp-content\/uploads\/2026\/05\/2026-04-29-embajada-armenia-presentacion-del-libro-los-judios-de-la-tierra-de-noe-foto-manuel-pose-varela-32-_MPV9770-1-200x300.jpg 200w, https:\/\/fmradiocultura.com.ar\/site2025\/wp-content\/uploads\/2026\/05\/2026-04-29-embajada-armenia-presentacion-del-libro-los-judios-de-la-tierra-de-noe-foto-manuel-pose-varela-32-_MPV9770-1-768x1152.jpg 768w, https:\/\/fmradiocultura.com.ar\/site2025\/wp-content\/uploads\/2026\/05\/2026-04-29-embajada-armenia-presentacion-del-libro-los-judios-de-la-tierra-de-noe-foto-manuel-pose-varela-32-_MPV9770-1-1024x1536.jpg 1024w, https:\/\/fmradiocultura.com.ar\/site2025\/wp-content\/uploads\/2026\/05\/2026-04-29-embajada-armenia-presentacion-del-libro-los-judios-de-la-tierra-de-noe-foto-manuel-pose-varela-32-_MPV9770-1-1365x2048.jpg 1365w, https:\/\/fmradiocultura.com.ar\/site2025\/wp-content\/uploads\/2026\/05\/2026-04-29-embajada-armenia-presentacion-del-libro-los-judios-de-la-tierra-de-noe-foto-manuel-pose-varela-32-_MPV9770-1-150x225.jpg 150w, https:\/\/fmradiocultura.com.ar\/site2025\/wp-content\/uploads\/2026\/05\/2026-04-29-embajada-armenia-presentacion-del-libro-los-judios-de-la-tierra-de-noe-foto-manuel-pose-varela-32-_MPV9770-1-450x675.jpg 450w, https:\/\/fmradiocultura.com.ar\/site2025\/wp-content\/uploads\/2026\/05\/2026-04-29-embajada-armenia-presentacion-del-libro-los-judios-de-la-tierra-de-noe-foto-manuel-pose-varela-32-_MPV9770-1-1200x1800.jpg 1200w, https:\/\/fmradiocultura.com.ar\/site2025\/wp-content\/uploads\/2026\/05\/2026-04-29-embajada-armenia-presentacion-del-libro-los-judios-de-la-tierra-de-noe-foto-manuel-pose-varela-32-_MPV9770-1-scaled.jpg 1707w\" sizes=\"(max-width: 683px) 100vw, 683px\" \/><figcaption class=\"wp-element-caption\">Vicepresidente de la Delegaci\u00f3n de Asociaciones Israelitas Argentinas, <strong>Marina Degtiar<\/strong><\/figcaption><\/figure>\n\n\n<div class=\"wp-block-image\">\n<figure class=\"aligncenter size-large\"><img loading=\"lazy\" decoding=\"async\" width=\"1024\" height=\"1024\" src=\"https:\/\/fmradiocultura.com.ar\/site2025\/wp-content\/uploads\/2026\/05\/2026-04-29-embajada-armenia-presentacion-del-libro-los-judios-de-la-tierra-de-noe-foto-manuel-pose-varela-11-_MPV9728-1-1024x1024.jpg\" alt=\"\" class=\"wp-image-68737\" srcset=\"https:\/\/fmradiocultura.com.ar\/site2025\/wp-content\/uploads\/2026\/05\/2026-04-29-embajada-armenia-presentacion-del-libro-los-judios-de-la-tierra-de-noe-foto-manuel-pose-varela-11-_MPV9728-1-1024x1024.jpg 1024w, https:\/\/fmradiocultura.com.ar\/site2025\/wp-content\/uploads\/2026\/05\/2026-04-29-embajada-armenia-presentacion-del-libro-los-judios-de-la-tierra-de-noe-foto-manuel-pose-varela-11-_MPV9728-1-300x300.jpg 300w, https:\/\/fmradiocultura.com.ar\/site2025\/wp-content\/uploads\/2026\/05\/2026-04-29-embajada-armenia-presentacion-del-libro-los-judios-de-la-tierra-de-noe-foto-manuel-pose-varela-11-_MPV9728-1-150x150.jpg 150w, https:\/\/fmradiocultura.com.ar\/site2025\/wp-content\/uploads\/2026\/05\/2026-04-29-embajada-armenia-presentacion-del-libro-los-judios-de-la-tierra-de-noe-foto-manuel-pose-varela-11-_MPV9728-1-768x768.jpg 768w, https:\/\/fmradiocultura.com.ar\/site2025\/wp-content\/uploads\/2026\/05\/2026-04-29-embajada-armenia-presentacion-del-libro-los-judios-de-la-tierra-de-noe-foto-manuel-pose-varela-11-_MPV9728-1-1536x1536.jpg 1536w, https:\/\/fmradiocultura.com.ar\/site2025\/wp-content\/uploads\/2026\/05\/2026-04-29-embajada-armenia-presentacion-del-libro-los-judios-de-la-tierra-de-noe-foto-manuel-pose-varela-11-_MPV9728-1-2048x2048.jpg 2048w, https:\/\/fmradiocultura.com.ar\/site2025\/wp-content\/uploads\/2026\/05\/2026-04-29-embajada-armenia-presentacion-del-libro-los-judios-de-la-tierra-de-noe-foto-manuel-pose-varela-11-_MPV9728-1-450x450.jpg 450w, https:\/\/fmradiocultura.com.ar\/site2025\/wp-content\/uploads\/2026\/05\/2026-04-29-embajada-armenia-presentacion-del-libro-los-judios-de-la-tierra-de-noe-foto-manuel-pose-varela-11-_MPV9728-1-1200x1200.jpg 1200w\" sizes=\"(max-width: 1024px) 100vw, 1024px\" \/><figcaption class=\"wp-element-caption\">Vicepresidente de la DAIA, <strong>Marina Degtiar<\/strong> y <strong>Jorge Knoblovits,<\/strong> expresidente de la DAIA <\/figcaption><\/figure>\n<\/div>\n\n<div class=\"wp-block-image\">\n<figure class=\"aligncenter size-large\"><img loading=\"lazy\" decoding=\"async\" width=\"1024\" height=\"683\" src=\"https:\/\/fmradiocultura.com.ar\/site2025\/wp-content\/uploads\/2026\/05\/2026-04-29-embajada-armenia-presentacion-del-libro-los-judios-de-la-tierra-de-noe-foto-manuel-pose-varela-13-_MPV9736-1024x683.jpg\" alt=\"\" class=\"wp-image-68738\" srcset=\"https:\/\/fmradiocultura.com.ar\/site2025\/wp-content\/uploads\/2026\/05\/2026-04-29-embajada-armenia-presentacion-del-libro-los-judios-de-la-tierra-de-noe-foto-manuel-pose-varela-13-_MPV9736-1024x683.jpg 1024w, https:\/\/fmradiocultura.com.ar\/site2025\/wp-content\/uploads\/2026\/05\/2026-04-29-embajada-armenia-presentacion-del-libro-los-judios-de-la-tierra-de-noe-foto-manuel-pose-varela-13-_MPV9736-300x200.jpg 300w, https:\/\/fmradiocultura.com.ar\/site2025\/wp-content\/uploads\/2026\/05\/2026-04-29-embajada-armenia-presentacion-del-libro-los-judios-de-la-tierra-de-noe-foto-manuel-pose-varela-13-_MPV9736-768x512.jpg 768w, https:\/\/fmradiocultura.com.ar\/site2025\/wp-content\/uploads\/2026\/05\/2026-04-29-embajada-armenia-presentacion-del-libro-los-judios-de-la-tierra-de-noe-foto-manuel-pose-varela-13-_MPV9736-1536x1024.jpg 1536w, https:\/\/fmradiocultura.com.ar\/site2025\/wp-content\/uploads\/2026\/05\/2026-04-29-embajada-armenia-presentacion-del-libro-los-judios-de-la-tierra-de-noe-foto-manuel-pose-varela-13-_MPV9736-2048x1365.jpg 2048w, https:\/\/fmradiocultura.com.ar\/site2025\/wp-content\/uploads\/2026\/05\/2026-04-29-embajada-armenia-presentacion-del-libro-los-judios-de-la-tierra-de-noe-foto-manuel-pose-varela-13-_MPV9736-150x100.jpg 150w, https:\/\/fmradiocultura.com.ar\/site2025\/wp-content\/uploads\/2026\/05\/2026-04-29-embajada-armenia-presentacion-del-libro-los-judios-de-la-tierra-de-noe-foto-manuel-pose-varela-13-_MPV9736-450x300.jpg 450w, https:\/\/fmradiocultura.com.ar\/site2025\/wp-content\/uploads\/2026\/05\/2026-04-29-embajada-armenia-presentacion-del-libro-los-judios-de-la-tierra-de-noe-foto-manuel-pose-varela-13-_MPV9736-1200x800.jpg 1200w\" sizes=\"(max-width: 1024px) 100vw, 1024px\" \/><figcaption class=\"wp-element-caption\">Embajador de Armenia <strong>Hovhannes Virabyan<\/strong>; Embajador de Marruecos, <strong>Fares Yassir<\/strong>; Legislador, <strong>Waldo Wolff <\/strong>y Embajador de Georgia, <strong>Gvaram Khandamishvili<\/strong><\/figcaption><\/figure>\n<\/div>\n\n\n<figure class=\"wp-block-image size-large\"><img loading=\"lazy\" decoding=\"async\" width=\"1024\" height=\"683\" src=\"https:\/\/fmradiocultura.com.ar\/site2025\/wp-content\/uploads\/2026\/05\/2026-04-29-embajada-armenia-presentacion-del-libro-los-judios-de-la-tierra-de-noe-foto-manuel-pose-varela-76-_MPV9876-1024x683.jpg\" alt=\"\" class=\"wp-image-68739\" srcset=\"https:\/\/fmradiocultura.com.ar\/site2025\/wp-content\/uploads\/2026\/05\/2026-04-29-embajada-armenia-presentacion-del-libro-los-judios-de-la-tierra-de-noe-foto-manuel-pose-varela-76-_MPV9876-1024x683.jpg 1024w, https:\/\/fmradiocultura.com.ar\/site2025\/wp-content\/uploads\/2026\/05\/2026-04-29-embajada-armenia-presentacion-del-libro-los-judios-de-la-tierra-de-noe-foto-manuel-pose-varela-76-_MPV9876-300x200.jpg 300w, https:\/\/fmradiocultura.com.ar\/site2025\/wp-content\/uploads\/2026\/05\/2026-04-29-embajada-armenia-presentacion-del-libro-los-judios-de-la-tierra-de-noe-foto-manuel-pose-varela-76-_MPV9876-768x512.jpg 768w, https:\/\/fmradiocultura.com.ar\/site2025\/wp-content\/uploads\/2026\/05\/2026-04-29-embajada-armenia-presentacion-del-libro-los-judios-de-la-tierra-de-noe-foto-manuel-pose-varela-76-_MPV9876-1536x1024.jpg 1536w, https:\/\/fmradiocultura.com.ar\/site2025\/wp-content\/uploads\/2026\/05\/2026-04-29-embajada-armenia-presentacion-del-libro-los-judios-de-la-tierra-de-noe-foto-manuel-pose-varela-76-_MPV9876-2048x1365.jpg 2048w, https:\/\/fmradiocultura.com.ar\/site2025\/wp-content\/uploads\/2026\/05\/2026-04-29-embajada-armenia-presentacion-del-libro-los-judios-de-la-tierra-de-noe-foto-manuel-pose-varela-76-_MPV9876-150x100.jpg 150w, https:\/\/fmradiocultura.com.ar\/site2025\/wp-content\/uploads\/2026\/05\/2026-04-29-embajada-armenia-presentacion-del-libro-los-judios-de-la-tierra-de-noe-foto-manuel-pose-varela-76-_MPV9876-450x300.jpg 450w, https:\/\/fmradiocultura.com.ar\/site2025\/wp-content\/uploads\/2026\/05\/2026-04-29-embajada-armenia-presentacion-del-libro-los-judios-de-la-tierra-de-noe-foto-manuel-pose-varela-76-_MPV9876-1200x800.jpg 1200w\" sizes=\"(max-width: 1024px) 100vw, 1024px\" \/><figcaption class=\"wp-element-caption\"><strong>Ariel Blufstein,<\/strong> de DAIA y promotor de la inciativa;\u00a0<strong>Stoyan Mihaylov<\/strong>, Embajadora de Bulgaria y sus pares de Armenia, <strong>Hovhannes Virabyan<\/strong>; y Rumania, <strong>Dan Petre<\/strong><\/figcaption><\/figure>\n\n\n<div class=\"wp-block-image\">\n<figure class=\"aligncenter size-large\"><img loading=\"lazy\" decoding=\"async\" width=\"1024\" height=\"1024\" src=\"https:\/\/fmradiocultura.com.ar\/site2025\/wp-content\/uploads\/2026\/05\/2026-04-29-embajada-armenia-presentacion-del-libro-los-judios-de-la-tierra-de-noe-foto-manuel-pose-varela-67-_MPV9853-1024x1024.jpg\" alt=\"\" class=\"wp-image-68747\" srcset=\"https:\/\/fmradiocultura.com.ar\/site2025\/wp-content\/uploads\/2026\/05\/2026-04-29-embajada-armenia-presentacion-del-libro-los-judios-de-la-tierra-de-noe-foto-manuel-pose-varela-67-_MPV9853-1024x1024.jpg 1024w, https:\/\/fmradiocultura.com.ar\/site2025\/wp-content\/uploads\/2026\/05\/2026-04-29-embajada-armenia-presentacion-del-libro-los-judios-de-la-tierra-de-noe-foto-manuel-pose-varela-67-_MPV9853-300x300.jpg 300w, https:\/\/fmradiocultura.com.ar\/site2025\/wp-content\/uploads\/2026\/05\/2026-04-29-embajada-armenia-presentacion-del-libro-los-judios-de-la-tierra-de-noe-foto-manuel-pose-varela-67-_MPV9853-150x150.jpg 150w, https:\/\/fmradiocultura.com.ar\/site2025\/wp-content\/uploads\/2026\/05\/2026-04-29-embajada-armenia-presentacion-del-libro-los-judios-de-la-tierra-de-noe-foto-manuel-pose-varela-67-_MPV9853-768x768.jpg 768w, https:\/\/fmradiocultura.com.ar\/site2025\/wp-content\/uploads\/2026\/05\/2026-04-29-embajada-armenia-presentacion-del-libro-los-judios-de-la-tierra-de-noe-foto-manuel-pose-varela-67-_MPV9853-1536x1536.jpg 1536w, https:\/\/fmradiocultura.com.ar\/site2025\/wp-content\/uploads\/2026\/05\/2026-04-29-embajada-armenia-presentacion-del-libro-los-judios-de-la-tierra-de-noe-foto-manuel-pose-varela-67-_MPV9853-2048x2048.jpg 2048w, https:\/\/fmradiocultura.com.ar\/site2025\/wp-content\/uploads\/2026\/05\/2026-04-29-embajada-armenia-presentacion-del-libro-los-judios-de-la-tierra-de-noe-foto-manuel-pose-varela-67-_MPV9853-450x450.jpg 450w, https:\/\/fmradiocultura.com.ar\/site2025\/wp-content\/uploads\/2026\/05\/2026-04-29-embajada-armenia-presentacion-del-libro-los-judios-de-la-tierra-de-noe-foto-manuel-pose-varela-67-_MPV9853-1200x1200.jpg 1200w\" sizes=\"(max-width: 1024px) 100vw, 1024px\" \/><figcaption class=\"wp-element-caption\"><strong>Agustin Caulo<\/strong>, Subsecretario de Culto de la Nacion saluda al Embajador de Armenia<\/figcaption><\/figure>\n<\/div>\n\n<div class=\"wp-block-image\">\n<figure class=\"aligncenter size-large is-resized\"><img loading=\"lazy\" decoding=\"async\" width=\"683\" height=\"1024\" src=\"https:\/\/fmradiocultura.com.ar\/site2025\/wp-content\/uploads\/2026\/05\/2026-04-29-embajada-armenia-presentacion-del-libro-los-judios-de-la-tierra-de-noe-foto-manuel-pose-varela-54-_MPV9810-683x1024.jpg\" alt=\"\" class=\"wp-image-68740\" style=\"width:780px;height:auto\" srcset=\"https:\/\/fmradiocultura.com.ar\/site2025\/wp-content\/uploads\/2026\/05\/2026-04-29-embajada-armenia-presentacion-del-libro-los-judios-de-la-tierra-de-noe-foto-manuel-pose-varela-54-_MPV9810-683x1024.jpg 683w, https:\/\/fmradiocultura.com.ar\/site2025\/wp-content\/uploads\/2026\/05\/2026-04-29-embajada-armenia-presentacion-del-libro-los-judios-de-la-tierra-de-noe-foto-manuel-pose-varela-54-_MPV9810-200x300.jpg 200w, https:\/\/fmradiocultura.com.ar\/site2025\/wp-content\/uploads\/2026\/05\/2026-04-29-embajada-armenia-presentacion-del-libro-los-judios-de-la-tierra-de-noe-foto-manuel-pose-varela-54-_MPV9810-768x1152.jpg 768w, https:\/\/fmradiocultura.com.ar\/site2025\/wp-content\/uploads\/2026\/05\/2026-04-29-embajada-armenia-presentacion-del-libro-los-judios-de-la-tierra-de-noe-foto-manuel-pose-varela-54-_MPV9810-1024x1536.jpg 1024w, https:\/\/fmradiocultura.com.ar\/site2025\/wp-content\/uploads\/2026\/05\/2026-04-29-embajada-armenia-presentacion-del-libro-los-judios-de-la-tierra-de-noe-foto-manuel-pose-varela-54-_MPV9810-1365x2048.jpg 1365w, https:\/\/fmradiocultura.com.ar\/site2025\/wp-content\/uploads\/2026\/05\/2026-04-29-embajada-armenia-presentacion-del-libro-los-judios-de-la-tierra-de-noe-foto-manuel-pose-varela-54-_MPV9810-150x225.jpg 150w, https:\/\/fmradiocultura.com.ar\/site2025\/wp-content\/uploads\/2026\/05\/2026-04-29-embajada-armenia-presentacion-del-libro-los-judios-de-la-tierra-de-noe-foto-manuel-pose-varela-54-_MPV9810-450x675.jpg 450w, https:\/\/fmradiocultura.com.ar\/site2025\/wp-content\/uploads\/2026\/05\/2026-04-29-embajada-armenia-presentacion-del-libro-los-judios-de-la-tierra-de-noe-foto-manuel-pose-varela-54-_MPV9810-1200x1800.jpg 1200w, https:\/\/fmradiocultura.com.ar\/site2025\/wp-content\/uploads\/2026\/05\/2026-04-29-embajada-armenia-presentacion-del-libro-los-judios-de-la-tierra-de-noe-foto-manuel-pose-varela-54-_MPV9810-scaled.jpg 1707w\" sizes=\"(max-width: 683px) 100vw, 683px\" \/><figcaption class=\"wp-element-caption\"><strong>Diego Zuckerberg,<\/strong> Secretario General de Keren Kayemet LeIsrael &#8211; Jewish National Fund con el libro<\/figcaption><\/figure>\n<\/div>\n\n<div class=\"wp-block-image\">\n<figure class=\"aligncenter size-large is-resized\"><img loading=\"lazy\" decoding=\"async\" width=\"683\" height=\"1024\" src=\"https:\/\/fmradiocultura.com.ar\/site2025\/wp-content\/uploads\/2026\/05\/2026-04-29-embajada-armenia-presentacion-del-libro-los-judios-de-la-tierra-de-noe-foto-manuel-pose-varela-50-_MPV9798-683x1024.jpg\" alt=\"\" class=\"wp-image-68741\" style=\"width:780px;height:auto\" srcset=\"https:\/\/fmradiocultura.com.ar\/site2025\/wp-content\/uploads\/2026\/05\/2026-04-29-embajada-armenia-presentacion-del-libro-los-judios-de-la-tierra-de-noe-foto-manuel-pose-varela-50-_MPV9798-683x1024.jpg 683w, https:\/\/fmradiocultura.com.ar\/site2025\/wp-content\/uploads\/2026\/05\/2026-04-29-embajada-armenia-presentacion-del-libro-los-judios-de-la-tierra-de-noe-foto-manuel-pose-varela-50-_MPV9798-200x300.jpg 200w, https:\/\/fmradiocultura.com.ar\/site2025\/wp-content\/uploads\/2026\/05\/2026-04-29-embajada-armenia-presentacion-del-libro-los-judios-de-la-tierra-de-noe-foto-manuel-pose-varela-50-_MPV9798-768x1152.jpg 768w, https:\/\/fmradiocultura.com.ar\/site2025\/wp-content\/uploads\/2026\/05\/2026-04-29-embajada-armenia-presentacion-del-libro-los-judios-de-la-tierra-de-noe-foto-manuel-pose-varela-50-_MPV9798-1024x1536.jpg 1024w, https:\/\/fmradiocultura.com.ar\/site2025\/wp-content\/uploads\/2026\/05\/2026-04-29-embajada-armenia-presentacion-del-libro-los-judios-de-la-tierra-de-noe-foto-manuel-pose-varela-50-_MPV9798-1365x2048.jpg 1365w, https:\/\/fmradiocultura.com.ar\/site2025\/wp-content\/uploads\/2026\/05\/2026-04-29-embajada-armenia-presentacion-del-libro-los-judios-de-la-tierra-de-noe-foto-manuel-pose-varela-50-_MPV9798-150x225.jpg 150w, https:\/\/fmradiocultura.com.ar\/site2025\/wp-content\/uploads\/2026\/05\/2026-04-29-embajada-armenia-presentacion-del-libro-los-judios-de-la-tierra-de-noe-foto-manuel-pose-varela-50-_MPV9798-450x675.jpg 450w, https:\/\/fmradiocultura.com.ar\/site2025\/wp-content\/uploads\/2026\/05\/2026-04-29-embajada-armenia-presentacion-del-libro-los-judios-de-la-tierra-de-noe-foto-manuel-pose-varela-50-_MPV9798-1200x1800.jpg 1200w, https:\/\/fmradiocultura.com.ar\/site2025\/wp-content\/uploads\/2026\/05\/2026-04-29-embajada-armenia-presentacion-del-libro-los-judios-de-la-tierra-de-noe-foto-manuel-pose-varela-50-_MPV9798-scaled.jpg 1707w\" sizes=\"(max-width: 683px) 100vw, 683px\" \/><figcaption class=\"wp-element-caption\">El legislador <strong>Waldo Wolff<\/strong> de la Legislatura de la Ciudad Aut\u00f3noma de Buenos Aires con su libro en la Embajada de Armenia<\/figcaption><\/figure>\n<\/div>\n\n\n<figure class=\"wp-block-image size-large\"><img loading=\"lazy\" decoding=\"async\" width=\"1024\" height=\"1024\" src=\"https:\/\/fmradiocultura.com.ar\/site2025\/wp-content\/uploads\/2026\/05\/2026-04-29-embajada-armenia-presentacion-del-libro-los-judios-de-la-tierra-de-noe-foto-manuel-pose-varela-58-_MPV9820-1024x1024.jpg\" alt=\"\" class=\"wp-image-68742\" srcset=\"https:\/\/fmradiocultura.com.ar\/site2025\/wp-content\/uploads\/2026\/05\/2026-04-29-embajada-armenia-presentacion-del-libro-los-judios-de-la-tierra-de-noe-foto-manuel-pose-varela-58-_MPV9820-1024x1024.jpg 1024w, https:\/\/fmradiocultura.com.ar\/site2025\/wp-content\/uploads\/2026\/05\/2026-04-29-embajada-armenia-presentacion-del-libro-los-judios-de-la-tierra-de-noe-foto-manuel-pose-varela-58-_MPV9820-300x300.jpg 300w, https:\/\/fmradiocultura.com.ar\/site2025\/wp-content\/uploads\/2026\/05\/2026-04-29-embajada-armenia-presentacion-del-libro-los-judios-de-la-tierra-de-noe-foto-manuel-pose-varela-58-_MPV9820-150x150.jpg 150w, https:\/\/fmradiocultura.com.ar\/site2025\/wp-content\/uploads\/2026\/05\/2026-04-29-embajada-armenia-presentacion-del-libro-los-judios-de-la-tierra-de-noe-foto-manuel-pose-varela-58-_MPV9820-768x768.jpg 768w, https:\/\/fmradiocultura.com.ar\/site2025\/wp-content\/uploads\/2026\/05\/2026-04-29-embajada-armenia-presentacion-del-libro-los-judios-de-la-tierra-de-noe-foto-manuel-pose-varela-58-_MPV9820-1536x1536.jpg 1536w, https:\/\/fmradiocultura.com.ar\/site2025\/wp-content\/uploads\/2026\/05\/2026-04-29-embajada-armenia-presentacion-del-libro-los-judios-de-la-tierra-de-noe-foto-manuel-pose-varela-58-_MPV9820-2048x2048.jpg 2048w, https:\/\/fmradiocultura.com.ar\/site2025\/wp-content\/uploads\/2026\/05\/2026-04-29-embajada-armenia-presentacion-del-libro-los-judios-de-la-tierra-de-noe-foto-manuel-pose-varela-58-_MPV9820-450x450.jpg 450w, https:\/\/fmradiocultura.com.ar\/site2025\/wp-content\/uploads\/2026\/05\/2026-04-29-embajada-armenia-presentacion-del-libro-los-judios-de-la-tierra-de-noe-foto-manuel-pose-varela-58-_MPV9820-1200x1200.jpg 1200w\" sizes=\"(max-width: 1024px) 100vw, 1024px\" \/><figcaption class=\"wp-element-caption\"> \u201cLos jud\u00edos en la Tierra de No\u00e9\u201d que narra una parte de la historia y el legado de la comunidad jud\u00eda en Armenia.<\/figcaption><\/figure>\n\n\n\n<figure class=\"wp-block-image size-large\"><img loading=\"lazy\" decoding=\"async\" width=\"1024\" height=\"1024\" src=\"https:\/\/fmradiocultura.com.ar\/site2025\/wp-content\/uploads\/2026\/05\/2026-04-29-embajada-armenia-presentacion-del-libro-los-judios-de-la-tierra-de-noe-foto-manuel-pose-varela-69-_MPV9857-1024x1024.jpg\" alt=\"\" class=\"wp-image-68745\" srcset=\"https:\/\/fmradiocultura.com.ar\/site2025\/wp-content\/uploads\/2026\/05\/2026-04-29-embajada-armenia-presentacion-del-libro-los-judios-de-la-tierra-de-noe-foto-manuel-pose-varela-69-_MPV9857-1024x1024.jpg 1024w, https:\/\/fmradiocultura.com.ar\/site2025\/wp-content\/uploads\/2026\/05\/2026-04-29-embajada-armenia-presentacion-del-libro-los-judios-de-la-tierra-de-noe-foto-manuel-pose-varela-69-_MPV9857-300x300.jpg 300w, https:\/\/fmradiocultura.com.ar\/site2025\/wp-content\/uploads\/2026\/05\/2026-04-29-embajada-armenia-presentacion-del-libro-los-judios-de-la-tierra-de-noe-foto-manuel-pose-varela-69-_MPV9857-150x150.jpg 150w, https:\/\/fmradiocultura.com.ar\/site2025\/wp-content\/uploads\/2026\/05\/2026-04-29-embajada-armenia-presentacion-del-libro-los-judios-de-la-tierra-de-noe-foto-manuel-pose-varela-69-_MPV9857-768x768.jpg 768w, https:\/\/fmradiocultura.com.ar\/site2025\/wp-content\/uploads\/2026\/05\/2026-04-29-embajada-armenia-presentacion-del-libro-los-judios-de-la-tierra-de-noe-foto-manuel-pose-varela-69-_MPV9857-1536x1536.jpg 1536w, https:\/\/fmradiocultura.com.ar\/site2025\/wp-content\/uploads\/2026\/05\/2026-04-29-embajada-armenia-presentacion-del-libro-los-judios-de-la-tierra-de-noe-foto-manuel-pose-varela-69-_MPV9857-2048x2048.jpg 2048w, https:\/\/fmradiocultura.com.ar\/site2025\/wp-content\/uploads\/2026\/05\/2026-04-29-embajada-armenia-presentacion-del-libro-los-judios-de-la-tierra-de-noe-foto-manuel-pose-varela-69-_MPV9857-450x450.jpg 450w, https:\/\/fmradiocultura.com.ar\/site2025\/wp-content\/uploads\/2026\/05\/2026-04-29-embajada-armenia-presentacion-del-libro-los-judios-de-la-tierra-de-noe-foto-manuel-pose-varela-69-_MPV9857-1200x1200.jpg 1200w\" sizes=\"(max-width: 1024px) 100vw, 1024px\" \/><figcaption class=\"wp-element-caption\">Embajadores de Rumania y Georgia y el periodista y director general de Radio Cultura, <strong>Pablo De Vita<\/strong><\/figcaption><\/figure>\n\n\n<div class=\"wp-block-image\">\n<figure class=\"aligncenter size-large\"><img loading=\"lazy\" decoding=\"async\" width=\"1024\" height=\"1024\" src=\"https:\/\/fmradiocultura.com.ar\/site2025\/wp-content\/uploads\/2026\/05\/2026-04-29-embajada-armenia-presentacion-del-libro-los-judios-de-la-tierra-de-noe-foto-manuel-pose-varela-77-_MPV9884-1024x1024.jpg\" alt=\"\" class=\"wp-image-68746\" srcset=\"https:\/\/fmradiocultura.com.ar\/site2025\/wp-content\/uploads\/2026\/05\/2026-04-29-embajada-armenia-presentacion-del-libro-los-judios-de-la-tierra-de-noe-foto-manuel-pose-varela-77-_MPV9884-1024x1024.jpg 1024w, https:\/\/fmradiocultura.com.ar\/site2025\/wp-content\/uploads\/2026\/05\/2026-04-29-embajada-armenia-presentacion-del-libro-los-judios-de-la-tierra-de-noe-foto-manuel-pose-varela-77-_MPV9884-300x300.jpg 300w, https:\/\/fmradiocultura.com.ar\/site2025\/wp-content\/uploads\/2026\/05\/2026-04-29-embajada-armenia-presentacion-del-libro-los-judios-de-la-tierra-de-noe-foto-manuel-pose-varela-77-_MPV9884-150x150.jpg 150w, https:\/\/fmradiocultura.com.ar\/site2025\/wp-content\/uploads\/2026\/05\/2026-04-29-embajada-armenia-presentacion-del-libro-los-judios-de-la-tierra-de-noe-foto-manuel-pose-varela-77-_MPV9884-768x768.jpg 768w, https:\/\/fmradiocultura.com.ar\/site2025\/wp-content\/uploads\/2026\/05\/2026-04-29-embajada-armenia-presentacion-del-libro-los-judios-de-la-tierra-de-noe-foto-manuel-pose-varela-77-_MPV9884-1536x1536.jpg 1536w, https:\/\/fmradiocultura.com.ar\/site2025\/wp-content\/uploads\/2026\/05\/2026-04-29-embajada-armenia-presentacion-del-libro-los-judios-de-la-tierra-de-noe-foto-manuel-pose-varela-77-_MPV9884-2048x2048.jpg 2048w, https:\/\/fmradiocultura.com.ar\/site2025\/wp-content\/uploads\/2026\/05\/2026-04-29-embajada-armenia-presentacion-del-libro-los-judios-de-la-tierra-de-noe-foto-manuel-pose-varela-77-_MPV9884-450x450.jpg 450w, https:\/\/fmradiocultura.com.ar\/site2025\/wp-content\/uploads\/2026\/05\/2026-04-29-embajada-armenia-presentacion-del-libro-los-judios-de-la-tierra-de-noe-foto-manuel-pose-varela-77-_MPV9884-1200x1200.jpg 1200w\" sizes=\"(max-width: 1024px) 100vw, 1024px\" \/><figcaption class=\"wp-element-caption\"><strong>Luciana Minassian <\/strong>conversa y sostiene su ejemplar<\/figcaption><\/figure>\n<\/div>\n\n\n<figure class=\"wp-block-image size-large\"><img loading=\"lazy\" decoding=\"async\" width=\"1024\" height=\"1024\" src=\"https:\/\/fmradiocultura.com.ar\/site2025\/wp-content\/uploads\/2026\/05\/2026-04-29-embajada-armenia-presentacion-del-libro-los-judios-de-la-tierra-de-noe-foto-manuel-pose-varela-52-_MPV9808-1024x1024.jpg\" alt=\"\" class=\"wp-image-68754\" srcset=\"https:\/\/fmradiocultura.com.ar\/site2025\/wp-content\/uploads\/2026\/05\/2026-04-29-embajada-armenia-presentacion-del-libro-los-judios-de-la-tierra-de-noe-foto-manuel-pose-varela-52-_MPV9808-1024x1024.jpg 1024w, https:\/\/fmradiocultura.com.ar\/site2025\/wp-content\/uploads\/2026\/05\/2026-04-29-embajada-armenia-presentacion-del-libro-los-judios-de-la-tierra-de-noe-foto-manuel-pose-varela-52-_MPV9808-300x300.jpg 300w, https:\/\/fmradiocultura.com.ar\/site2025\/wp-content\/uploads\/2026\/05\/2026-04-29-embajada-armenia-presentacion-del-libro-los-judios-de-la-tierra-de-noe-foto-manuel-pose-varela-52-_MPV9808-150x150.jpg 150w, https:\/\/fmradiocultura.com.ar\/site2025\/wp-content\/uploads\/2026\/05\/2026-04-29-embajada-armenia-presentacion-del-libro-los-judios-de-la-tierra-de-noe-foto-manuel-pose-varela-52-_MPV9808-768x768.jpg 768w, https:\/\/fmradiocultura.com.ar\/site2025\/wp-content\/uploads\/2026\/05\/2026-04-29-embajada-armenia-presentacion-del-libro-los-judios-de-la-tierra-de-noe-foto-manuel-pose-varela-52-_MPV9808-1536x1536.jpg 1536w, https:\/\/fmradiocultura.com.ar\/site2025\/wp-content\/uploads\/2026\/05\/2026-04-29-embajada-armenia-presentacion-del-libro-los-judios-de-la-tierra-de-noe-foto-manuel-pose-varela-52-_MPV9808-2048x2048.jpg 2048w, https:\/\/fmradiocultura.com.ar\/site2025\/wp-content\/uploads\/2026\/05\/2026-04-29-embajada-armenia-presentacion-del-libro-los-judios-de-la-tierra-de-noe-foto-manuel-pose-varela-52-_MPV9808-450x450.jpg 450w, https:\/\/fmradiocultura.com.ar\/site2025\/wp-content\/uploads\/2026\/05\/2026-04-29-embajada-armenia-presentacion-del-libro-los-judios-de-la-tierra-de-noe-foto-manuel-pose-varela-52-_MPV9808-1200x1200.jpg 1200w\" sizes=\"(max-width: 1024px) 100vw, 1024px\" \/><figcaption class=\"wp-element-caption\"><strong>Ariel Blufstein <\/strong>conversa con el ex presidente de la DAIA<\/figcaption><\/figure>\n\n\n\n<figure class=\"wp-block-image size-large\"><img loading=\"lazy\" decoding=\"async\" width=\"1024\" height=\"683\" src=\"https:\/\/fmradiocultura.com.ar\/site2025\/wp-content\/uploads\/2026\/05\/2026-04-29-embajada-armenia-presentacion-del-libro-los-judios-de-la-tierra-de-noe-foto-manuel-pose-varela-05-_MPV9715-1-1024x683.jpg\" alt=\"\" class=\"wp-image-68757\" srcset=\"https:\/\/fmradiocultura.com.ar\/site2025\/wp-content\/uploads\/2026\/05\/2026-04-29-embajada-armenia-presentacion-del-libro-los-judios-de-la-tierra-de-noe-foto-manuel-pose-varela-05-_MPV9715-1-1024x683.jpg 1024w, https:\/\/fmradiocultura.com.ar\/site2025\/wp-content\/uploads\/2026\/05\/2026-04-29-embajada-armenia-presentacion-del-libro-los-judios-de-la-tierra-de-noe-foto-manuel-pose-varela-05-_MPV9715-1-300x200.jpg 300w, https:\/\/fmradiocultura.com.ar\/site2025\/wp-content\/uploads\/2026\/05\/2026-04-29-embajada-armenia-presentacion-del-libro-los-judios-de-la-tierra-de-noe-foto-manuel-pose-varela-05-_MPV9715-1-768x512.jpg 768w, https:\/\/fmradiocultura.com.ar\/site2025\/wp-content\/uploads\/2026\/05\/2026-04-29-embajada-armenia-presentacion-del-libro-los-judios-de-la-tierra-de-noe-foto-manuel-pose-varela-05-_MPV9715-1-1536x1024.jpg 1536w, https:\/\/fmradiocultura.com.ar\/site2025\/wp-content\/uploads\/2026\/05\/2026-04-29-embajada-armenia-presentacion-del-libro-los-judios-de-la-tierra-de-noe-foto-manuel-pose-varela-05-_MPV9715-1-2048x1365.jpg 2048w, https:\/\/fmradiocultura.com.ar\/site2025\/wp-content\/uploads\/2026\/05\/2026-04-29-embajada-armenia-presentacion-del-libro-los-judios-de-la-tierra-de-noe-foto-manuel-pose-varela-05-_MPV9715-1-150x100.jpg 150w, https:\/\/fmradiocultura.com.ar\/site2025\/wp-content\/uploads\/2026\/05\/2026-04-29-embajada-armenia-presentacion-del-libro-los-judios-de-la-tierra-de-noe-foto-manuel-pose-varela-05-_MPV9715-1-450x300.jpg 450w, https:\/\/fmradiocultura.com.ar\/site2025\/wp-content\/uploads\/2026\/05\/2026-04-29-embajada-armenia-presentacion-del-libro-los-judios-de-la-tierra-de-noe-foto-manuel-pose-varela-05-_MPV9715-1-1200x800.jpg 1200w\" sizes=\"(max-width: 1024px) 100vw, 1024px\" \/><figcaption class=\"wp-element-caption\">Conversaci\u00f3n animada entre el periodista y actor <strong>Guillermo Yanco<\/strong>, <strong>Daiana Rivas<\/strong> de la PSA y amigos<\/figcaption><\/figure>\n\n\n\n<figure class=\"wp-block-image size-large\"><img loading=\"lazy\" decoding=\"async\" width=\"1024\" height=\"683\" src=\"https:\/\/fmradiocultura.com.ar\/site2025\/wp-content\/uploads\/2026\/05\/2026-04-29-embajada-armenia-presentacion-del-libro-los-judios-de-la-tierra-de-noe-foto-manuel-pose-varela-82-_MPV9895-1-1024x683.jpg\" alt=\"\" class=\"wp-image-68758\" srcset=\"https:\/\/fmradiocultura.com.ar\/site2025\/wp-content\/uploads\/2026\/05\/2026-04-29-embajada-armenia-presentacion-del-libro-los-judios-de-la-tierra-de-noe-foto-manuel-pose-varela-82-_MPV9895-1-1024x683.jpg 1024w, https:\/\/fmradiocultura.com.ar\/site2025\/wp-content\/uploads\/2026\/05\/2026-04-29-embajada-armenia-presentacion-del-libro-los-judios-de-la-tierra-de-noe-foto-manuel-pose-varela-82-_MPV9895-1-300x200.jpg 300w, https:\/\/fmradiocultura.com.ar\/site2025\/wp-content\/uploads\/2026\/05\/2026-04-29-embajada-armenia-presentacion-del-libro-los-judios-de-la-tierra-de-noe-foto-manuel-pose-varela-82-_MPV9895-1-768x512.jpg 768w, https:\/\/fmradiocultura.com.ar\/site2025\/wp-content\/uploads\/2026\/05\/2026-04-29-embajada-armenia-presentacion-del-libro-los-judios-de-la-tierra-de-noe-foto-manuel-pose-varela-82-_MPV9895-1-1536x1024.jpg 1536w, https:\/\/fmradiocultura.com.ar\/site2025\/wp-content\/uploads\/2026\/05\/2026-04-29-embajada-armenia-presentacion-del-libro-los-judios-de-la-tierra-de-noe-foto-manuel-pose-varela-82-_MPV9895-1-2048x1365.jpg 2048w, https:\/\/fmradiocultura.com.ar\/site2025\/wp-content\/uploads\/2026\/05\/2026-04-29-embajada-armenia-presentacion-del-libro-los-judios-de-la-tierra-de-noe-foto-manuel-pose-varela-82-_MPV9895-1-150x100.jpg 150w, https:\/\/fmradiocultura.com.ar\/site2025\/wp-content\/uploads\/2026\/05\/2026-04-29-embajada-armenia-presentacion-del-libro-los-judios-de-la-tierra-de-noe-foto-manuel-pose-varela-82-_MPV9895-1-450x300.jpg 450w, https:\/\/fmradiocultura.com.ar\/site2025\/wp-content\/uploads\/2026\/05\/2026-04-29-embajada-armenia-presentacion-del-libro-los-judios-de-la-tierra-de-noe-foto-manuel-pose-varela-82-_MPV9895-1-1200x800.jpg 1200w\" sizes=\"(max-width: 1024px) 100vw, 1024px\" \/><figcaption class=\"wp-element-caption\"><strong>Pablo De Vita<\/strong> conversa con la abogada <strong>Ximena Made<\/strong> y el Director General de Colectividades, <strong>Gast\u00f3n Juan<\/strong><\/figcaption><\/figure>\n\n\n\n<figure class=\"wp-block-image size-large\"><img loading=\"lazy\" decoding=\"async\" width=\"1024\" height=\"683\" src=\"https:\/\/fmradiocultura.com.ar\/site2025\/wp-content\/uploads\/2026\/05\/2026-04-29-embajada-armenia-presentacion-del-libro-los-judios-de-la-tierra-de-noe-foto-manuel-pose-varela-61-_MPV9830-1-1-1024x683.jpg\" alt=\"\" class=\"wp-image-68760\" srcset=\"https:\/\/fmradiocultura.com.ar\/site2025\/wp-content\/uploads\/2026\/05\/2026-04-29-embajada-armenia-presentacion-del-libro-los-judios-de-la-tierra-de-noe-foto-manuel-pose-varela-61-_MPV9830-1-1-1024x683.jpg 1024w, https:\/\/fmradiocultura.com.ar\/site2025\/wp-content\/uploads\/2026\/05\/2026-04-29-embajada-armenia-presentacion-del-libro-los-judios-de-la-tierra-de-noe-foto-manuel-pose-varela-61-_MPV9830-1-1-300x200.jpg 300w, https:\/\/fmradiocultura.com.ar\/site2025\/wp-content\/uploads\/2026\/05\/2026-04-29-embajada-armenia-presentacion-del-libro-los-judios-de-la-tierra-de-noe-foto-manuel-pose-varela-61-_MPV9830-1-1-768x512.jpg 768w, https:\/\/fmradiocultura.com.ar\/site2025\/wp-content\/uploads\/2026\/05\/2026-04-29-embajada-armenia-presentacion-del-libro-los-judios-de-la-tierra-de-noe-foto-manuel-pose-varela-61-_MPV9830-1-1-1536x1024.jpg 1536w, https:\/\/fmradiocultura.com.ar\/site2025\/wp-content\/uploads\/2026\/05\/2026-04-29-embajada-armenia-presentacion-del-libro-los-judios-de-la-tierra-de-noe-foto-manuel-pose-varela-61-_MPV9830-1-1-2048x1365.jpg 2048w, https:\/\/fmradiocultura.com.ar\/site2025\/wp-content\/uploads\/2026\/05\/2026-04-29-embajada-armenia-presentacion-del-libro-los-judios-de-la-tierra-de-noe-foto-manuel-pose-varela-61-_MPV9830-1-1-150x100.jpg 150w, https:\/\/fmradiocultura.com.ar\/site2025\/wp-content\/uploads\/2026\/05\/2026-04-29-embajada-armenia-presentacion-del-libro-los-judios-de-la-tierra-de-noe-foto-manuel-pose-varela-61-_MPV9830-1-1-450x300.jpg 450w, https:\/\/fmradiocultura.com.ar\/site2025\/wp-content\/uploads\/2026\/05\/2026-04-29-embajada-armenia-presentacion-del-libro-los-judios-de-la-tierra-de-noe-foto-manuel-pose-varela-61-_MPV9830-1-1-1200x800.jpg 1200w\" sizes=\"(max-width: 1024px) 100vw, 1024px\" \/><figcaption class=\"wp-element-caption\">Charla animada entre <strong>Luciana Minassian<\/strong> y la c\u00f3nsul armenia,<strong> Ruzanna Azroyan<\/strong><\/figcaption><\/figure>\n\n\n\n<figure class=\"wp-block-image size-large\"><img loading=\"lazy\" decoding=\"async\" width=\"1024\" height=\"683\" src=\"https:\/\/fmradiocultura.com.ar\/site2025\/wp-content\/uploads\/2026\/05\/2026-04-29-embajada-armenia-presentacion-del-libro-los-judios-de-la-tierra-de-noe-foto-manuel-pose-varela-18-_MPV9749-1024x683.jpg\" alt=\"\" class=\"wp-image-68761\" srcset=\"https:\/\/fmradiocultura.com.ar\/site2025\/wp-content\/uploads\/2026\/05\/2026-04-29-embajada-armenia-presentacion-del-libro-los-judios-de-la-tierra-de-noe-foto-manuel-pose-varela-18-_MPV9749-1024x683.jpg 1024w, https:\/\/fmradiocultura.com.ar\/site2025\/wp-content\/uploads\/2026\/05\/2026-04-29-embajada-armenia-presentacion-del-libro-los-judios-de-la-tierra-de-noe-foto-manuel-pose-varela-18-_MPV9749-300x200.jpg 300w, https:\/\/fmradiocultura.com.ar\/site2025\/wp-content\/uploads\/2026\/05\/2026-04-29-embajada-armenia-presentacion-del-libro-los-judios-de-la-tierra-de-noe-foto-manuel-pose-varela-18-_MPV9749-768x512.jpg 768w, https:\/\/fmradiocultura.com.ar\/site2025\/wp-content\/uploads\/2026\/05\/2026-04-29-embajada-armenia-presentacion-del-libro-los-judios-de-la-tierra-de-noe-foto-manuel-pose-varela-18-_MPV9749-1536x1024.jpg 1536w, https:\/\/fmradiocultura.com.ar\/site2025\/wp-content\/uploads\/2026\/05\/2026-04-29-embajada-armenia-presentacion-del-libro-los-judios-de-la-tierra-de-noe-foto-manuel-pose-varela-18-_MPV9749-2048x1365.jpg 2048w, https:\/\/fmradiocultura.com.ar\/site2025\/wp-content\/uploads\/2026\/05\/2026-04-29-embajada-armenia-presentacion-del-libro-los-judios-de-la-tierra-de-noe-foto-manuel-pose-varela-18-_MPV9749-150x100.jpg 150w, https:\/\/fmradiocultura.com.ar\/site2025\/wp-content\/uploads\/2026\/05\/2026-04-29-embajada-armenia-presentacion-del-libro-los-judios-de-la-tierra-de-noe-foto-manuel-pose-varela-18-_MPV9749-450x300.jpg 450w, https:\/\/fmradiocultura.com.ar\/site2025\/wp-content\/uploads\/2026\/05\/2026-04-29-embajada-armenia-presentacion-del-libro-los-judios-de-la-tierra-de-noe-foto-manuel-pose-varela-18-_MPV9749-1200x800.jpg 1200w\" sizes=\"(max-width: 1024px) 100vw, 1024px\" \/><figcaption class=\"wp-element-caption\">La Embajada de Armenia tuvo una enorme asistencia para el lanzamiento de \u00abLos jud\u00edos en la tierra de No\u00e9\u00bb<\/figcaption><\/figure>\n\n\n\n<p><\/p>\n","protected":false},"excerpt":{"rendered":"<p>Redacci\u00f3n<\/p>\n","protected":false},"author":1,"featured_media":68762,"comment_status":"open","ping_status":"open","sticky":false,"template":"","format":"standard","meta":{"footnotes":""},"categories":[45,306],"tags":[2708,280,2707,721,2706,395,2716,820,2713,94,2710,2714,2705,2715,2709,2711,64,1957,2712],"class_list":{"0":"post-68729","1":"post","2":"type-post","3":"status-publish","4":"format-standard","5":"has-post-thumbnail","7":"category-agenda-cultural","8":"category-literatura","9":"tag-agustin-ezequiel-caulo","10":"tag-ariel-blufstein","11":"tag-daia","12":"tag-dan-petre","13":"tag-delegacion-de-asociaciones-israelitas-argentinas","14":"tag-embajada-de-armenia","15":"tag-ezequiel-vartian","16":"tag-fares-yassir","17":"tag-gonzalez-banez-villar","18":"tag-gvaram-khandamishvili","19":"tag-hovhannes-virabyan","20":"tag-lautaro-perez","21":"tag-los-judios-en-la-tierra-de-noe","22":"tag-manuel-pose-varela","23":"tag-marina-degtiar","24":"tag-nahuel-luciano","25":"tag-pablo-de-vita","26":"tag-stoyan-mihaylov","27":"tag-waldo-wolff"},"yoast_head":"<!-- This site is optimized with the Yoast SEO plugin v27.2 - https:\/\/yoast.com\/product\/yoast-seo-wordpress\/ -->\n<title>Se present\u00f3 &quot;Los jud\u00edos en la tierra de No\u00e9&quot;, en la Embajada de Armenia. &#8211; Radio Cultura<\/title>\n<meta name=\"robots\" content=\"noindex, follow, max-snippet:-1, max-image-preview:large, max-video-preview:-1\" \/>\n<meta property=\"og:locale\" content=\"es_ES\" \/>\n<meta property=\"og:type\" content=\"article\" \/>\n<meta property=\"og:title\" content=\"Se present\u00f3 &quot;Los jud\u00edos en la tierra de No\u00e9&quot;, en la Embajada de Armenia. &#8211; Radio Cultura\" \/>\n<meta property=\"og:description\" content=\"Redacci\u00f3n\" \/>\n<meta property=\"og:url\" content=\"https:\/\/fmradiocultura.com.ar\/site2025\/se-presento-los-judios-en-la-tierra-de-noe-en-la-embajada-de-armenia\/\" \/>\n<meta property=\"og:site_name\" content=\"Radio Cultura\" \/>\n<meta property=\"article:publisher\" content=\"https:\/\/www.facebook.com\/radioculturaba\/\" \/>\n<meta property=\"article:published_time\" content=\"2026-04-29T20:35:43+00:00\" \/>\n<meta property=\"article:modified_time\" content=\"2026-05-01T20:37:21+00:00\" \/>\n<meta property=\"og:image\" content=\"https:\/\/fmradiocultura.com.ar\/site2025\/wp-content\/uploads\/2026\/05\/2026-04-29-embajada-armenia-presentacion-del-libro-los-judios-de-la-tierra-de-noe-foto-manuel-pose-varela-53-MPV_2237-scaled.jpg\" \/>\n\t<meta property=\"og:image:width\" content=\"2560\" \/>\n\t<meta property=\"og:image:height\" content=\"1703\" \/>\n\t<meta property=\"og:image:type\" content=\"image\/jpeg\" \/>\n<meta name=\"author\" content=\"admin\" \/>\n<meta name=\"twitter:card\" content=\"summary_large_image\" \/>\n<meta name=\"twitter:creator\" content=\"@radioculturaba\" \/>\n<meta name=\"twitter:site\" content=\"@radioculturaba\" \/>\n<meta name=\"twitter:label1\" content=\"Escrito por\" \/>\n\t<meta name=\"twitter:data1\" content=\"admin\" \/>\n\t<meta name=\"twitter:label2\" content=\"Tiempo de lectura\" \/>\n\t<meta name=\"twitter:data2\" content=\"8 minutos\" \/>\n<script type=\"application\/ld+json\" class=\"yoast-schema-graph\">{\"@context\":\"https:\/\/schema.org\",\"@graph\":[{\"@type\":\"Article\",\"@id\":\"https:\/\/fmradiocultura.com.ar\/site2025\/se-presento-los-judios-en-la-tierra-de-noe-en-la-embajada-de-armenia\/#article\",\"isPartOf\":{\"@id\":\"https:\/\/fmradiocultura.com.ar\/site2025\/se-presento-los-judios-en-la-tierra-de-noe-en-la-embajada-de-armenia\/\"},\"author\":{\"name\":\"admin\",\"@id\":\"https:\/\/fmradiocultura.com.ar\/site2025\/#\/schema\/person\/baa38bd454d22defa5da7706b8366cfa\"},\"headline\":\"Se present\u00f3 \u00abLos jud\u00edos en la tierra de No\u00e9\u00bb, en la Embajada de Armenia.\",\"datePublished\":\"2026-04-29T20:35:43+00:00\",\"dateModified\":\"2026-05-01T20:37:21+00:00\",\"mainEntityOfPage\":{\"@id\":\"https:\/\/fmradiocultura.com.ar\/site2025\/se-presento-los-judios-en-la-tierra-de-noe-en-la-embajada-de-armenia\/\"},\"wordCount\":898,\"commentCount\":0,\"publisher\":{\"@id\":\"https:\/\/fmradiocultura.com.ar\/site2025\/#organization\"},\"image\":{\"@id\":\"https:\/\/fmradiocultura.com.ar\/site2025\/se-presento-los-judios-en-la-tierra-de-noe-en-la-embajada-de-armenia\/#primaryimage\"},\"thumbnailUrl\":\"https:\/\/fmradiocultura.com.ar\/site2025\/wp-content\/uploads\/2026\/05\/2026-04-29-embajada-armenia-presentacion-del-libro-los-judios-de-la-tierra-de-noe-foto-manuel-pose-varela-53-MPV_2237-scaled.jpg\",\"keywords\":[\"Agust\u00edn Ezequiel Caulo\",\"Ariel Blufstein\",\"DAIA\",\"Dan Petre\",\"Delegaci\u00f3n de Asociaciones Israelitas Argentinas\",\"embajada de armenia\",\"Ezequiel Vartian\",\"Fares Yassir\",\"Gonz\u00e1lez Ba\u00f1ez Villar\",\"Gvaram Khandamishvili\",\"Hovhannes Virabyan\",\"Lautaro P\u00e9rez\",\"Los jud\u00edos en la tierra de No\u00e9\",\"Manuel Pose Varela\",\"Marina Degtiar\",\"Nahuel Luciano\",\"Pablo De Vita\",\"Stoyan Mihaylov\",\"Waldo Wolff\"],\"articleSection\":[\"Agenda Cultural\",\"Literatura\"],\"inLanguage\":\"es\",\"potentialAction\":[{\"@type\":\"CommentAction\",\"name\":\"Comment\",\"target\":[\"https:\/\/fmradiocultura.com.ar\/site2025\/se-presento-los-judios-en-la-tierra-de-noe-en-la-embajada-de-armenia\/#respond\"]}]},{\"@type\":\"WebPage\",\"@id\":\"https:\/\/fmradiocultura.com.ar\/site2025\/se-presento-los-judios-en-la-tierra-de-noe-en-la-embajada-de-armenia\/\",\"url\":\"https:\/\/fmradiocultura.com.ar\/site2025\/se-presento-los-judios-en-la-tierra-de-noe-en-la-embajada-de-armenia\/\",\"name\":\"Se present\u00f3 \\\"Los jud\u00edos en la tierra de No\u00e9\\\", en la Embajada de Armenia. &#8211; Radio Cultura\",\"isPartOf\":{\"@id\":\"https:\/\/fmradiocultura.com.ar\/site2025\/#website\"},\"primaryImageOfPage\":{\"@id\":\"https:\/\/fmradiocultura.com.ar\/site2025\/se-presento-los-judios-en-la-tierra-de-noe-en-la-embajada-de-armenia\/#primaryimage\"},\"image\":{\"@id\":\"https:\/\/fmradiocultura.com.ar\/site2025\/se-presento-los-judios-en-la-tierra-de-noe-en-la-embajada-de-armenia\/#primaryimage\"},\"thumbnailUrl\":\"https:\/\/fmradiocultura.com.ar\/site2025\/wp-content\/uploads\/2026\/05\/2026-04-29-embajada-armenia-presentacion-del-libro-los-judios-de-la-tierra-de-noe-foto-manuel-pose-varela-53-MPV_2237-scaled.jpg\",\"datePublished\":\"2026-04-29T20:35:43+00:00\",\"dateModified\":\"2026-05-01T20:37:21+00:00\",\"breadcrumb\":{\"@id\":\"https:\/\/fmradiocultura.com.ar\/site2025\/se-presento-los-judios-en-la-tierra-de-noe-en-la-embajada-de-armenia\/#breadcrumb\"},\"inLanguage\":\"es\",\"potentialAction\":[{\"@type\":\"ReadAction\",\"target\":[\"https:\/\/fmradiocultura.com.ar\/site2025\/se-presento-los-judios-en-la-tierra-de-noe-en-la-embajada-de-armenia\/\"]}]},{\"@type\":\"ImageObject\",\"inLanguage\":\"es\",\"@id\":\"https:\/\/fmradiocultura.com.ar\/site2025\/se-presento-los-judios-en-la-tierra-de-noe-en-la-embajada-de-armenia\/#primaryimage\",\"url\":\"https:\/\/fmradiocultura.com.ar\/site2025\/wp-content\/uploads\/2026\/05\/2026-04-29-embajada-armenia-presentacion-del-libro-los-judios-de-la-tierra-de-noe-foto-manuel-pose-varela-53-MPV_2237-scaled.jpg\",\"contentUrl\":\"https:\/\/fmradiocultura.com.ar\/site2025\/wp-content\/uploads\/2026\/05\/2026-04-29-embajada-armenia-presentacion-del-libro-los-judios-de-la-tierra-de-noe-foto-manuel-pose-varela-53-MPV_2237-scaled.jpg\",\"width\":2560,\"height\":1703,\"caption\":\"Embajada de Armenia\"},{\"@type\":\"BreadcrumbList\",\"@id\":\"https:\/\/fmradiocultura.com.ar\/site2025\/se-presento-los-judios-en-la-tierra-de-noe-en-la-embajada-de-armenia\/#breadcrumb\",\"itemListElement\":[{\"@type\":\"ListItem\",\"position\":1,\"name\":\"Portada\",\"item\":\"https:\/\/fmradiocultura.com.ar\/site2025\/\"},{\"@type\":\"ListItem\",\"position\":2,\"name\":\"Se present\u00f3 \u00abLos jud\u00edos en la tierra de No\u00e9\u00bb, en la Embajada de Armenia.\"}]},{\"@type\":\"WebSite\",\"@id\":\"https:\/\/fmradiocultura.com.ar\/site2025\/#website\",\"url\":\"https:\/\/fmradiocultura.com.ar\/site2025\/\",\"name\":\"Radio Cultura\",\"description\":\"Es un medio independiente que busca difundir arte, cultura y turismo cultural al mundo hispanohablante.\",\"publisher\":{\"@id\":\"https:\/\/fmradiocultura.com.ar\/site2025\/#organization\"},\"alternateName\":\"fmradiocultura.com.ar\",\"potentialAction\":[{\"@type\":\"SearchAction\",\"target\":{\"@type\":\"EntryPoint\",\"urlTemplate\":\"https:\/\/fmradiocultura.com.ar\/site2025\/?s={search_term_string}\"},\"query-input\":{\"@type\":\"PropertyValueSpecification\",\"valueRequired\":true,\"valueName\":\"search_term_string\"}}],\"inLanguage\":\"es\"},{\"@type\":\"Organization\",\"@id\":\"https:\/\/fmradiocultura.com.ar\/site2025\/#organization\",\"name\":\"Radio Cultura\",\"alternateName\":\"fmradiocultura.com.ar\",\"url\":\"https:\/\/fmradiocultura.com.ar\/site2025\/\",\"logo\":{\"@type\":\"ImageObject\",\"inLanguage\":\"es\",\"@id\":\"https:\/\/fmradiocultura.com.ar\/site2025\/#\/schema\/logo\/image\/\",\"url\":\"https:\/\/fmradiocultura.com.ar\/site2025\/wp-content\/uploads\/2025\/06\/Logo-RC-ok-1080x1080-vertical.jpg\",\"contentUrl\":\"https:\/\/fmradiocultura.com.ar\/site2025\/wp-content\/uploads\/2025\/06\/Logo-RC-ok-1080x1080-vertical.jpg\",\"width\":1080,\"height\":1080,\"caption\":\"Radio Cultura\"},\"image\":{\"@id\":\"https:\/\/fmradiocultura.com.ar\/site2025\/#\/schema\/logo\/image\/\"},\"sameAs\":[\"https:\/\/www.facebook.com\/radioculturaba\/\",\"https:\/\/x.com\/radioculturaba\",\"https:\/\/www.instagram.com\/radioculturaba\"]},{\"@type\":\"Person\",\"@id\":\"https:\/\/fmradiocultura.com.ar\/site2025\/#\/schema\/person\/baa38bd454d22defa5da7706b8366cfa\",\"name\":\"admin\",\"image\":{\"@type\":\"ImageObject\",\"inLanguage\":\"es\",\"@id\":\"https:\/\/secure.gravatar.com\/avatar\/f4379c2bdece04b666f93232376bb7ece517354075f066c3cbb0cd9b3af2da2b?s=96&d=mm&r=g\",\"url\":\"https:\/\/secure.gravatar.com\/avatar\/f4379c2bdece04b666f93232376bb7ece517354075f066c3cbb0cd9b3af2da2b?s=96&d=mm&r=g\",\"contentUrl\":\"https:\/\/secure.gravatar.com\/avatar\/f4379c2bdece04b666f93232376bb7ece517354075f066c3cbb0cd9b3af2da2b?s=96&d=mm&r=g\",\"caption\":\"admin\"},\"sameAs\":[\"https:\/\/fmradiocultura.com.ar\/site2025\"],\"url\":\"https:\/\/fmradiocultura.com.ar\/site2025\/author\/admin\/\"}]}<\/script>\n<!-- \/ Yoast SEO plugin. -->","yoast_head_json":{"title":"Se present\u00f3 \"Los jud\u00edos en la tierra de No\u00e9\", en la Embajada de Armenia. &#8211; Radio Cultura","robots":{"index":"noindex","follow":"follow","max-snippet":"max-snippet:-1","max-image-preview":"max-image-preview:large","max-video-preview":"max-video-preview:-1"},"og_locale":"es_ES","og_type":"article","og_title":"Se present\u00f3 \"Los jud\u00edos en la tierra de No\u00e9\", en la Embajada de Armenia. &#8211; Radio Cultura","og_description":"Redacci\u00f3n","og_url":"https:\/\/fmradiocultura.com.ar\/site2025\/se-presento-los-judios-en-la-tierra-de-noe-en-la-embajada-de-armenia\/","og_site_name":"Radio Cultura","article_publisher":"https:\/\/www.facebook.com\/radioculturaba\/","article_published_time":"2026-04-29T20:35:43+00:00","article_modified_time":"2026-05-01T20:37:21+00:00","og_image":[{"width":2560,"height":1703,"url":"https:\/\/fmradiocultura.com.ar\/site2025\/wp-content\/uploads\/2026\/05\/2026-04-29-embajada-armenia-presentacion-del-libro-los-judios-de-la-tierra-de-noe-foto-manuel-pose-varela-53-MPV_2237-scaled.jpg","type":"image\/jpeg"}],"author":"admin","twitter_card":"summary_large_image","twitter_creator":"@radioculturaba","twitter_site":"@radioculturaba","twitter_misc":{"Escrito por":"admin","Tiempo de lectura":"8 minutos"},"schema":{"@context":"https:\/\/schema.org","@graph":[{"@type":"Article","@id":"https:\/\/fmradiocultura.com.ar\/site2025\/se-presento-los-judios-en-la-tierra-de-noe-en-la-embajada-de-armenia\/#article","isPartOf":{"@id":"https:\/\/fmradiocultura.com.ar\/site2025\/se-presento-los-judios-en-la-tierra-de-noe-en-la-embajada-de-armenia\/"},"author":{"name":"admin","@id":"https:\/\/fmradiocultura.com.ar\/site2025\/#\/schema\/person\/baa38bd454d22defa5da7706b8366cfa"},"headline":"Se present\u00f3 \u00abLos jud\u00edos en la tierra de No\u00e9\u00bb, en la Embajada de Armenia.","datePublished":"2026-04-29T20:35:43+00:00","dateModified":"2026-05-01T20:37:21+00:00","mainEntityOfPage":{"@id":"https:\/\/fmradiocultura.com.ar\/site2025\/se-presento-los-judios-en-la-tierra-de-noe-en-la-embajada-de-armenia\/"},"wordCount":898,"commentCount":0,"publisher":{"@id":"https:\/\/fmradiocultura.com.ar\/site2025\/#organization"},"image":{"@id":"https:\/\/fmradiocultura.com.ar\/site2025\/se-presento-los-judios-en-la-tierra-de-noe-en-la-embajada-de-armenia\/#primaryimage"},"thumbnailUrl":"https:\/\/fmradiocultura.com.ar\/site2025\/wp-content\/uploads\/2026\/05\/2026-04-29-embajada-armenia-presentacion-del-libro-los-judios-de-la-tierra-de-noe-foto-manuel-pose-varela-53-MPV_2237-scaled.jpg","keywords":["Agust\u00edn Ezequiel Caulo","Ariel Blufstein","DAIA","Dan Petre","Delegaci\u00f3n de Asociaciones Israelitas Argentinas","embajada de armenia","Ezequiel Vartian","Fares Yassir","Gonz\u00e1lez Ba\u00f1ez Villar","Gvaram Khandamishvili","Hovhannes Virabyan","Lautaro P\u00e9rez","Los jud\u00edos en la tierra de No\u00e9","Manuel Pose Varela","Marina Degtiar","Nahuel Luciano","Pablo De Vita","Stoyan Mihaylov","Waldo Wolff"],"articleSection":["Agenda Cultural","Literatura"],"inLanguage":"es","potentialAction":[{"@type":"CommentAction","name":"Comment","target":["https:\/\/fmradiocultura.com.ar\/site2025\/se-presento-los-judios-en-la-tierra-de-noe-en-la-embajada-de-armenia\/#respond"]}]},{"@type":"WebPage","@id":"https:\/\/fmradiocultura.com.ar\/site2025\/se-presento-los-judios-en-la-tierra-de-noe-en-la-embajada-de-armenia\/","url":"https:\/\/fmradiocultura.com.ar\/site2025\/se-presento-los-judios-en-la-tierra-de-noe-en-la-embajada-de-armenia\/","name":"Se present\u00f3 \"Los jud\u00edos en la tierra de No\u00e9\", en la Embajada de Armenia. &#8211; Radio Cultura","isPartOf":{"@id":"https:\/\/fmradiocultura.com.ar\/site2025\/#website"},"primaryImageOfPage":{"@id":"https:\/\/fmradiocultura.com.ar\/site2025\/se-presento-los-judios-en-la-tierra-de-noe-en-la-embajada-de-armenia\/#primaryimage"},"image":{"@id":"https:\/\/fmradiocultura.com.ar\/site2025\/se-presento-los-judios-en-la-tierra-de-noe-en-la-embajada-de-armenia\/#primaryimage"},"thumbnailUrl":"https:\/\/fmradiocultura.com.ar\/site2025\/wp-content\/uploads\/2026\/05\/2026-04-29-embajada-armenia-presentacion-del-libro-los-judios-de-la-tierra-de-noe-foto-manuel-pose-varela-53-MPV_2237-scaled.jpg","datePublished":"2026-04-29T20:35:43+00:00","dateModified":"2026-05-01T20:37:21+00:00","breadcrumb":{"@id":"https:\/\/fmradiocultura.com.ar\/site2025\/se-presento-los-judios-en-la-tierra-de-noe-en-la-embajada-de-armenia\/#breadcrumb"},"inLanguage":"es","potentialAction":[{"@type":"ReadAction","target":["https:\/\/fmradiocultura.com.ar\/site2025\/se-presento-los-judios-en-la-tierra-de-noe-en-la-embajada-de-armenia\/"]}]},{"@type":"ImageObject","inLanguage":"es","@id":"https:\/\/fmradiocultura.com.ar\/site2025\/se-presento-los-judios-en-la-tierra-de-noe-en-la-embajada-de-armenia\/#primaryimage","url":"https:\/\/fmradiocultura.com.ar\/site2025\/wp-content\/uploads\/2026\/05\/2026-04-29-embajada-armenia-presentacion-del-libro-los-judios-de-la-tierra-de-noe-foto-manuel-pose-varela-53-MPV_2237-scaled.jpg","contentUrl":"https:\/\/fmradiocultura.com.ar\/site2025\/wp-content\/uploads\/2026\/05\/2026-04-29-embajada-armenia-presentacion-del-libro-los-judios-de-la-tierra-de-noe-foto-manuel-pose-varela-53-MPV_2237-scaled.jpg","width":2560,"height":1703,"caption":"Embajada de Armenia"},{"@type":"BreadcrumbList","@id":"https:\/\/fmradiocultura.com.ar\/site2025\/se-presento-los-judios-en-la-tierra-de-noe-en-la-embajada-de-armenia\/#breadcrumb","itemListElement":[{"@type":"ListItem","position":1,"name":"Portada","item":"https:\/\/fmradiocultura.com.ar\/site2025\/"},{"@type":"ListItem","position":2,"name":"Se present\u00f3 \u00abLos jud\u00edos en la tierra de No\u00e9\u00bb, en la Embajada de Armenia."}]},{"@type":"WebSite","@id":"https:\/\/fmradiocultura.com.ar\/site2025\/#website","url":"https:\/\/fmradiocultura.com.ar\/site2025\/","name":"Radio Cultura","description":"Es un medio independiente que busca difundir arte, cultura y turismo cultural al mundo hispanohablante.","publisher":{"@id":"https:\/\/fmradiocultura.com.ar\/site2025\/#organization"},"alternateName":"fmradiocultura.com.ar","potentialAction":[{"@type":"SearchAction","target":{"@type":"EntryPoint","urlTemplate":"https:\/\/fmradiocultura.com.ar\/site2025\/?s={search_term_string}"},"query-input":{"@type":"PropertyValueSpecification","valueRequired":true,"valueName":"search_term_string"}}],"inLanguage":"es"},{"@type":"Organization","@id":"https:\/\/fmradiocultura.com.ar\/site2025\/#organization","name":"Radio Cultura","alternateName":"fmradiocultura.com.ar","url":"https:\/\/fmradiocultura.com.ar\/site2025\/","logo":{"@type":"ImageObject","inLanguage":"es","@id":"https:\/\/fmradiocultura.com.ar\/site2025\/#\/schema\/logo\/image\/","url":"https:\/\/fmradiocultura.com.ar\/site2025\/wp-content\/uploads\/2025\/06\/Logo-RC-ok-1080x1080-vertical.jpg","contentUrl":"https:\/\/fmradiocultura.com.ar\/site2025\/wp-content\/uploads\/2025\/06\/Logo-RC-ok-1080x1080-vertical.jpg","width":1080,"height":1080,"caption":"Radio Cultura"},"image":{"@id":"https:\/\/fmradiocultura.com.ar\/site2025\/#\/schema\/logo\/image\/"},"sameAs":["https:\/\/www.facebook.com\/radioculturaba\/","https:\/\/x.com\/radioculturaba","https:\/\/www.instagram.com\/radioculturaba"]},{"@type":"Person","@id":"https:\/\/fmradiocultura.com.ar\/site2025\/#\/schema\/person\/baa38bd454d22defa5da7706b8366cfa","name":"admin","image":{"@type":"ImageObject","inLanguage":"es","@id":"https:\/\/secure.gravatar.com\/avatar\/f4379c2bdece04b666f93232376bb7ece517354075f066c3cbb0cd9b3af2da2b?s=96&d=mm&r=g","url":"https:\/\/secure.gravatar.com\/avatar\/f4379c2bdece04b666f93232376bb7ece517354075f066c3cbb0cd9b3af2da2b?s=96&d=mm&r=g","contentUrl":"https:\/\/secure.gravatar.com\/avatar\/f4379c2bdece04b666f93232376bb7ece517354075f066c3cbb0cd9b3af2da2b?s=96&d=mm&r=g","caption":"admin"},"sameAs":["https:\/\/fmradiocultura.com.ar\/site2025"],"url":"https:\/\/fmradiocultura.com.ar\/site2025\/author\/admin\/"}]}},"_links":{"self":[{"href":"https:\/\/fmradiocultura.com.ar\/site2025\/wp-json\/wp\/v2\/posts\/68729","targetHints":{"allow":["GET"]}}],"collection":[{"href":"https:\/\/fmradiocultura.com.ar\/site2025\/wp-json\/wp\/v2\/posts"}],"about":[{"href":"https:\/\/fmradiocultura.com.ar\/site2025\/wp-json\/wp\/v2\/types\/post"}],"author":[{"embeddable":true,"href":"https:\/\/fmradiocultura.com.ar\/site2025\/wp-json\/wp\/v2\/users\/1"}],"replies":[{"embeddable":true,"href":"https:\/\/fmradiocultura.com.ar\/site2025\/wp-json\/wp\/v2\/comments?post=68729"}],"version-history":[{"count":1,"href":"https:\/\/fmradiocultura.com.ar\/site2025\/wp-json\/wp\/v2\/posts\/68729\/revisions"}],"predecessor-version":[{"id":68763,"href":"https:\/\/fmradiocultura.com.ar\/site2025\/wp-json\/wp\/v2\/posts\/68729\/revisions\/68763"}],"wp:featuredmedia":[{"embeddable":true,"href":"https:\/\/fmradiocultura.com.ar\/site2025\/wp-json\/wp\/v2\/media\/68762"}],"wp:attachment":[{"href":"https:\/\/fmradiocultura.com.ar\/site2025\/wp-json\/wp\/v2\/media?parent=68729"}],"wp:term":[{"taxonomy":"category","embeddable":true,"href":"https:\/\/fmradiocultura.com.ar\/site2025\/wp-json\/wp\/v2\/categories?post=68729"},{"taxonomy":"post_tag","embeddable":true,"href":"https:\/\/fmradiocultura.com.ar\/site2025\/wp-json\/wp\/v2\/tags?post=68729"}],"curies":[{"name":"wp","href":"https:\/\/api.w.org\/{rel}","templated":true}]}}