{"id":67927,"date":"2025-11-09T18:14:38","date_gmt":"2025-11-09T21:14:38","guid":{"rendered":"https:\/\/fmradiocultura.com.ar\/site2025\/?p=67927"},"modified":"2025-11-09T22:13:56","modified_gmt":"2025-11-10T01:13:56","slug":"yo-soy-asi-seguro-que-es-asi","status":"publish","type":"post","link":"https:\/\/fmradiocultura.com.ar\/site2025\/yo-soy-asi-seguro-que-es-asi\/","title":{"rendered":"\u00a1Yo soy as\u00ed! \u00bfSeguro que es as\u00ed?"},"content":{"rendered":"\n<p><strong>Por Antonio Las Heras<\/strong><\/p>\n\n\n\n<p><br>\u00abYo soy as\u00ed\u00bb, afirma alguien convencido que naci\u00f3 de una manera determinada y que, sin cambios notables, concluir\u00e1 su existencia. \u00abEsa es mi manera de ser\u00bb, sostiene otro, suponiendo que esgrime un argumento contundente para justificar su conducta. \u00abSiempre hice las cosas de esta forma\u00bb, agrega un tercero como aclaraci\u00f3n a por qu\u00e9 no modifica una forma de proceder que le es da\u00f1ina. Podr\u00edamos llenar la p\u00e1gina con tales ejemplos. Todos equivocados. Obvio. Ocurre que la mejor diferencia entre la especie humana y cualquier otra conocida en la Tierra, es su comprobada capacidad de modificar los esquemas de pensamiento y, con ello, poder definir nuevas y diferentes conductas en su vida personal. Empero, no es frecuente que la gente lo vea de este modo. Hay la creencia generalizada de que se es de una manera predeterminada y que, a partir de all\u00ed, poco o nada puede cambiarse. Como si cada uno hubiera nacido con un sello indeleble que el impide decidir sobre s\u00ed mismo.<br>Para ver la falacia que hay en esto, son muy interesantes los testimonios de quienes atravesaron experiencias muy cercanas a la p\u00e9rdida de la vida. Accidentes graves o enfermedades agudas repentinas, por ejemplo. A veces puede tratarse tambi\u00e9n de la muerte inesperada de alguien muy querido. Tras un episodio de tal intensidad emocional, la persona empieza a actuar, de manera repentina, distinto a antes. E incluso as\u00ed lo manifiesta. \u00abYa no soy m\u00e1s el de antes\u00bb. \u00abAhora comprend\u00ed lo equivocado que estaba\u00bb. Bast\u00f3 ese shock para comprender que una existencia diferente era posible y que el cambio era factible para hacerse de inmediato. \u00bfQu\u00e9 lo hab\u00eda impedido hasta entonces? Simplemente lo que la Psicolog\u00eda denomina \u00abcompulsi\u00f3n a la repetici\u00f3n\u00bb. Siempre es m\u00e1s f\u00e1cil (y requiere menor esfuerzo) hacer m\u00e1s de lo mismo (esto es: lo conocido) que explorar otras formas de la existencia.<\/p>\n\n\n<div class=\"wp-block-image\">\n<figure class=\"aligncenter size-large\"><img fetchpriority=\"high\" decoding=\"async\" width=\"1024\" height=\"670\" src=\"https:\/\/fmradiocultura.com.ar\/site2025\/wp-content\/uploads\/2025\/11\/WhatsApp-Image-2025-11-06-at-11.20.01-1024x670.jpeg\" alt=\"\" class=\"wp-image-67928\" srcset=\"https:\/\/fmradiocultura.com.ar\/site2025\/wp-content\/uploads\/2025\/11\/WhatsApp-Image-2025-11-06-at-11.20.01-1024x670.jpeg 1024w, https:\/\/fmradiocultura.com.ar\/site2025\/wp-content\/uploads\/2025\/11\/WhatsApp-Image-2025-11-06-at-11.20.01-300x196.jpeg 300w, https:\/\/fmradiocultura.com.ar\/site2025\/wp-content\/uploads\/2025\/11\/WhatsApp-Image-2025-11-06-at-11.20.01-768x503.jpeg 768w, https:\/\/fmradiocultura.com.ar\/site2025\/wp-content\/uploads\/2025\/11\/WhatsApp-Image-2025-11-06-at-11.20.01-150x98.jpeg 150w, https:\/\/fmradiocultura.com.ar\/site2025\/wp-content\/uploads\/2025\/11\/WhatsApp-Image-2025-11-06-at-11.20.01-450x294.jpeg 450w, https:\/\/fmradiocultura.com.ar\/site2025\/wp-content\/uploads\/2025\/11\/WhatsApp-Image-2025-11-06-at-11.20.01-1200x785.jpeg 1200w, https:\/\/fmradiocultura.com.ar\/site2025\/wp-content\/uploads\/2025\/11\/WhatsApp-Image-2025-11-06-at-11.20.01.jpeg 1224w\" sizes=\"(max-width: 1024px) 100vw, 1024px\" \/><\/figure>\n<\/div>\n\n\n<p><br>Claro est\u00e1 que si uno hace m\u00e1s de lo mismo de lo mismo, solamente obtendr\u00e1 una mayor cantidad de lo ya conocido. Si la vida resulta pesada, aburrida, insoportable, no es porque \u00e9sta lo sea, sino debido a que los caminos elegidos para transitarla no son los que hacen bien ni brindan satisfacciones tanto como nuevos aprendizajes. Ser\u00e1 necesario buscar otros. \u00bfC\u00f3mo hacerlo? Es simple: investigando fantas\u00edas, deseos, abri\u00e9ndose a la imaginaci\u00f3n. Llegado a este punto, quien vive haciendo m\u00e1s de lo mismo de lo mismo, dir\u00e1: \u00abEso no lo puedo hacer, \u00bfqu\u00e9 van a pensar los dem\u00e1s?, \u00bfqu\u00e9 garant\u00edas tengo de que as\u00ed ser\u00e9 feliz?, y si me equivoco \u00bfqu\u00e9 va a pasarme?\u00bb. Todas estas son argumentaciones de autojustificaci\u00f3n para seguir sufriendo.<br>La vida es un desaf\u00edo permanente. Los humanos no estamos hechos para aburridas rutinas, ni repeticiones, propias de las especies animales. Por eso una cotidianeidad mon\u00f3tona no provoca bienestar. La incertidumbre y el enigma enriquecen al individuo \u2013 en todos los sentidos y aspectos \u2013 cada vez que consigue superar una dificultad o un problema.<br>Esta es la raz\u00f3n por la cual, todos los mitos de todas las culturas y en todos los tiempos, refieren la existencia de h\u00e9roes decididos a realizar viajes hacia territorios desconocidos, quienes confiando en sus propias habilidades, salen a afrontar los riesgos para regresar \u2013 alg\u00fan d\u00eda \u2013 al lugar natal cargados con la riqueza que otorgan la experiencia y la sabidur\u00eda. Quien ha regresado es \u00abotra persona\u00bb, alguien que ya estaba en potencia en quien se atrevi\u00f3 a dejar la seguridad de lo conocido pero que nunca habr\u00eda surgido de no permitirse la experiencia del hermoso riesgo que constituye el enfrentar nuevos desaf\u00edos. Ya lo se\u00f1al\u00f3 hace d\u00e9cadas <strong>Carl Gustav Jung,<\/strong> cuando escribi\u00f3: \u00abDe la seguridad y el sosiego nunca surgi\u00f3 un conocimiento nuevo.\u00bb<\/p>\n\n\n\n<p><strong>*el autor es doctor en Psicolog\u00eda Social, fil\u00f3sofo y escritor<\/strong>. e mail: alasheras@hotmail.com<\/p>\n","protected":false},"excerpt":{"rendered":"<p>Por Antonio Las Heras<\/p>\n","protected":false},"author":1,"featured_media":67929,"comment_status":"open","ping_status":"open","sticky":false,"template":"","format":"standard","meta":{"footnotes":""},"categories":[11],"tags":[],"class_list":{"0":"post-67927","1":"post","2":"type-post","3":"status-publish","4":"format-standard","5":"has-post-thumbnail","7":"category-opinion"},"yoast_head":"<!-- This site is optimized with the Yoast SEO plugin v27.2 - https:\/\/yoast.com\/product\/yoast-seo-wordpress\/ -->\n<title>\u00a1Yo soy as\u00ed! \u00bfSeguro que es as\u00ed? &#8211; Radio Cultura<\/title>\n<meta name=\"robots\" content=\"noindex, follow, max-snippet:-1, max-image-preview:large, max-video-preview:-1\" \/>\n<meta property=\"og:locale\" content=\"es_ES\" \/>\n<meta property=\"og:type\" content=\"article\" \/>\n<meta property=\"og:title\" content=\"\u00a1Yo soy as\u00ed! \u00bfSeguro que es as\u00ed? &#8211; Radio Cultura\" \/>\n<meta property=\"og:description\" content=\"Por Antonio Las Heras\" \/>\n<meta property=\"og:url\" content=\"https:\/\/fmradiocultura.com.ar\/site2025\/yo-soy-asi-seguro-que-es-asi\/\" \/>\n<meta property=\"og:site_name\" content=\"Radio Cultura\" \/>\n<meta property=\"article:publisher\" content=\"https:\/\/www.facebook.com\/radioculturaba\/\" \/>\n<meta property=\"article:published_time\" content=\"2025-11-09T21:14:38+00:00\" \/>\n<meta property=\"article:modified_time\" content=\"2025-11-10T01:13:56+00:00\" \/>\n<meta property=\"og:image\" content=\"https:\/\/fmradiocultura.com.ar\/site2025\/wp-content\/uploads\/2025\/11\/WhatsApp-Image-2025-11-06-at-11.20.01-1.jpeg\" \/>\n\t<meta property=\"og:image:width\" content=\"960\" \/>\n\t<meta property=\"og:image:height\" content=\"1280\" \/>\n\t<meta property=\"og:image:type\" content=\"image\/jpeg\" \/>\n<meta name=\"author\" content=\"admin\" \/>\n<meta name=\"twitter:card\" content=\"summary_large_image\" \/>\n<meta name=\"twitter:creator\" content=\"@radioculturaba\" \/>\n<meta name=\"twitter:site\" content=\"@radioculturaba\" \/>\n<meta name=\"twitter:label1\" content=\"Escrito por\" \/>\n\t<meta name=\"twitter:data1\" content=\"admin\" \/>\n\t<meta name=\"twitter:label2\" content=\"Tiempo de lectura\" \/>\n\t<meta name=\"twitter:data2\" content=\"4 minutos\" \/>\n<script type=\"application\/ld+json\" class=\"yoast-schema-graph\">{\"@context\":\"https:\/\/schema.org\",\"@graph\":[{\"@type\":\"Article\",\"@id\":\"https:\/\/fmradiocultura.com.ar\/site2025\/yo-soy-asi-seguro-que-es-asi\/#article\",\"isPartOf\":{\"@id\":\"https:\/\/fmradiocultura.com.ar\/site2025\/yo-soy-asi-seguro-que-es-asi\/\"},\"author\":{\"name\":\"admin\",\"@id\":\"https:\/\/fmradiocultura.com.ar\/site2025\/#\/schema\/person\/baa38bd454d22defa5da7706b8366cfa\"},\"headline\":\"\u00a1Yo soy as\u00ed! \u00bfSeguro que es as\u00ed?\",\"datePublished\":\"2025-11-09T21:14:38+00:00\",\"dateModified\":\"2025-11-10T01:13:56+00:00\",\"mainEntityOfPage\":{\"@id\":\"https:\/\/fmradiocultura.com.ar\/site2025\/yo-soy-asi-seguro-que-es-asi\/\"},\"wordCount\":668,\"commentCount\":0,\"publisher\":{\"@id\":\"https:\/\/fmradiocultura.com.ar\/site2025\/#organization\"},\"image\":{\"@id\":\"https:\/\/fmradiocultura.com.ar\/site2025\/yo-soy-asi-seguro-que-es-asi\/#primaryimage\"},\"thumbnailUrl\":\"https:\/\/fmradiocultura.com.ar\/site2025\/wp-content\/uploads\/2025\/11\/WhatsApp-Image-2025-11-06-at-11.20.01-1.jpeg\",\"articleSection\":[\"Opinion\"],\"inLanguage\":\"es\",\"potentialAction\":[{\"@type\":\"CommentAction\",\"name\":\"Comment\",\"target\":[\"https:\/\/fmradiocultura.com.ar\/site2025\/yo-soy-asi-seguro-que-es-asi\/#respond\"]}]},{\"@type\":\"WebPage\",\"@id\":\"https:\/\/fmradiocultura.com.ar\/site2025\/yo-soy-asi-seguro-que-es-asi\/\",\"url\":\"https:\/\/fmradiocultura.com.ar\/site2025\/yo-soy-asi-seguro-que-es-asi\/\",\"name\":\"\u00a1Yo soy as\u00ed! \u00bfSeguro que es as\u00ed? &#8211; Radio Cultura\",\"isPartOf\":{\"@id\":\"https:\/\/fmradiocultura.com.ar\/site2025\/#website\"},\"primaryImageOfPage\":{\"@id\":\"https:\/\/fmradiocultura.com.ar\/site2025\/yo-soy-asi-seguro-que-es-asi\/#primaryimage\"},\"image\":{\"@id\":\"https:\/\/fmradiocultura.com.ar\/site2025\/yo-soy-asi-seguro-que-es-asi\/#primaryimage\"},\"thumbnailUrl\":\"https:\/\/fmradiocultura.com.ar\/site2025\/wp-content\/uploads\/2025\/11\/WhatsApp-Image-2025-11-06-at-11.20.01-1.jpeg\",\"datePublished\":\"2025-11-09T21:14:38+00:00\",\"dateModified\":\"2025-11-10T01:13:56+00:00\",\"breadcrumb\":{\"@id\":\"https:\/\/fmradiocultura.com.ar\/site2025\/yo-soy-asi-seguro-que-es-asi\/#breadcrumb\"},\"inLanguage\":\"es\",\"potentialAction\":[{\"@type\":\"ReadAction\",\"target\":[\"https:\/\/fmradiocultura.com.ar\/site2025\/yo-soy-asi-seguro-que-es-asi\/\"]}]},{\"@type\":\"ImageObject\",\"inLanguage\":\"es\",\"@id\":\"https:\/\/fmradiocultura.com.ar\/site2025\/yo-soy-asi-seguro-que-es-asi\/#primaryimage\",\"url\":\"https:\/\/fmradiocultura.com.ar\/site2025\/wp-content\/uploads\/2025\/11\/WhatsApp-Image-2025-11-06-at-11.20.01-1.jpeg\",\"contentUrl\":\"https:\/\/fmradiocultura.com.ar\/site2025\/wp-content\/uploads\/2025\/11\/WhatsApp-Image-2025-11-06-at-11.20.01-1.jpeg\",\"width\":960,\"height\":1280},{\"@type\":\"BreadcrumbList\",\"@id\":\"https:\/\/fmradiocultura.com.ar\/site2025\/yo-soy-asi-seguro-que-es-asi\/#breadcrumb\",\"itemListElement\":[{\"@type\":\"ListItem\",\"position\":1,\"name\":\"Portada\",\"item\":\"https:\/\/fmradiocultura.com.ar\/site2025\/\"},{\"@type\":\"ListItem\",\"position\":2,\"name\":\"\u00a1Yo soy as\u00ed! \u00bfSeguro que es as\u00ed?\"}]},{\"@type\":\"WebSite\",\"@id\":\"https:\/\/fmradiocultura.com.ar\/site2025\/#website\",\"url\":\"https:\/\/fmradiocultura.com.ar\/site2025\/\",\"name\":\"Radio Cultura\",\"description\":\"Es un medio independiente que busca difundir arte, cultura y turismo cultural al mundo hispanohablante.\",\"publisher\":{\"@id\":\"https:\/\/fmradiocultura.com.ar\/site2025\/#organization\"},\"alternateName\":\"fmradiocultura.com.ar\",\"potentialAction\":[{\"@type\":\"SearchAction\",\"target\":{\"@type\":\"EntryPoint\",\"urlTemplate\":\"https:\/\/fmradiocultura.com.ar\/site2025\/?s={search_term_string}\"},\"query-input\":{\"@type\":\"PropertyValueSpecification\",\"valueRequired\":true,\"valueName\":\"search_term_string\"}}],\"inLanguage\":\"es\"},{\"@type\":\"Organization\",\"@id\":\"https:\/\/fmradiocultura.com.ar\/site2025\/#organization\",\"name\":\"Radio Cultura\",\"alternateName\":\"fmradiocultura.com.ar\",\"url\":\"https:\/\/fmradiocultura.com.ar\/site2025\/\",\"logo\":{\"@type\":\"ImageObject\",\"inLanguage\":\"es\",\"@id\":\"https:\/\/fmradiocultura.com.ar\/site2025\/#\/schema\/logo\/image\/\",\"url\":\"https:\/\/fmradiocultura.com.ar\/site2025\/wp-content\/uploads\/2025\/06\/Logo-RC-ok-1080x1080-vertical.jpg\",\"contentUrl\":\"https:\/\/fmradiocultura.com.ar\/site2025\/wp-content\/uploads\/2025\/06\/Logo-RC-ok-1080x1080-vertical.jpg\",\"width\":1080,\"height\":1080,\"caption\":\"Radio Cultura\"},\"image\":{\"@id\":\"https:\/\/fmradiocultura.com.ar\/site2025\/#\/schema\/logo\/image\/\"},\"sameAs\":[\"https:\/\/www.facebook.com\/radioculturaba\/\",\"https:\/\/x.com\/radioculturaba\",\"https:\/\/www.instagram.com\/radioculturaba\"]},{\"@type\":\"Person\",\"@id\":\"https:\/\/fmradiocultura.com.ar\/site2025\/#\/schema\/person\/baa38bd454d22defa5da7706b8366cfa\",\"name\":\"admin\",\"image\":{\"@type\":\"ImageObject\",\"inLanguage\":\"es\",\"@id\":\"https:\/\/secure.gravatar.com\/avatar\/f4379c2bdece04b666f93232376bb7ece517354075f066c3cbb0cd9b3af2da2b?s=96&d=mm&r=g\",\"url\":\"https:\/\/secure.gravatar.com\/avatar\/f4379c2bdece04b666f93232376bb7ece517354075f066c3cbb0cd9b3af2da2b?s=96&d=mm&r=g\",\"contentUrl\":\"https:\/\/secure.gravatar.com\/avatar\/f4379c2bdece04b666f93232376bb7ece517354075f066c3cbb0cd9b3af2da2b?s=96&d=mm&r=g\",\"caption\":\"admin\"},\"sameAs\":[\"https:\/\/fmradiocultura.com.ar\/site2025\"],\"url\":\"https:\/\/fmradiocultura.com.ar\/site2025\/author\/admin\/\"}]}<\/script>\n<!-- \/ Yoast SEO plugin. -->","yoast_head_json":{"title":"\u00a1Yo soy as\u00ed! \u00bfSeguro que es as\u00ed? &#8211; Radio Cultura","robots":{"index":"noindex","follow":"follow","max-snippet":"max-snippet:-1","max-image-preview":"max-image-preview:large","max-video-preview":"max-video-preview:-1"},"og_locale":"es_ES","og_type":"article","og_title":"\u00a1Yo soy as\u00ed! \u00bfSeguro que es as\u00ed? &#8211; Radio Cultura","og_description":"Por Antonio Las Heras","og_url":"https:\/\/fmradiocultura.com.ar\/site2025\/yo-soy-asi-seguro-que-es-asi\/","og_site_name":"Radio Cultura","article_publisher":"https:\/\/www.facebook.com\/radioculturaba\/","article_published_time":"2025-11-09T21:14:38+00:00","article_modified_time":"2025-11-10T01:13:56+00:00","og_image":[{"width":960,"height":1280,"url":"https:\/\/fmradiocultura.com.ar\/site2025\/wp-content\/uploads\/2025\/11\/WhatsApp-Image-2025-11-06-at-11.20.01-1.jpeg","type":"image\/jpeg"}],"author":"admin","twitter_card":"summary_large_image","twitter_creator":"@radioculturaba","twitter_site":"@radioculturaba","twitter_misc":{"Escrito por":"admin","Tiempo de lectura":"4 minutos"},"schema":{"@context":"https:\/\/schema.org","@graph":[{"@type":"Article","@id":"https:\/\/fmradiocultura.com.ar\/site2025\/yo-soy-asi-seguro-que-es-asi\/#article","isPartOf":{"@id":"https:\/\/fmradiocultura.com.ar\/site2025\/yo-soy-asi-seguro-que-es-asi\/"},"author":{"name":"admin","@id":"https:\/\/fmradiocultura.com.ar\/site2025\/#\/schema\/person\/baa38bd454d22defa5da7706b8366cfa"},"headline":"\u00a1Yo soy as\u00ed! \u00bfSeguro que es as\u00ed?","datePublished":"2025-11-09T21:14:38+00:00","dateModified":"2025-11-10T01:13:56+00:00","mainEntityOfPage":{"@id":"https:\/\/fmradiocultura.com.ar\/site2025\/yo-soy-asi-seguro-que-es-asi\/"},"wordCount":668,"commentCount":0,"publisher":{"@id":"https:\/\/fmradiocultura.com.ar\/site2025\/#organization"},"image":{"@id":"https:\/\/fmradiocultura.com.ar\/site2025\/yo-soy-asi-seguro-que-es-asi\/#primaryimage"},"thumbnailUrl":"https:\/\/fmradiocultura.com.ar\/site2025\/wp-content\/uploads\/2025\/11\/WhatsApp-Image-2025-11-06-at-11.20.01-1.jpeg","articleSection":["Opinion"],"inLanguage":"es","potentialAction":[{"@type":"CommentAction","name":"Comment","target":["https:\/\/fmradiocultura.com.ar\/site2025\/yo-soy-asi-seguro-que-es-asi\/#respond"]}]},{"@type":"WebPage","@id":"https:\/\/fmradiocultura.com.ar\/site2025\/yo-soy-asi-seguro-que-es-asi\/","url":"https:\/\/fmradiocultura.com.ar\/site2025\/yo-soy-asi-seguro-que-es-asi\/","name":"\u00a1Yo soy as\u00ed! \u00bfSeguro que es as\u00ed? &#8211; Radio Cultura","isPartOf":{"@id":"https:\/\/fmradiocultura.com.ar\/site2025\/#website"},"primaryImageOfPage":{"@id":"https:\/\/fmradiocultura.com.ar\/site2025\/yo-soy-asi-seguro-que-es-asi\/#primaryimage"},"image":{"@id":"https:\/\/fmradiocultura.com.ar\/site2025\/yo-soy-asi-seguro-que-es-asi\/#primaryimage"},"thumbnailUrl":"https:\/\/fmradiocultura.com.ar\/site2025\/wp-content\/uploads\/2025\/11\/WhatsApp-Image-2025-11-06-at-11.20.01-1.jpeg","datePublished":"2025-11-09T21:14:38+00:00","dateModified":"2025-11-10T01:13:56+00:00","breadcrumb":{"@id":"https:\/\/fmradiocultura.com.ar\/site2025\/yo-soy-asi-seguro-que-es-asi\/#breadcrumb"},"inLanguage":"es","potentialAction":[{"@type":"ReadAction","target":["https:\/\/fmradiocultura.com.ar\/site2025\/yo-soy-asi-seguro-que-es-asi\/"]}]},{"@type":"ImageObject","inLanguage":"es","@id":"https:\/\/fmradiocultura.com.ar\/site2025\/yo-soy-asi-seguro-que-es-asi\/#primaryimage","url":"https:\/\/fmradiocultura.com.ar\/site2025\/wp-content\/uploads\/2025\/11\/WhatsApp-Image-2025-11-06-at-11.20.01-1.jpeg","contentUrl":"https:\/\/fmradiocultura.com.ar\/site2025\/wp-content\/uploads\/2025\/11\/WhatsApp-Image-2025-11-06-at-11.20.01-1.jpeg","width":960,"height":1280},{"@type":"BreadcrumbList","@id":"https:\/\/fmradiocultura.com.ar\/site2025\/yo-soy-asi-seguro-que-es-asi\/#breadcrumb","itemListElement":[{"@type":"ListItem","position":1,"name":"Portada","item":"https:\/\/fmradiocultura.com.ar\/site2025\/"},{"@type":"ListItem","position":2,"name":"\u00a1Yo soy as\u00ed! \u00bfSeguro que es as\u00ed?"}]},{"@type":"WebSite","@id":"https:\/\/fmradiocultura.com.ar\/site2025\/#website","url":"https:\/\/fmradiocultura.com.ar\/site2025\/","name":"Radio Cultura","description":"Es un medio independiente que busca difundir arte, cultura y turismo cultural al mundo hispanohablante.","publisher":{"@id":"https:\/\/fmradiocultura.com.ar\/site2025\/#organization"},"alternateName":"fmradiocultura.com.ar","potentialAction":[{"@type":"SearchAction","target":{"@type":"EntryPoint","urlTemplate":"https:\/\/fmradiocultura.com.ar\/site2025\/?s={search_term_string}"},"query-input":{"@type":"PropertyValueSpecification","valueRequired":true,"valueName":"search_term_string"}}],"inLanguage":"es"},{"@type":"Organization","@id":"https:\/\/fmradiocultura.com.ar\/site2025\/#organization","name":"Radio Cultura","alternateName":"fmradiocultura.com.ar","url":"https:\/\/fmradiocultura.com.ar\/site2025\/","logo":{"@type":"ImageObject","inLanguage":"es","@id":"https:\/\/fmradiocultura.com.ar\/site2025\/#\/schema\/logo\/image\/","url":"https:\/\/fmradiocultura.com.ar\/site2025\/wp-content\/uploads\/2025\/06\/Logo-RC-ok-1080x1080-vertical.jpg","contentUrl":"https:\/\/fmradiocultura.com.ar\/site2025\/wp-content\/uploads\/2025\/06\/Logo-RC-ok-1080x1080-vertical.jpg","width":1080,"height":1080,"caption":"Radio Cultura"},"image":{"@id":"https:\/\/fmradiocultura.com.ar\/site2025\/#\/schema\/logo\/image\/"},"sameAs":["https:\/\/www.facebook.com\/radioculturaba\/","https:\/\/x.com\/radioculturaba","https:\/\/www.instagram.com\/radioculturaba"]},{"@type":"Person","@id":"https:\/\/fmradiocultura.com.ar\/site2025\/#\/schema\/person\/baa38bd454d22defa5da7706b8366cfa","name":"admin","image":{"@type":"ImageObject","inLanguage":"es","@id":"https:\/\/secure.gravatar.com\/avatar\/f4379c2bdece04b666f93232376bb7ece517354075f066c3cbb0cd9b3af2da2b?s=96&d=mm&r=g","url":"https:\/\/secure.gravatar.com\/avatar\/f4379c2bdece04b666f93232376bb7ece517354075f066c3cbb0cd9b3af2da2b?s=96&d=mm&r=g","contentUrl":"https:\/\/secure.gravatar.com\/avatar\/f4379c2bdece04b666f93232376bb7ece517354075f066c3cbb0cd9b3af2da2b?s=96&d=mm&r=g","caption":"admin"},"sameAs":["https:\/\/fmradiocultura.com.ar\/site2025"],"url":"https:\/\/fmradiocultura.com.ar\/site2025\/author\/admin\/"}]}},"_links":{"self":[{"href":"https:\/\/fmradiocultura.com.ar\/site2025\/wp-json\/wp\/v2\/posts\/67927","targetHints":{"allow":["GET"]}}],"collection":[{"href":"https:\/\/fmradiocultura.com.ar\/site2025\/wp-json\/wp\/v2\/posts"}],"about":[{"href":"https:\/\/fmradiocultura.com.ar\/site2025\/wp-json\/wp\/v2\/types\/post"}],"author":[{"embeddable":true,"href":"https:\/\/fmradiocultura.com.ar\/site2025\/wp-json\/wp\/v2\/users\/1"}],"replies":[{"embeddable":true,"href":"https:\/\/fmradiocultura.com.ar\/site2025\/wp-json\/wp\/v2\/comments?post=67927"}],"version-history":[{"count":2,"href":"https:\/\/fmradiocultura.com.ar\/site2025\/wp-json\/wp\/v2\/posts\/67927\/revisions"}],"predecessor-version":[{"id":67962,"href":"https:\/\/fmradiocultura.com.ar\/site2025\/wp-json\/wp\/v2\/posts\/67927\/revisions\/67962"}],"wp:featuredmedia":[{"embeddable":true,"href":"https:\/\/fmradiocultura.com.ar\/site2025\/wp-json\/wp\/v2\/media\/67929"}],"wp:attachment":[{"href":"https:\/\/fmradiocultura.com.ar\/site2025\/wp-json\/wp\/v2\/media?parent=67927"}],"wp:term":[{"taxonomy":"category","embeddable":true,"href":"https:\/\/fmradiocultura.com.ar\/site2025\/wp-json\/wp\/v2\/categories?post=67927"},{"taxonomy":"post_tag","embeddable":true,"href":"https:\/\/fmradiocultura.com.ar\/site2025\/wp-json\/wp\/v2\/tags?post=67927"}],"curies":[{"name":"wp","href":"https:\/\/api.w.org\/{rel}","templated":true}]}}