{"id":67039,"date":"2025-08-12T17:48:35","date_gmt":"2025-08-12T20:48:35","guid":{"rendered":"https:\/\/fmradiocultura.com.ar\/site2025\/?p=67039"},"modified":"2025-08-14T18:06:38","modified_gmt":"2025-08-14T21:06:38","slug":"dock-sud-se-presenta-en-tango-ba","status":"publish","type":"post","link":"https:\/\/fmradiocultura.com.ar\/site2025\/dock-sud-se-presenta-en-tango-ba\/","title":{"rendered":"Dock Sud se presenta en Tango BA"},"content":{"rendered":"\n<p><strong>Dock Sud <\/strong>llega a los escenarios de <strong>Tango BA<\/strong>, el festival de tango m\u00e1s importante del mundo. La fecha clase es el mi\u00e9rcoles 20 de agosto a las 19 en el Centro Cultural General San Mart\u00edn (Paran\u00e1 310). Durante el show la agrupaci\u00f3n recorrer\u00e1 los temas de su primer ep (<em>Cuore Griyo<\/em>, recientemente nominado a los Premios Tango Siglo XXI) y anticipar\u00e1 canciones de su pr\u00f3xima producci\u00f3n, <em>Perros del Alma.<\/em> \u201cSomos una banda nueva en la Argentina y no nos asusta pagar nuestro derecho de piso, al contrario, \u00a1redoblamos la apuesta!\u201d, se entusiasma ante la noticia <strong>Pablo Pereyra<\/strong>, uno de los fundadores y cantante de <strong>Dock Sud<\/strong>. Es que la agrupaci\u00f3n se form\u00f3 originalmente en Nueva York, donde \u00e9l viv\u00eda, y ahora traslad\u00f3 sus actividades a su Buenos Aires natal: \u201cYo hab\u00eda hecho la postulaci\u00f3n como quien tira una botella al mar, pero con mucha esperanza, una esperanza fundada en un grupo talentos\u00edsimo de m\u00fasicos y en el potencial de este proyecto\u201d, reflexiona el cantor. \u201cSer convocados es una gran alegr\u00eda y orgullo, y nos permite promover algo mucho m\u00e1s grande que nosotros mismos: el tango. En cualquiera de sus formas\u201d, agrega. Respecto a la actuaci\u00f3n que tienen por delante, Pereyra anticipa que \u201cnos gusta que nuestras presentaciones sean shows perform\u00e1ticos\u201d. <\/p>\n\n\n<div class=\"wp-block-image\">\n<figure class=\"aligncenter size-large\"><img fetchpriority=\"high\" decoding=\"async\" width=\"1024\" height=\"576\" src=\"https:\/\/fmradiocultura.com.ar\/site2025\/wp-content\/uploads\/2025\/08\/videoclip1-1024x576.jpg\" alt=\"\" class=\"wp-image-67043\" srcset=\"https:\/\/fmradiocultura.com.ar\/site2025\/wp-content\/uploads\/2025\/08\/videoclip1-1024x576.jpg 1024w, https:\/\/fmradiocultura.com.ar\/site2025\/wp-content\/uploads\/2025\/08\/videoclip1-300x169.jpg 300w, https:\/\/fmradiocultura.com.ar\/site2025\/wp-content\/uploads\/2025\/08\/videoclip1-768x432.jpg 768w, https:\/\/fmradiocultura.com.ar\/site2025\/wp-content\/uploads\/2025\/08\/videoclip1-1536x864.jpg 1536w, https:\/\/fmradiocultura.com.ar\/site2025\/wp-content\/uploads\/2025\/08\/videoclip1-2048x1152.jpg 2048w, https:\/\/fmradiocultura.com.ar\/site2025\/wp-content\/uploads\/2025\/08\/videoclip1-150x84.jpg 150w, https:\/\/fmradiocultura.com.ar\/site2025\/wp-content\/uploads\/2025\/08\/videoclip1-450x253.jpg 450w, https:\/\/fmradiocultura.com.ar\/site2025\/wp-content\/uploads\/2025\/08\/videoclip1-1200x675.jpg 1200w\" sizes=\"(max-width: 1024px) 100vw, 1024px\" \/><\/figure>\n<\/div>\n\n\n<p>Las apariciones de <strong>Dock Sud <\/strong>suelen tener interludios po\u00e9ticos y una buena cuota de teatralidad en sus interpretaciones. \u201cTanto las canciones que escribimos como los covers que elegimos \u2013tangos o no- tienen un hilo conductor y los textos, en su mayor\u00eda escritos por <strong>Alejandro Robino<\/strong>, ayudan a hilvanar la estructura. La idea es proponer un recorrido por nuestra m\u00fasica. La poes\u00eda desobrda el l\u00edmite establecido por las canciones y se convierte en palabra, que tambi\u00e9n tiene ritmo\u201d, a\u00f1ade.<\/p>\n\n\n<div class=\"wp-block-image\">\n<figure class=\"aligncenter size-large\"><img decoding=\"async\" width=\"1024\" height=\"576\" src=\"https:\/\/fmradiocultura.com.ar\/site2025\/wp-content\/uploads\/2025\/08\/videoclip3-1024x576.jpg\" alt=\"\" class=\"wp-image-67041\" srcset=\"https:\/\/fmradiocultura.com.ar\/site2025\/wp-content\/uploads\/2025\/08\/videoclip3-1024x576.jpg 1024w, https:\/\/fmradiocultura.com.ar\/site2025\/wp-content\/uploads\/2025\/08\/videoclip3-300x169.jpg 300w, https:\/\/fmradiocultura.com.ar\/site2025\/wp-content\/uploads\/2025\/08\/videoclip3-768x432.jpg 768w, https:\/\/fmradiocultura.com.ar\/site2025\/wp-content\/uploads\/2025\/08\/videoclip3-1536x864.jpg 1536w, https:\/\/fmradiocultura.com.ar\/site2025\/wp-content\/uploads\/2025\/08\/videoclip3-2048x1152.jpg 2048w, https:\/\/fmradiocultura.com.ar\/site2025\/wp-content\/uploads\/2025\/08\/videoclip3-150x84.jpg 150w, https:\/\/fmradiocultura.com.ar\/site2025\/wp-content\/uploads\/2025\/08\/videoclip3-450x253.jpg 450w, https:\/\/fmradiocultura.com.ar\/site2025\/wp-content\/uploads\/2025\/08\/videoclip3-1200x675.jpg 1200w\" sizes=\"(max-width: 1024px) 100vw, 1024px\" \/><\/figure>\n<\/div>\n\n\n<p>Recientemente, <strong>Dock Sud <\/strong>public\u00f3 su primer videoclip, \u201c<em>Atorro<\/em>\u201d, uno de los singles m\u00e1s destacados de <em>Cuore Griyo,<\/em> el primer EP de la banda de \u201ctango el\u00e9ctrico\u201d.\u201cNo quer\u00eda hacer el t\u00edpico video de la banda tocando en el estudio de grabaci\u00f3n\u201d, cuenta el vocalista sobre la producci\u00f3n de \u201cAtorro\u201d. C\u00f3mo hacerlo se revel\u00f3 ante el paso fortuito por la casa de un familiar recientemente fallecido del guitarrista de la banda. \u201cAh\u00ed solo, en esa casa colmada de sus libros y sus recuerdos, me vino toda la historia\u201d, cuenta Pereyra sobre c\u00f3mo llevaron los versos que musicalizaron de <strong>Juli\u00e1n Centeya <\/strong>a la pantalla.El videoclip presenta a dos personajes, Juli\u00e1n y Death (Muerte, en homenaje al personaje hom\u00f3nimo de <strong>Neil Gaiman<\/strong>), interpretados por <strong>Mart\u00edn Chili<\/strong> y<strong> Carolina Couto<\/strong>. \u201cTrabajamos con <strong>Elina Rold\u00e1n,<\/strong> una gran bailarina, gran maestra y gran core\u00f3grafa\u201d, explica Pereyra. \u201cAl principio yo ten\u00eda una versi\u00f3n m\u00e1s estereotipada de los personajes, pero ella con su sagacidad me ayud\u00f3 a desarmar los estereotipos y me sugiri\u00f3 sus nombres\u201d.<\/p>\n\n\n<div class=\"wp-block-image\">\n<figure class=\"aligncenter size-large\"><img decoding=\"async\" width=\"1024\" height=\"576\" src=\"https:\/\/fmradiocultura.com.ar\/site2025\/wp-content\/uploads\/2025\/08\/videoclip2-1024x576.jpg\" alt=\"\" class=\"wp-image-67040\" srcset=\"https:\/\/fmradiocultura.com.ar\/site2025\/wp-content\/uploads\/2025\/08\/videoclip2-1024x576.jpg 1024w, https:\/\/fmradiocultura.com.ar\/site2025\/wp-content\/uploads\/2025\/08\/videoclip2-300x169.jpg 300w, https:\/\/fmradiocultura.com.ar\/site2025\/wp-content\/uploads\/2025\/08\/videoclip2-768x432.jpg 768w, https:\/\/fmradiocultura.com.ar\/site2025\/wp-content\/uploads\/2025\/08\/videoclip2-1536x864.jpg 1536w, https:\/\/fmradiocultura.com.ar\/site2025\/wp-content\/uploads\/2025\/08\/videoclip2-2048x1152.jpg 2048w, https:\/\/fmradiocultura.com.ar\/site2025\/wp-content\/uploads\/2025\/08\/videoclip2-150x84.jpg 150w, https:\/\/fmradiocultura.com.ar\/site2025\/wp-content\/uploads\/2025\/08\/videoclip2-450x253.jpg 450w, https:\/\/fmradiocultura.com.ar\/site2025\/wp-content\/uploads\/2025\/08\/videoclip2-1200x675.jpg 1200w\" sizes=\"(max-width: 1024px) 100vw, 1024px\" \/><\/figure>\n<\/div>\n\n\n<p>\u201cYo quer\u00eda incorporar bailarines de la nueva generaci\u00f3n, abrir el juego, no me gusta la idea de lals tribus en el tango, o en todo caso, me gusta mezclar las tribus. Yo tambi\u00e9n alguna vez fui esa persona m\u00e1s joven en la milonga, y a mis casi 60 a\u00f1os cambi\u00f3 mucho mi concepto de lo que es \u2018viejo\u2019\u201d, reflexiona Pablo. <strong>Dock Sud <\/strong>es un grupo argentino fundado en Nueva York por <strong>Pablo Pereyra, Juan Cruz Masotta <\/strong>y <strong>Emilio Teubal<\/strong>. Explora los cruces entre tango, jazz, rock y grunge. Aunque evitan las etiquetas, sus miembros eluden la de \u201ctango electr\u00f3nico\u201d y prefieren la de \u201ctango el\u00e9ctrico\u201d. \u201cEstamos mucho m\u00e1s cerca del rock que de la m\u00fasica electr\u00f3nica\u201d, plantean.<br>La banda tiene una formaci\u00f3n \u201cenchufada\u201d y propone temas propios y arreglos originales con cl\u00e1sicos del tango y otras m\u00fasicas del mundo: su propuesta combina tradici\u00f3n y experimentaci\u00f3n.En 2024 lanzaron su primer EP,<em> Cuore Griyo<\/em>, que incluye la una musicalizaci\u00f3n de \u201cAtorro\u201d un poema de<strong> Juli\u00e1n Centeya <\/strong>del que ahora presentan su videoclip. <em>Cuore Griyo<\/em> fue reconocido por la cr\u00edtica especializada y nominado por ello en la categor\u00eda \u201cTango Electr\u00f3nico\u201d de los Premios Tango Siglo XXI.Adem\u00e1s de su debut en el Lincoln Center de Nueva York, en la Argentina la banda ya se present\u00f3 en la Milonga Federal del Centro Culturla Kirchner (actual Palacio Libertad) y en el Centro Cultural de la Cooperaci\u00f3n.Actualmente la agrupaci\u00f3n trabaja en su pr\u00f3ximo disco, que se titular\u00e1 <em>Perros del Alma<\/em>.<\/p>\n\n\n<div class=\"wp-block-image\">\n<figure class=\"aligncenter size-large\"><img loading=\"lazy\" decoding=\"async\" width=\"1024\" height=\"1024\" src=\"https:\/\/fmradiocultura.com.ar\/site2025\/wp-content\/uploads\/2025\/08\/cuore-griyo-tapa-1024x1024.jpg\" alt=\"\" class=\"wp-image-67044\" srcset=\"https:\/\/fmradiocultura.com.ar\/site2025\/wp-content\/uploads\/2025\/08\/cuore-griyo-tapa-1024x1024.jpg 1024w, https:\/\/fmradiocultura.com.ar\/site2025\/wp-content\/uploads\/2025\/08\/cuore-griyo-tapa-300x300.jpg 300w, https:\/\/fmradiocultura.com.ar\/site2025\/wp-content\/uploads\/2025\/08\/cuore-griyo-tapa-150x150.jpg 150w, https:\/\/fmradiocultura.com.ar\/site2025\/wp-content\/uploads\/2025\/08\/cuore-griyo-tapa-768x768.jpg 768w, https:\/\/fmradiocultura.com.ar\/site2025\/wp-content\/uploads\/2025\/08\/cuore-griyo-tapa-450x450.jpg 450w, https:\/\/fmradiocultura.com.ar\/site2025\/wp-content\/uploads\/2025\/08\/cuore-griyo-tapa.jpg 1200w\" sizes=\"(max-width: 1024px) 100vw, 1024px\" \/><\/figure>\n<\/div>","protected":false},"excerpt":{"rendered":"<p>Dock Sud llega a los escenarios de Tango BA, el festival de tango m\u00e1s importante del mundo. La fecha clase es el mi\u00e9rcoles 20 de agosto a las 19 en el Centro Cultural General San Mart\u00edn (Paran\u00e1 310). Durante el show la agrupaci\u00f3n recorrer\u00e1 los temas de su primer ep (Cuore Griyo, recientemente nominado a<\/p>\n","protected":false},"author":6,"featured_media":67046,"comment_status":"open","ping_status":"open","sticky":false,"template":"","format":"standard","meta":{"footnotes":""},"categories":[113,208],"tags":[1594,1593,759,56,1526,440,660,1592,1595,189,1596,1591],"class_list":{"0":"post-67039","1":"post","2":"type-post","3":"status-publish","4":"format-standard","5":"has-post-thumbnail","7":"category-musica","8":"category-recomendado","9":"tag-alejandro-robino","10":"tag-dock-sud","11":"tag-gobierno-de-la-ciudad","12":"tag-gobierno-de-la-ciudad-de-buenos-aires","13":"tag-ministerio-de-cultura","14":"tag-ministerio-de-cultura-de-la-ciudad","15":"tag-ministerio-de-cultura-porteno","16":"tag-mundial-de-tango","17":"tag-musica-2","18":"tag-tango","19":"tag-tango-electronico","20":"tag-tangoba"},"yoast_head":"<!-- This site is optimized with the Yoast SEO plugin v27.2 - https:\/\/yoast.com\/product\/yoast-seo-wordpress\/ -->\n<title>Dock Sud se presenta en Tango BA &#8211; Radio Cultura<\/title>\n<meta name=\"robots\" content=\"noindex, follow, max-snippet:-1, max-image-preview:large, max-video-preview:-1\" \/>\n<meta property=\"og:locale\" content=\"es_ES\" \/>\n<meta property=\"og:type\" content=\"article\" \/>\n<meta property=\"og:title\" content=\"Dock Sud se presenta en Tango BA &#8211; Radio Cultura\" \/>\n<meta property=\"og:description\" content=\"Dock Sud llega a los escenarios de Tango BA, el festival de tango m\u00e1s importante del mundo. La fecha clase es el mi\u00e9rcoles 20 de agosto a las 19 en el Centro Cultural General San Mart\u00edn (Paran\u00e1 310). Durante el show la agrupaci\u00f3n recorrer\u00e1 los temas de su primer ep (Cuore Griyo, recientemente nominado a\" \/>\n<meta property=\"og:url\" content=\"https:\/\/fmradiocultura.com.ar\/site2025\/dock-sud-se-presenta-en-tango-ba\/\" \/>\n<meta property=\"og:site_name\" content=\"Radio Cultura\" \/>\n<meta property=\"article:publisher\" content=\"https:\/\/www.facebook.com\/radioculturaba\/\" \/>\n<meta property=\"article:published_time\" content=\"2025-08-12T20:48:35+00:00\" \/>\n<meta property=\"article:modified_time\" content=\"2025-08-14T21:06:38+00:00\" \/>\n<meta property=\"og:image\" content=\"https:\/\/fmradiocultura.com.ar\/site2025\/wp-content\/uploads\/2025\/08\/dock-sud-front.jpg\" \/>\n\t<meta property=\"og:image:width\" content=\"1245\" \/>\n\t<meta property=\"og:image:height\" content=\"940\" \/>\n\t<meta property=\"og:image:type\" content=\"image\/jpeg\" \/>\n<meta name=\"author\" content=\"Pablo De Vita\" \/>\n<meta name=\"twitter:card\" content=\"summary_large_image\" \/>\n<meta name=\"twitter:creator\" content=\"@radioculturaba\" \/>\n<meta name=\"twitter:site\" content=\"@radioculturaba\" \/>\n<meta name=\"twitter:label1\" content=\"Escrito por\" \/>\n\t<meta name=\"twitter:data1\" content=\"Pablo De Vita\" \/>\n\t<meta name=\"twitter:label2\" content=\"Tiempo de lectura\" \/>\n\t<meta name=\"twitter:data2\" content=\"5 minutos\" \/>\n<script type=\"application\/ld+json\" class=\"yoast-schema-graph\">{\"@context\":\"https:\/\/schema.org\",\"@graph\":[{\"@type\":\"Article\",\"@id\":\"https:\/\/fmradiocultura.com.ar\/site2025\/dock-sud-se-presenta-en-tango-ba\/#article\",\"isPartOf\":{\"@id\":\"https:\/\/fmradiocultura.com.ar\/site2025\/dock-sud-se-presenta-en-tango-ba\/\"},\"author\":{\"name\":\"Pablo De Vita\",\"@id\":\"https:\/\/fmradiocultura.com.ar\/site2025\/#\/schema\/person\/4129cff584253bb9de3d3bd6cbf21d60\"},\"headline\":\"Dock Sud se presenta en Tango BA\",\"datePublished\":\"2025-08-12T20:48:35+00:00\",\"dateModified\":\"2025-08-14T21:06:38+00:00\",\"mainEntityOfPage\":{\"@id\":\"https:\/\/fmradiocultura.com.ar\/site2025\/dock-sud-se-presenta-en-tango-ba\/\"},\"wordCount\":769,\"commentCount\":0,\"publisher\":{\"@id\":\"https:\/\/fmradiocultura.com.ar\/site2025\/#organization\"},\"image\":{\"@id\":\"https:\/\/fmradiocultura.com.ar\/site2025\/dock-sud-se-presenta-en-tango-ba\/#primaryimage\"},\"thumbnailUrl\":\"https:\/\/fmradiocultura.com.ar\/site2025\/wp-content\/uploads\/2025\/08\/dock-sud-front.jpg\",\"keywords\":[\"Alejandro Robino\",\"Dock Sud\",\"Gobierno de la Ciudad\",\"Gobierno de la Ciudad de Buenos Aires\",\"Ministerio de Cultura\",\"Ministerio de Cultura de la Ciudad\",\"Ministerio de Cultura porte\u00f1o\",\"Mundial de Tango\",\"Musica\",\"tango\",\"Tango Electr\u00f3nico\",\"TangoBA\"],\"articleSection\":[\"M\u00fasica\",\"Recomendado\"],\"inLanguage\":\"es\",\"potentialAction\":[{\"@type\":\"CommentAction\",\"name\":\"Comment\",\"target\":[\"https:\/\/fmradiocultura.com.ar\/site2025\/dock-sud-se-presenta-en-tango-ba\/#respond\"]}]},{\"@type\":\"WebPage\",\"@id\":\"https:\/\/fmradiocultura.com.ar\/site2025\/dock-sud-se-presenta-en-tango-ba\/\",\"url\":\"https:\/\/fmradiocultura.com.ar\/site2025\/dock-sud-se-presenta-en-tango-ba\/\",\"name\":\"Dock Sud se presenta en Tango BA &#8211; Radio Cultura\",\"isPartOf\":{\"@id\":\"https:\/\/fmradiocultura.com.ar\/site2025\/#website\"},\"primaryImageOfPage\":{\"@id\":\"https:\/\/fmradiocultura.com.ar\/site2025\/dock-sud-se-presenta-en-tango-ba\/#primaryimage\"},\"image\":{\"@id\":\"https:\/\/fmradiocultura.com.ar\/site2025\/dock-sud-se-presenta-en-tango-ba\/#primaryimage\"},\"thumbnailUrl\":\"https:\/\/fmradiocultura.com.ar\/site2025\/wp-content\/uploads\/2025\/08\/dock-sud-front.jpg\",\"datePublished\":\"2025-08-12T20:48:35+00:00\",\"dateModified\":\"2025-08-14T21:06:38+00:00\",\"breadcrumb\":{\"@id\":\"https:\/\/fmradiocultura.com.ar\/site2025\/dock-sud-se-presenta-en-tango-ba\/#breadcrumb\"},\"inLanguage\":\"es\",\"potentialAction\":[{\"@type\":\"ReadAction\",\"target\":[\"https:\/\/fmradiocultura.com.ar\/site2025\/dock-sud-se-presenta-en-tango-ba\/\"]}]},{\"@type\":\"ImageObject\",\"inLanguage\":\"es\",\"@id\":\"https:\/\/fmradiocultura.com.ar\/site2025\/dock-sud-se-presenta-en-tango-ba\/#primaryimage\",\"url\":\"https:\/\/fmradiocultura.com.ar\/site2025\/wp-content\/uploads\/2025\/08\/dock-sud-front.jpg\",\"contentUrl\":\"https:\/\/fmradiocultura.com.ar\/site2025\/wp-content\/uploads\/2025\/08\/dock-sud-front.jpg\",\"width\":1245,\"height\":940},{\"@type\":\"BreadcrumbList\",\"@id\":\"https:\/\/fmradiocultura.com.ar\/site2025\/dock-sud-se-presenta-en-tango-ba\/#breadcrumb\",\"itemListElement\":[{\"@type\":\"ListItem\",\"position\":1,\"name\":\"Portada\",\"item\":\"https:\/\/fmradiocultura.com.ar\/site2025\/\"},{\"@type\":\"ListItem\",\"position\":2,\"name\":\"Dock Sud se presenta en Tango BA\"}]},{\"@type\":\"WebSite\",\"@id\":\"https:\/\/fmradiocultura.com.ar\/site2025\/#website\",\"url\":\"https:\/\/fmradiocultura.com.ar\/site2025\/\",\"name\":\"Radio Cultura\",\"description\":\"Es un medio independiente que busca difundir arte, cultura y turismo cultural al mundo hispanohablante.\",\"publisher\":{\"@id\":\"https:\/\/fmradiocultura.com.ar\/site2025\/#organization\"},\"alternateName\":\"fmradiocultura.com.ar\",\"potentialAction\":[{\"@type\":\"SearchAction\",\"target\":{\"@type\":\"EntryPoint\",\"urlTemplate\":\"https:\/\/fmradiocultura.com.ar\/site2025\/?s={search_term_string}\"},\"query-input\":{\"@type\":\"PropertyValueSpecification\",\"valueRequired\":true,\"valueName\":\"search_term_string\"}}],\"inLanguage\":\"es\"},{\"@type\":\"Organization\",\"@id\":\"https:\/\/fmradiocultura.com.ar\/site2025\/#organization\",\"name\":\"Radio Cultura\",\"alternateName\":\"fmradiocultura.com.ar\",\"url\":\"https:\/\/fmradiocultura.com.ar\/site2025\/\",\"logo\":{\"@type\":\"ImageObject\",\"inLanguage\":\"es\",\"@id\":\"https:\/\/fmradiocultura.com.ar\/site2025\/#\/schema\/logo\/image\/\",\"url\":\"https:\/\/fmradiocultura.com.ar\/site2025\/wp-content\/uploads\/2025\/06\/Logo-RC-ok-1080x1080-vertical.jpg\",\"contentUrl\":\"https:\/\/fmradiocultura.com.ar\/site2025\/wp-content\/uploads\/2025\/06\/Logo-RC-ok-1080x1080-vertical.jpg\",\"width\":1080,\"height\":1080,\"caption\":\"Radio Cultura\"},\"image\":{\"@id\":\"https:\/\/fmradiocultura.com.ar\/site2025\/#\/schema\/logo\/image\/\"},\"sameAs\":[\"https:\/\/www.facebook.com\/radioculturaba\/\",\"https:\/\/x.com\/radioculturaba\",\"https:\/\/www.instagram.com\/radioculturaba\"]},{\"@type\":\"Person\",\"@id\":\"https:\/\/fmradiocultura.com.ar\/site2025\/#\/schema\/person\/4129cff584253bb9de3d3bd6cbf21d60\",\"name\":\"Pablo De Vita\",\"image\":{\"@type\":\"ImageObject\",\"inLanguage\":\"es\",\"@id\":\"https:\/\/secure.gravatar.com\/avatar\/752f82179b81dcf8cf405efdf12252c6af17c7a982b2f34f4602cef583f8a9fb?s=96&d=mm&r=g\",\"url\":\"https:\/\/secure.gravatar.com\/avatar\/752f82179b81dcf8cf405efdf12252c6af17c7a982b2f34f4602cef583f8a9fb?s=96&d=mm&r=g\",\"contentUrl\":\"https:\/\/secure.gravatar.com\/avatar\/752f82179b81dcf8cf405efdf12252c6af17c7a982b2f34f4602cef583f8a9fb?s=96&d=mm&r=g\",\"caption\":\"Pablo De Vita\"},\"url\":\"https:\/\/fmradiocultura.com.ar\/site2025\/author\/pablodevita\/\"}]}<\/script>\n<!-- \/ Yoast SEO plugin. -->","yoast_head_json":{"title":"Dock Sud se presenta en Tango BA &#8211; Radio Cultura","robots":{"index":"noindex","follow":"follow","max-snippet":"max-snippet:-1","max-image-preview":"max-image-preview:large","max-video-preview":"max-video-preview:-1"},"og_locale":"es_ES","og_type":"article","og_title":"Dock Sud se presenta en Tango BA &#8211; Radio Cultura","og_description":"Dock Sud llega a los escenarios de Tango BA, el festival de tango m\u00e1s importante del mundo. La fecha clase es el mi\u00e9rcoles 20 de agosto a las 19 en el Centro Cultural General San Mart\u00edn (Paran\u00e1 310). Durante el show la agrupaci\u00f3n recorrer\u00e1 los temas de su primer ep (Cuore Griyo, recientemente nominado a","og_url":"https:\/\/fmradiocultura.com.ar\/site2025\/dock-sud-se-presenta-en-tango-ba\/","og_site_name":"Radio Cultura","article_publisher":"https:\/\/www.facebook.com\/radioculturaba\/","article_published_time":"2025-08-12T20:48:35+00:00","article_modified_time":"2025-08-14T21:06:38+00:00","og_image":[{"width":1245,"height":940,"url":"https:\/\/fmradiocultura.com.ar\/site2025\/wp-content\/uploads\/2025\/08\/dock-sud-front.jpg","type":"image\/jpeg"}],"author":"Pablo De Vita","twitter_card":"summary_large_image","twitter_creator":"@radioculturaba","twitter_site":"@radioculturaba","twitter_misc":{"Escrito por":"Pablo De Vita","Tiempo de lectura":"5 minutos"},"schema":{"@context":"https:\/\/schema.org","@graph":[{"@type":"Article","@id":"https:\/\/fmradiocultura.com.ar\/site2025\/dock-sud-se-presenta-en-tango-ba\/#article","isPartOf":{"@id":"https:\/\/fmradiocultura.com.ar\/site2025\/dock-sud-se-presenta-en-tango-ba\/"},"author":{"name":"Pablo De Vita","@id":"https:\/\/fmradiocultura.com.ar\/site2025\/#\/schema\/person\/4129cff584253bb9de3d3bd6cbf21d60"},"headline":"Dock Sud se presenta en Tango BA","datePublished":"2025-08-12T20:48:35+00:00","dateModified":"2025-08-14T21:06:38+00:00","mainEntityOfPage":{"@id":"https:\/\/fmradiocultura.com.ar\/site2025\/dock-sud-se-presenta-en-tango-ba\/"},"wordCount":769,"commentCount":0,"publisher":{"@id":"https:\/\/fmradiocultura.com.ar\/site2025\/#organization"},"image":{"@id":"https:\/\/fmradiocultura.com.ar\/site2025\/dock-sud-se-presenta-en-tango-ba\/#primaryimage"},"thumbnailUrl":"https:\/\/fmradiocultura.com.ar\/site2025\/wp-content\/uploads\/2025\/08\/dock-sud-front.jpg","keywords":["Alejandro Robino","Dock Sud","Gobierno de la Ciudad","Gobierno de la Ciudad de Buenos Aires","Ministerio de Cultura","Ministerio de Cultura de la Ciudad","Ministerio de Cultura porte\u00f1o","Mundial de Tango","Musica","tango","Tango Electr\u00f3nico","TangoBA"],"articleSection":["M\u00fasica","Recomendado"],"inLanguage":"es","potentialAction":[{"@type":"CommentAction","name":"Comment","target":["https:\/\/fmradiocultura.com.ar\/site2025\/dock-sud-se-presenta-en-tango-ba\/#respond"]}]},{"@type":"WebPage","@id":"https:\/\/fmradiocultura.com.ar\/site2025\/dock-sud-se-presenta-en-tango-ba\/","url":"https:\/\/fmradiocultura.com.ar\/site2025\/dock-sud-se-presenta-en-tango-ba\/","name":"Dock Sud se presenta en Tango BA &#8211; Radio Cultura","isPartOf":{"@id":"https:\/\/fmradiocultura.com.ar\/site2025\/#website"},"primaryImageOfPage":{"@id":"https:\/\/fmradiocultura.com.ar\/site2025\/dock-sud-se-presenta-en-tango-ba\/#primaryimage"},"image":{"@id":"https:\/\/fmradiocultura.com.ar\/site2025\/dock-sud-se-presenta-en-tango-ba\/#primaryimage"},"thumbnailUrl":"https:\/\/fmradiocultura.com.ar\/site2025\/wp-content\/uploads\/2025\/08\/dock-sud-front.jpg","datePublished":"2025-08-12T20:48:35+00:00","dateModified":"2025-08-14T21:06:38+00:00","breadcrumb":{"@id":"https:\/\/fmradiocultura.com.ar\/site2025\/dock-sud-se-presenta-en-tango-ba\/#breadcrumb"},"inLanguage":"es","potentialAction":[{"@type":"ReadAction","target":["https:\/\/fmradiocultura.com.ar\/site2025\/dock-sud-se-presenta-en-tango-ba\/"]}]},{"@type":"ImageObject","inLanguage":"es","@id":"https:\/\/fmradiocultura.com.ar\/site2025\/dock-sud-se-presenta-en-tango-ba\/#primaryimage","url":"https:\/\/fmradiocultura.com.ar\/site2025\/wp-content\/uploads\/2025\/08\/dock-sud-front.jpg","contentUrl":"https:\/\/fmradiocultura.com.ar\/site2025\/wp-content\/uploads\/2025\/08\/dock-sud-front.jpg","width":1245,"height":940},{"@type":"BreadcrumbList","@id":"https:\/\/fmradiocultura.com.ar\/site2025\/dock-sud-se-presenta-en-tango-ba\/#breadcrumb","itemListElement":[{"@type":"ListItem","position":1,"name":"Portada","item":"https:\/\/fmradiocultura.com.ar\/site2025\/"},{"@type":"ListItem","position":2,"name":"Dock Sud se presenta en Tango BA"}]},{"@type":"WebSite","@id":"https:\/\/fmradiocultura.com.ar\/site2025\/#website","url":"https:\/\/fmradiocultura.com.ar\/site2025\/","name":"Radio Cultura","description":"Es un medio independiente que busca difundir arte, cultura y turismo cultural al mundo hispanohablante.","publisher":{"@id":"https:\/\/fmradiocultura.com.ar\/site2025\/#organization"},"alternateName":"fmradiocultura.com.ar","potentialAction":[{"@type":"SearchAction","target":{"@type":"EntryPoint","urlTemplate":"https:\/\/fmradiocultura.com.ar\/site2025\/?s={search_term_string}"},"query-input":{"@type":"PropertyValueSpecification","valueRequired":true,"valueName":"search_term_string"}}],"inLanguage":"es"},{"@type":"Organization","@id":"https:\/\/fmradiocultura.com.ar\/site2025\/#organization","name":"Radio Cultura","alternateName":"fmradiocultura.com.ar","url":"https:\/\/fmradiocultura.com.ar\/site2025\/","logo":{"@type":"ImageObject","inLanguage":"es","@id":"https:\/\/fmradiocultura.com.ar\/site2025\/#\/schema\/logo\/image\/","url":"https:\/\/fmradiocultura.com.ar\/site2025\/wp-content\/uploads\/2025\/06\/Logo-RC-ok-1080x1080-vertical.jpg","contentUrl":"https:\/\/fmradiocultura.com.ar\/site2025\/wp-content\/uploads\/2025\/06\/Logo-RC-ok-1080x1080-vertical.jpg","width":1080,"height":1080,"caption":"Radio Cultura"},"image":{"@id":"https:\/\/fmradiocultura.com.ar\/site2025\/#\/schema\/logo\/image\/"},"sameAs":["https:\/\/www.facebook.com\/radioculturaba\/","https:\/\/x.com\/radioculturaba","https:\/\/www.instagram.com\/radioculturaba"]},{"@type":"Person","@id":"https:\/\/fmradiocultura.com.ar\/site2025\/#\/schema\/person\/4129cff584253bb9de3d3bd6cbf21d60","name":"Pablo De Vita","image":{"@type":"ImageObject","inLanguage":"es","@id":"https:\/\/secure.gravatar.com\/avatar\/752f82179b81dcf8cf405efdf12252c6af17c7a982b2f34f4602cef583f8a9fb?s=96&d=mm&r=g","url":"https:\/\/secure.gravatar.com\/avatar\/752f82179b81dcf8cf405efdf12252c6af17c7a982b2f34f4602cef583f8a9fb?s=96&d=mm&r=g","contentUrl":"https:\/\/secure.gravatar.com\/avatar\/752f82179b81dcf8cf405efdf12252c6af17c7a982b2f34f4602cef583f8a9fb?s=96&d=mm&r=g","caption":"Pablo De Vita"},"url":"https:\/\/fmradiocultura.com.ar\/site2025\/author\/pablodevita\/"}]}},"_links":{"self":[{"href":"https:\/\/fmradiocultura.com.ar\/site2025\/wp-json\/wp\/v2\/posts\/67039","targetHints":{"allow":["GET"]}}],"collection":[{"href":"https:\/\/fmradiocultura.com.ar\/site2025\/wp-json\/wp\/v2\/posts"}],"about":[{"href":"https:\/\/fmradiocultura.com.ar\/site2025\/wp-json\/wp\/v2\/types\/post"}],"author":[{"embeddable":true,"href":"https:\/\/fmradiocultura.com.ar\/site2025\/wp-json\/wp\/v2\/users\/6"}],"replies":[{"embeddable":true,"href":"https:\/\/fmradiocultura.com.ar\/site2025\/wp-json\/wp\/v2\/comments?post=67039"}],"version-history":[{"count":1,"href":"https:\/\/fmradiocultura.com.ar\/site2025\/wp-json\/wp\/v2\/posts\/67039\/revisions"}],"predecessor-version":[{"id":67045,"href":"https:\/\/fmradiocultura.com.ar\/site2025\/wp-json\/wp\/v2\/posts\/67039\/revisions\/67045"}],"wp:featuredmedia":[{"embeddable":true,"href":"https:\/\/fmradiocultura.com.ar\/site2025\/wp-json\/wp\/v2\/media\/67046"}],"wp:attachment":[{"href":"https:\/\/fmradiocultura.com.ar\/site2025\/wp-json\/wp\/v2\/media?parent=67039"}],"wp:term":[{"taxonomy":"category","embeddable":true,"href":"https:\/\/fmradiocultura.com.ar\/site2025\/wp-json\/wp\/v2\/categories?post=67039"},{"taxonomy":"post_tag","embeddable":true,"href":"https:\/\/fmradiocultura.com.ar\/site2025\/wp-json\/wp\/v2\/tags?post=67039"}],"curies":[{"name":"wp","href":"https:\/\/api.w.org\/{rel}","templated":true}]}}