{"id":66905,"date":"2025-08-05T17:32:00","date_gmt":"2025-08-05T20:32:00","guid":{"rendered":"https:\/\/fmradiocultura.com.ar\/site2025\/?p=66905"},"modified":"2025-08-06T17:47:30","modified_gmt":"2025-08-06T20:47:30","slug":"record-absoluto-del-festival-de-invierno-en-la-ciudad","status":"publish","type":"post","link":"https:\/\/fmradiocultura.com.ar\/site2025\/record-absoluto-del-festival-de-invierno-en-la-ciudad\/","title":{"rendered":"R\u00e9cord absoluto del Festival de Invierno en la Ciudad"},"content":{"rendered":"\n<p>Del 19 de julio al 3 de agosto la Ciudad celebr\u00f3 una nueva edici\u00f3n del <strong>Festival de Invierno<\/strong> con una programaci\u00f3n diversa, sin costo y descentralizada, que alcanz\u00f3 a todos los barrios porte\u00f1os. Museos, bibliotecas, teatros y centros culturales recibieron a <strong>m\u00e1s de 130.000 vecinos<\/strong>, con propuestas pensadas para todas las edades, accesibles y destinadas a p\u00fablicos diversos.<\/p>\n\n\n\n<p>A lo largo de estas dos semanas se ofrecieron m\u00e1s de 1.200 actividades culturales, muchas de ellas con localidades agotadas. La <strong>Usina del Arte <\/strong>fue uno de los espacios m\u00e1s visitados del Festival: el p\u00fablico particip\u00f3 de funciones distendidas de la mano de Cultura Amigable como la de <em>Monster Buu Band<\/em> en el Auditorio, y de una programaci\u00f3n familiar que incluy\u00f3 espect\u00e1culos como <em>La Cocina de Giorgio, <\/em>Urraka<em>, <\/em>Suena Tan Gur\u00ed y Los Cazurros. Adem\u00e1s, se destac\u00f3 el taller de t\u00edteres TILU, que se realiz\u00f3 en varios turnos en el Espacio Creativo. El <strong>Anfiteatro del Parque Centenario<\/strong> tambi\u00e9n registr\u00f3 una gran concurrencia en sus conciertos al aire libre. Ejemplo de ello fueron Jivers: Swingin\u2019 Mar\u00eda Elena y Kabradepata.<\/p>\n\n\n<div class=\"wp-block-image\">\n<figure class=\"aligncenter size-full\"><img fetchpriority=\"high\" decoding=\"async\" width=\"747\" height=\"427\" src=\"https:\/\/fmradiocultura.com.ar\/site2025\/wp-content\/uploads\/2025\/08\/5002_AFS_Usina_20220312-1FS00291.jpg\" alt=\"\" class=\"wp-image-66907\" srcset=\"https:\/\/fmradiocultura.com.ar\/site2025\/wp-content\/uploads\/2025\/08\/5002_AFS_Usina_20220312-1FS00291.jpg 747w, https:\/\/fmradiocultura.com.ar\/site2025\/wp-content\/uploads\/2025\/08\/5002_AFS_Usina_20220312-1FS00291-300x171.jpg 300w, https:\/\/fmradiocultura.com.ar\/site2025\/wp-content\/uploads\/2025\/08\/5002_AFS_Usina_20220312-1FS00291-150x86.jpg 150w, https:\/\/fmradiocultura.com.ar\/site2025\/wp-content\/uploads\/2025\/08\/5002_AFS_Usina_20220312-1FS00291-450x257.jpg 450w\" sizes=\"(max-width: 747px) 100vw, 747px\" \/><\/figure>\n<\/div>\n\n\n<p>El <strong>Centro Cultural Recoleta <\/strong>recibi\u00f3 a miles de visitantes y agot\u00f3 la capacidad de sus salas en todas las propuestas. Entre las actividades con mayor repercusi\u00f3n se destacaron los talleres de la Sala de Dibujo, las funciones de Melocot\u00f3n Pajarito, el show de Los Ludic y el cine animado de Portugal y Corea.<\/p>\n\n\n\n<p>El <strong>Planetario Galileo Galilei<\/strong> fue otro de los espacios m\u00e1s convocantes. Su programaci\u00f3n incluy\u00f3 8 funciones distendidas con entradas agotadas, shows inmersivos en formato fulldome como <em>Desconexi\u00f3n sublime<\/em>, <em>Veo veo<\/em>, <em>Exoplanetas<\/em>, <em>Top 5: Lo mejor del universo<\/em> y <em>Vuelta por el universo<\/em>. Adem\u00e1s, se realiz\u00f3 el encuentro especial \u201cAgujeros negros y entrelazamiento cu\u00e1ntico\u201d, se llevaron a cabo talleres infantiles y se ofrecieron observaciones astron\u00f3micas con telescopios.<\/p>\n\n\n\n<figure class=\"wp-block-image size-large\"><img decoding=\"async\" width=\"1024\" height=\"768\" src=\"https:\/\/fmradiocultura.com.ar\/site2025\/wp-content\/uploads\/2025\/08\/IMG_5788-1024x768.jpg\" alt=\"\" class=\"wp-image-66909\" srcset=\"https:\/\/fmradiocultura.com.ar\/site2025\/wp-content\/uploads\/2025\/08\/IMG_5788-1024x768.jpg 1024w, https:\/\/fmradiocultura.com.ar\/site2025\/wp-content\/uploads\/2025\/08\/IMG_5788-300x225.jpg 300w, https:\/\/fmradiocultura.com.ar\/site2025\/wp-content\/uploads\/2025\/08\/IMG_5788-768x576.jpg 768w, https:\/\/fmradiocultura.com.ar\/site2025\/wp-content\/uploads\/2025\/08\/IMG_5788-1536x1152.jpg 1536w, https:\/\/fmradiocultura.com.ar\/site2025\/wp-content\/uploads\/2025\/08\/IMG_5788-2048x1536.jpg 2048w, https:\/\/fmradiocultura.com.ar\/site2025\/wp-content\/uploads\/2025\/08\/IMG_5788-150x113.jpg 150w, https:\/\/fmradiocultura.com.ar\/site2025\/wp-content\/uploads\/2025\/08\/IMG_5788-450x338.jpg 450w, https:\/\/fmradiocultura.com.ar\/site2025\/wp-content\/uploads\/2025\/08\/IMG_5788-1200x900.jpg 1200w\" sizes=\"(max-width: 1024px) 100vw, 1024px\" \/><\/figure>\n\n\n\n<p>El <strong>Centro Cultural 25 de Mayo<\/strong> volvi\u00f3 a ser epicentro de la cultura familiar en Villa Urquiza con una programaci\u00f3n diversa que combin\u00f3 m\u00fasica, teatro y cine para las infancias. Se realizaron 14 funciones, todas a sala llena en la Sala Principal, con propuestas como Troesma, Los Cazurros, Bigolates de Chocote, Las Hermanas Misterio<em>, <\/em>La Linterna M\u00e1gica<em>, <\/em>Anda Calabaza<em> <\/em>y<em> <\/em>Monster Buu Band, entre otras.<\/p>\n\n\n\n<p>El <strong>Complejo Teatral de Buenos Aires<\/strong> tambi\u00e9n fue otro de los grandes protagonistas del Festival de Invierno. Entre los espect\u00e1culos m\u00e1s destacados se encuentran <em>Alejandra <\/em>y<em> los mundos, Amadeo y Cuentopos de Gulub\u00fa<\/em>, que formaron parte de una cartelera especialmente curada para los m\u00e1s chicos y el p\u00fablico familiar.<\/p>\n\n\n<div class=\"wp-block-image\">\n<figure class=\"alignleft size-large\"><img decoding=\"async\" width=\"1024\" height=\"706\" src=\"https:\/\/fmradiocultura.com.ar\/site2025\/wp-content\/uploads\/2025\/08\/Quijote-1-1024x706.jpg\" alt=\"\" class=\"wp-image-66913\" srcset=\"https:\/\/fmradiocultura.com.ar\/site2025\/wp-content\/uploads\/2025\/08\/Quijote-1-1024x706.jpg 1024w, https:\/\/fmradiocultura.com.ar\/site2025\/wp-content\/uploads\/2025\/08\/Quijote-1-300x207.jpg 300w, https:\/\/fmradiocultura.com.ar\/site2025\/wp-content\/uploads\/2025\/08\/Quijote-1-768x529.jpg 768w, https:\/\/fmradiocultura.com.ar\/site2025\/wp-content\/uploads\/2025\/08\/Quijote-1-1536x1059.jpg 1536w, https:\/\/fmradiocultura.com.ar\/site2025\/wp-content\/uploads\/2025\/08\/Quijote-1-2048x1411.jpg 2048w, https:\/\/fmradiocultura.com.ar\/site2025\/wp-content\/uploads\/2025\/08\/Quijote-1-150x103.jpg 150w, https:\/\/fmradiocultura.com.ar\/site2025\/wp-content\/uploads\/2025\/08\/Quijote-1-450x310.jpg 450w, https:\/\/fmradiocultura.com.ar\/site2025\/wp-content\/uploads\/2025\/08\/Quijote-1-1200x827.jpg 1200w\" sizes=\"(max-width: 1024px) 100vw, 1024px\" \/><\/figure>\n<\/div>\n\n\n<p>El \u00e1rea de<strong> Casco Hist\u00f3rico<\/strong> organiz\u00f3 11 visitas y recorridos por distintos puntos emblem\u00e1ticos de la Ciudad. Con cupo agotado en todas las propuestas, participaron cientos de vecinos. Los recorridos peatonales despertaron especial inter\u00e9s y, dentro de las mismas, las visitas m\u00e1s convocantes fueron las del Casal de Catalunya y el Zanj\u00f3n de Granados. Adem\u00e1s, las iniciativas narradas por la escritora Florencia Canale contaron con una alta convocatoria.<\/p>\n\n\n\n<p>El <strong>Centro Cultural San Mart\u00edn <\/strong>se destac\u00f3 como sede de Suiza Pop, un evento que invit\u00f3 a chicos y adolescentes a conocer la cultura contempor\u00e1nea suiza a trav\u00e9s de una programaci\u00f3n de vanguardia. La propuesta incluy\u00f3 funciones de cine animado, talleres colaborativos entre artistas suizos y argentinos en torno a la creaci\u00f3n de videojuegos, talleres creativos a cargo de editoriales infantiles de ambos pa\u00edses y charlas sobre cine de animaci\u00f3n. Adem\u00e1s, el Centro Cultural San Mart\u00edn estren\u00f3 el documental <em>Quinograf\u00eda<\/em>, que recorre la biograf\u00eda del creador de Mafalda.<\/p>\n\n\n<div class=\"wp-block-image\">\n<figure class=\"aligncenter size-large\"><img loading=\"lazy\" decoding=\"async\" width=\"1024\" height=\"684\" src=\"https:\/\/fmradiocultura.com.ar\/site2025\/wp-content\/uploads\/2025\/08\/Quinografia-1024x684.jpg\" alt=\"\" class=\"wp-image-66910\" srcset=\"https:\/\/fmradiocultura.com.ar\/site2025\/wp-content\/uploads\/2025\/08\/Quinografia-1024x684.jpg 1024w, https:\/\/fmradiocultura.com.ar\/site2025\/wp-content\/uploads\/2025\/08\/Quinografia-300x200.jpg 300w, https:\/\/fmradiocultura.com.ar\/site2025\/wp-content\/uploads\/2025\/08\/Quinografia-768x513.jpg 768w, https:\/\/fmradiocultura.com.ar\/site2025\/wp-content\/uploads\/2025\/08\/Quinografia-1536x1026.jpg 1536w, https:\/\/fmradiocultura.com.ar\/site2025\/wp-content\/uploads\/2025\/08\/Quinografia-2048x1368.jpg 2048w, https:\/\/fmradiocultura.com.ar\/site2025\/wp-content\/uploads\/2025\/08\/Quinografia-150x100.jpg 150w, https:\/\/fmradiocultura.com.ar\/site2025\/wp-content\/uploads\/2025\/08\/Quinografia-450x301.jpg 450w, https:\/\/fmradiocultura.com.ar\/site2025\/wp-content\/uploads\/2025\/08\/Quinografia-1200x802.jpg 1200w\" sizes=\"(max-width: 1024px) 100vw, 1024px\" \/><\/figure>\n<\/div>\n\n\n<p>Las<strong> bibliotecas de la Ciudad<\/strong> tambi\u00e9n se sumaron al Festival, colmadas de familias que disfrutaron de espect\u00e1culos y talleres especialmente pensados para la primera infancia. Entre las propuestas m\u00e1s convocantes se destacaron <em>Risa y creatividad en familia<\/em> en la Biblioteca Parque de la Estaci\u00f3n, las jornadas de <em>Lectura para infancias<\/em> en las bibliotecas La Reina Batata y Antonio Devoto, y los encuentros de juegos de rol y de mesa tambi\u00e9n en la Biblioteca Antonio Devoto. En los <strong>espacios culturales <\/strong>de la Ciudad tambi\u00e9n hubo una gran convocatoria: se ofrecieron un total de 179 espect\u00e1culos que reunieron a miles de espectadores. Adem\u00e1s, se destacaron dos grandes eventos: \u201cVen\u00ed a Cultura!\u201d<em> <\/em>y \u201cTarde de arte y canto\u201d por ser de las propuestas m\u00e1s elegidas por los vecinos. Por su parte, la <strong>Feria de Mataderos<\/strong> acompa\u00f1\u00f3 la programaci\u00f3n con propuestas gastron\u00f3micas, talleres y espect\u00e1culos especialmente pensados para el p\u00fablico infantil.<\/p>\n\n\n\n<figure class=\"wp-block-image size-large\"><img loading=\"lazy\" decoding=\"async\" width=\"1024\" height=\"684\" src=\"https:\/\/fmradiocultura.com.ar\/site2025\/wp-content\/uploads\/2025\/08\/Suiza-pop-1024x684.jpg\" alt=\"\" class=\"wp-image-66911\" srcset=\"https:\/\/fmradiocultura.com.ar\/site2025\/wp-content\/uploads\/2025\/08\/Suiza-pop-1024x684.jpg 1024w, https:\/\/fmradiocultura.com.ar\/site2025\/wp-content\/uploads\/2025\/08\/Suiza-pop-300x200.jpg 300w, https:\/\/fmradiocultura.com.ar\/site2025\/wp-content\/uploads\/2025\/08\/Suiza-pop-768x513.jpg 768w, https:\/\/fmradiocultura.com.ar\/site2025\/wp-content\/uploads\/2025\/08\/Suiza-pop-1536x1026.jpg 1536w, https:\/\/fmradiocultura.com.ar\/site2025\/wp-content\/uploads\/2025\/08\/Suiza-pop-2048x1368.jpg 2048w, https:\/\/fmradiocultura.com.ar\/site2025\/wp-content\/uploads\/2025\/08\/Suiza-pop-150x100.jpg 150w, https:\/\/fmradiocultura.com.ar\/site2025\/wp-content\/uploads\/2025\/08\/Suiza-pop-450x301.jpg 450w, https:\/\/fmradiocultura.com.ar\/site2025\/wp-content\/uploads\/2025\/08\/Suiza-pop-1200x802.jpg 1200w\" sizes=\"(max-width: 1024px) 100vw, 1024px\" \/><figcaption class=\"wp-element-caption\">La Ministra de Cultura <strong>Gabriela Ricardes<\/strong><\/figcaption><\/figure>\n\n\n\n<p>Los <strong>museos <\/strong>tambi\u00e9n formaron parte fundamental del Festival de Invierno, con una agenda repleta de propuestas para todas las edades. Se realizaron talleres de arte, visitas guiadas, shows musicales y narraciones en vivo. Entre las actividades m\u00e1s destacadas se encontraron el taller <em>Cuerpo pincel<\/em>, la experiencia creativa <em>\u00bfPor qu\u00e9 somos tan geniales?<\/em>, el espacio para la primera infancia <em>Teatro de papel<\/em>, y la propuesta de dise\u00f1o <em>De la silla al infinito<\/em>, desarrollada junto a estudiantes de la Universidad Torcuato Di Tella en el <strong>Museo Moderno<\/strong>. Tambi\u00e9n se presentaron espect\u00e1culos como <em>Narraci\u00f3n Puro Cuento<\/em> de Mariana Testa en el MIJU y shows musicales con gran respuesta del p\u00fablico familiar. Hubo adem\u00e1s visitas, recorridos especiales, talleres, espect\u00e1culos y proyecci\u00f3n de pel\u00edculas en <strong>Barraca Pe\u00f1a<\/strong> y en el <strong>Sitio Arqueol\u00f3gico La Cisterna<\/strong> y su mirador 360\u00b0.<\/p>\n\n\n\n<p><\/p>\n","protected":false},"excerpt":{"rendered":"<p>Del 19 de julio al 3 de agosto la Ciudad celebr\u00f3 una nueva edici\u00f3n del Festival de Invierno con una programaci\u00f3n diversa, sin costo y descentralizada, que alcanz\u00f3 a todos los barrios porte\u00f1os. Museos, bibliotecas, teatros y centros culturales recibieron a m\u00e1s de 130.000 vecinos, con propuestas pensadas para todas las edades, accesibles y destinadas<\/p>\n","protected":false},"author":6,"featured_media":66908,"comment_status":"open","ping_status":"open","sticky":false,"template":"","format":"standard","meta":{"footnotes":""},"categories":[208],"tags":[1527,759,1526,1284],"class_list":{"0":"post-66905","1":"post","2":"type-post","3":"status-publish","4":"format-standard","5":"has-post-thumbnail","7":"category-recomendado","8":"tag-festival-de-invierno","9":"tag-gobierno-de-la-ciudad","10":"tag-ministerio-de-cultura","11":"tag-vacaciones-de-invierno"},"yoast_head":"<!-- This site is optimized with the Yoast SEO plugin v27.2 - https:\/\/yoast.com\/product\/yoast-seo-wordpress\/ -->\n<title>R\u00e9cord absoluto del Festival de Invierno en la Ciudad &#8211; Radio Cultura<\/title>\n<meta name=\"robots\" content=\"noindex, follow, max-snippet:-1, max-image-preview:large, max-video-preview:-1\" \/>\n<meta property=\"og:locale\" content=\"es_ES\" \/>\n<meta property=\"og:type\" content=\"article\" \/>\n<meta property=\"og:title\" content=\"R\u00e9cord absoluto del Festival de Invierno en la Ciudad &#8211; Radio Cultura\" \/>\n<meta property=\"og:description\" content=\"Del 19 de julio al 3 de agosto la Ciudad celebr\u00f3 una nueva edici\u00f3n del Festival de Invierno con una programaci\u00f3n diversa, sin costo y descentralizada, que alcanz\u00f3 a todos los barrios porte\u00f1os. Museos, bibliotecas, teatros y centros culturales recibieron a m\u00e1s de 130.000 vecinos, con propuestas pensadas para todas las edades, accesibles y destinadas\" \/>\n<meta property=\"og:url\" content=\"https:\/\/fmradiocultura.com.ar\/site2025\/record-absoluto-del-festival-de-invierno-en-la-ciudad\/\" \/>\n<meta property=\"og:site_name\" content=\"Radio Cultura\" \/>\n<meta property=\"article:publisher\" content=\"https:\/\/www.facebook.com\/radioculturaba\/\" \/>\n<meta property=\"article:published_time\" content=\"2025-08-05T20:32:00+00:00\" \/>\n<meta property=\"article:modified_time\" content=\"2025-08-06T20:47:30+00:00\" \/>\n<meta property=\"og:image\" content=\"https:\/\/fmradiocultura.com.ar\/site2025\/wp-content\/uploads\/2025\/08\/Copy-of-FOTO-TELESCOPIO-.jpg\" \/>\n\t<meta property=\"og:image:width\" content=\"2048\" \/>\n\t<meta property=\"og:image:height\" content=\"1365\" \/>\n\t<meta property=\"og:image:type\" content=\"image\/jpeg\" \/>\n<meta name=\"author\" content=\"Pablo De Vita\" \/>\n<meta name=\"twitter:card\" content=\"summary_large_image\" \/>\n<meta name=\"twitter:creator\" content=\"@radioculturaba\" \/>\n<meta name=\"twitter:site\" content=\"@radioculturaba\" \/>\n<meta name=\"twitter:label1\" content=\"Escrito por\" \/>\n\t<meta name=\"twitter:data1\" content=\"Pablo De Vita\" \/>\n\t<meta name=\"twitter:label2\" content=\"Tiempo de lectura\" \/>\n\t<meta name=\"twitter:data2\" content=\"6 minutos\" \/>\n<script type=\"application\/ld+json\" class=\"yoast-schema-graph\">{\"@context\":\"https:\/\/schema.org\",\"@graph\":[{\"@type\":\"Article\",\"@id\":\"https:\/\/fmradiocultura.com.ar\/site2025\/record-absoluto-del-festival-de-invierno-en-la-ciudad\/#article\",\"isPartOf\":{\"@id\":\"https:\/\/fmradiocultura.com.ar\/site2025\/record-absoluto-del-festival-de-invierno-en-la-ciudad\/\"},\"author\":{\"name\":\"Pablo De Vita\",\"@id\":\"https:\/\/fmradiocultura.com.ar\/site2025\/#\/schema\/person\/4129cff584253bb9de3d3bd6cbf21d60\"},\"headline\":\"R\u00e9cord absoluto del Festival de Invierno en la Ciudad\",\"datePublished\":\"2025-08-05T20:32:00+00:00\",\"dateModified\":\"2025-08-06T20:47:30+00:00\",\"mainEntityOfPage\":{\"@id\":\"https:\/\/fmradiocultura.com.ar\/site2025\/record-absoluto-del-festival-de-invierno-en-la-ciudad\/\"},\"wordCount\":923,\"commentCount\":0,\"publisher\":{\"@id\":\"https:\/\/fmradiocultura.com.ar\/site2025\/#organization\"},\"image\":{\"@id\":\"https:\/\/fmradiocultura.com.ar\/site2025\/record-absoluto-del-festival-de-invierno-en-la-ciudad\/#primaryimage\"},\"thumbnailUrl\":\"https:\/\/fmradiocultura.com.ar\/site2025\/wp-content\/uploads\/2025\/08\/Copy-of-FOTO-TELESCOPIO-.jpg\",\"keywords\":[\"Festival de Invierno\",\"Gobierno de la Ciudad\",\"Ministerio de Cultura\",\"Vacaciones de invierno\"],\"articleSection\":[\"Recomendado\"],\"inLanguage\":\"es\",\"potentialAction\":[{\"@type\":\"CommentAction\",\"name\":\"Comment\",\"target\":[\"https:\/\/fmradiocultura.com.ar\/site2025\/record-absoluto-del-festival-de-invierno-en-la-ciudad\/#respond\"]}]},{\"@type\":\"WebPage\",\"@id\":\"https:\/\/fmradiocultura.com.ar\/site2025\/record-absoluto-del-festival-de-invierno-en-la-ciudad\/\",\"url\":\"https:\/\/fmradiocultura.com.ar\/site2025\/record-absoluto-del-festival-de-invierno-en-la-ciudad\/\",\"name\":\"R\u00e9cord absoluto del Festival de Invierno en la Ciudad &#8211; Radio Cultura\",\"isPartOf\":{\"@id\":\"https:\/\/fmradiocultura.com.ar\/site2025\/#website\"},\"primaryImageOfPage\":{\"@id\":\"https:\/\/fmradiocultura.com.ar\/site2025\/record-absoluto-del-festival-de-invierno-en-la-ciudad\/#primaryimage\"},\"image\":{\"@id\":\"https:\/\/fmradiocultura.com.ar\/site2025\/record-absoluto-del-festival-de-invierno-en-la-ciudad\/#primaryimage\"},\"thumbnailUrl\":\"https:\/\/fmradiocultura.com.ar\/site2025\/wp-content\/uploads\/2025\/08\/Copy-of-FOTO-TELESCOPIO-.jpg\",\"datePublished\":\"2025-08-05T20:32:00+00:00\",\"dateModified\":\"2025-08-06T20:47:30+00:00\",\"breadcrumb\":{\"@id\":\"https:\/\/fmradiocultura.com.ar\/site2025\/record-absoluto-del-festival-de-invierno-en-la-ciudad\/#breadcrumb\"},\"inLanguage\":\"es\",\"potentialAction\":[{\"@type\":\"ReadAction\",\"target\":[\"https:\/\/fmradiocultura.com.ar\/site2025\/record-absoluto-del-festival-de-invierno-en-la-ciudad\/\"]}]},{\"@type\":\"ImageObject\",\"inLanguage\":\"es\",\"@id\":\"https:\/\/fmradiocultura.com.ar\/site2025\/record-absoluto-del-festival-de-invierno-en-la-ciudad\/#primaryimage\",\"url\":\"https:\/\/fmradiocultura.com.ar\/site2025\/wp-content\/uploads\/2025\/08\/Copy-of-FOTO-TELESCOPIO-.jpg\",\"contentUrl\":\"https:\/\/fmradiocultura.com.ar\/site2025\/wp-content\/uploads\/2025\/08\/Copy-of-FOTO-TELESCOPIO-.jpg\",\"width\":2048,\"height\":1365},{\"@type\":\"BreadcrumbList\",\"@id\":\"https:\/\/fmradiocultura.com.ar\/site2025\/record-absoluto-del-festival-de-invierno-en-la-ciudad\/#breadcrumb\",\"itemListElement\":[{\"@type\":\"ListItem\",\"position\":1,\"name\":\"Portada\",\"item\":\"https:\/\/fmradiocultura.com.ar\/site2025\/\"},{\"@type\":\"ListItem\",\"position\":2,\"name\":\"R\u00e9cord absoluto del Festival de Invierno en la Ciudad\"}]},{\"@type\":\"WebSite\",\"@id\":\"https:\/\/fmradiocultura.com.ar\/site2025\/#website\",\"url\":\"https:\/\/fmradiocultura.com.ar\/site2025\/\",\"name\":\"Radio Cultura\",\"description\":\"Es un medio independiente que busca difundir arte, cultura y turismo cultural al mundo hispanohablante.\",\"publisher\":{\"@id\":\"https:\/\/fmradiocultura.com.ar\/site2025\/#organization\"},\"alternateName\":\"fmradiocultura.com.ar\",\"potentialAction\":[{\"@type\":\"SearchAction\",\"target\":{\"@type\":\"EntryPoint\",\"urlTemplate\":\"https:\/\/fmradiocultura.com.ar\/site2025\/?s={search_term_string}\"},\"query-input\":{\"@type\":\"PropertyValueSpecification\",\"valueRequired\":true,\"valueName\":\"search_term_string\"}}],\"inLanguage\":\"es\"},{\"@type\":\"Organization\",\"@id\":\"https:\/\/fmradiocultura.com.ar\/site2025\/#organization\",\"name\":\"Radio Cultura\",\"alternateName\":\"fmradiocultura.com.ar\",\"url\":\"https:\/\/fmradiocultura.com.ar\/site2025\/\",\"logo\":{\"@type\":\"ImageObject\",\"inLanguage\":\"es\",\"@id\":\"https:\/\/fmradiocultura.com.ar\/site2025\/#\/schema\/logo\/image\/\",\"url\":\"https:\/\/fmradiocultura.com.ar\/site2025\/wp-content\/uploads\/2025\/06\/Logo-RC-ok-1080x1080-vertical.jpg\",\"contentUrl\":\"https:\/\/fmradiocultura.com.ar\/site2025\/wp-content\/uploads\/2025\/06\/Logo-RC-ok-1080x1080-vertical.jpg\",\"width\":1080,\"height\":1080,\"caption\":\"Radio Cultura\"},\"image\":{\"@id\":\"https:\/\/fmradiocultura.com.ar\/site2025\/#\/schema\/logo\/image\/\"},\"sameAs\":[\"https:\/\/www.facebook.com\/radioculturaba\/\",\"https:\/\/x.com\/radioculturaba\",\"https:\/\/www.instagram.com\/radioculturaba\"]},{\"@type\":\"Person\",\"@id\":\"https:\/\/fmradiocultura.com.ar\/site2025\/#\/schema\/person\/4129cff584253bb9de3d3bd6cbf21d60\",\"name\":\"Pablo De Vita\",\"image\":{\"@type\":\"ImageObject\",\"inLanguage\":\"es\",\"@id\":\"https:\/\/secure.gravatar.com\/avatar\/752f82179b81dcf8cf405efdf12252c6af17c7a982b2f34f4602cef583f8a9fb?s=96&d=mm&r=g\",\"url\":\"https:\/\/secure.gravatar.com\/avatar\/752f82179b81dcf8cf405efdf12252c6af17c7a982b2f34f4602cef583f8a9fb?s=96&d=mm&r=g\",\"contentUrl\":\"https:\/\/secure.gravatar.com\/avatar\/752f82179b81dcf8cf405efdf12252c6af17c7a982b2f34f4602cef583f8a9fb?s=96&d=mm&r=g\",\"caption\":\"Pablo De Vita\"},\"url\":\"https:\/\/fmradiocultura.com.ar\/site2025\/author\/pablodevita\/\"}]}<\/script>\n<!-- \/ Yoast SEO plugin. -->","yoast_head_json":{"title":"R\u00e9cord absoluto del Festival de Invierno en la Ciudad &#8211; Radio Cultura","robots":{"index":"noindex","follow":"follow","max-snippet":"max-snippet:-1","max-image-preview":"max-image-preview:large","max-video-preview":"max-video-preview:-1"},"og_locale":"es_ES","og_type":"article","og_title":"R\u00e9cord absoluto del Festival de Invierno en la Ciudad &#8211; Radio Cultura","og_description":"Del 19 de julio al 3 de agosto la Ciudad celebr\u00f3 una nueva edici\u00f3n del Festival de Invierno con una programaci\u00f3n diversa, sin costo y descentralizada, que alcanz\u00f3 a todos los barrios porte\u00f1os. Museos, bibliotecas, teatros y centros culturales recibieron a m\u00e1s de 130.000 vecinos, con propuestas pensadas para todas las edades, accesibles y destinadas","og_url":"https:\/\/fmradiocultura.com.ar\/site2025\/record-absoluto-del-festival-de-invierno-en-la-ciudad\/","og_site_name":"Radio Cultura","article_publisher":"https:\/\/www.facebook.com\/radioculturaba\/","article_published_time":"2025-08-05T20:32:00+00:00","article_modified_time":"2025-08-06T20:47:30+00:00","og_image":[{"width":2048,"height":1365,"url":"https:\/\/fmradiocultura.com.ar\/site2025\/wp-content\/uploads\/2025\/08\/Copy-of-FOTO-TELESCOPIO-.jpg","type":"image\/jpeg"}],"author":"Pablo De Vita","twitter_card":"summary_large_image","twitter_creator":"@radioculturaba","twitter_site":"@radioculturaba","twitter_misc":{"Escrito por":"Pablo De Vita","Tiempo de lectura":"6 minutos"},"schema":{"@context":"https:\/\/schema.org","@graph":[{"@type":"Article","@id":"https:\/\/fmradiocultura.com.ar\/site2025\/record-absoluto-del-festival-de-invierno-en-la-ciudad\/#article","isPartOf":{"@id":"https:\/\/fmradiocultura.com.ar\/site2025\/record-absoluto-del-festival-de-invierno-en-la-ciudad\/"},"author":{"name":"Pablo De Vita","@id":"https:\/\/fmradiocultura.com.ar\/site2025\/#\/schema\/person\/4129cff584253bb9de3d3bd6cbf21d60"},"headline":"R\u00e9cord absoluto del Festival de Invierno en la Ciudad","datePublished":"2025-08-05T20:32:00+00:00","dateModified":"2025-08-06T20:47:30+00:00","mainEntityOfPage":{"@id":"https:\/\/fmradiocultura.com.ar\/site2025\/record-absoluto-del-festival-de-invierno-en-la-ciudad\/"},"wordCount":923,"commentCount":0,"publisher":{"@id":"https:\/\/fmradiocultura.com.ar\/site2025\/#organization"},"image":{"@id":"https:\/\/fmradiocultura.com.ar\/site2025\/record-absoluto-del-festival-de-invierno-en-la-ciudad\/#primaryimage"},"thumbnailUrl":"https:\/\/fmradiocultura.com.ar\/site2025\/wp-content\/uploads\/2025\/08\/Copy-of-FOTO-TELESCOPIO-.jpg","keywords":["Festival de Invierno","Gobierno de la Ciudad","Ministerio de Cultura","Vacaciones de invierno"],"articleSection":["Recomendado"],"inLanguage":"es","potentialAction":[{"@type":"CommentAction","name":"Comment","target":["https:\/\/fmradiocultura.com.ar\/site2025\/record-absoluto-del-festival-de-invierno-en-la-ciudad\/#respond"]}]},{"@type":"WebPage","@id":"https:\/\/fmradiocultura.com.ar\/site2025\/record-absoluto-del-festival-de-invierno-en-la-ciudad\/","url":"https:\/\/fmradiocultura.com.ar\/site2025\/record-absoluto-del-festival-de-invierno-en-la-ciudad\/","name":"R\u00e9cord absoluto del Festival de Invierno en la Ciudad &#8211; Radio Cultura","isPartOf":{"@id":"https:\/\/fmradiocultura.com.ar\/site2025\/#website"},"primaryImageOfPage":{"@id":"https:\/\/fmradiocultura.com.ar\/site2025\/record-absoluto-del-festival-de-invierno-en-la-ciudad\/#primaryimage"},"image":{"@id":"https:\/\/fmradiocultura.com.ar\/site2025\/record-absoluto-del-festival-de-invierno-en-la-ciudad\/#primaryimage"},"thumbnailUrl":"https:\/\/fmradiocultura.com.ar\/site2025\/wp-content\/uploads\/2025\/08\/Copy-of-FOTO-TELESCOPIO-.jpg","datePublished":"2025-08-05T20:32:00+00:00","dateModified":"2025-08-06T20:47:30+00:00","breadcrumb":{"@id":"https:\/\/fmradiocultura.com.ar\/site2025\/record-absoluto-del-festival-de-invierno-en-la-ciudad\/#breadcrumb"},"inLanguage":"es","potentialAction":[{"@type":"ReadAction","target":["https:\/\/fmradiocultura.com.ar\/site2025\/record-absoluto-del-festival-de-invierno-en-la-ciudad\/"]}]},{"@type":"ImageObject","inLanguage":"es","@id":"https:\/\/fmradiocultura.com.ar\/site2025\/record-absoluto-del-festival-de-invierno-en-la-ciudad\/#primaryimage","url":"https:\/\/fmradiocultura.com.ar\/site2025\/wp-content\/uploads\/2025\/08\/Copy-of-FOTO-TELESCOPIO-.jpg","contentUrl":"https:\/\/fmradiocultura.com.ar\/site2025\/wp-content\/uploads\/2025\/08\/Copy-of-FOTO-TELESCOPIO-.jpg","width":2048,"height":1365},{"@type":"BreadcrumbList","@id":"https:\/\/fmradiocultura.com.ar\/site2025\/record-absoluto-del-festival-de-invierno-en-la-ciudad\/#breadcrumb","itemListElement":[{"@type":"ListItem","position":1,"name":"Portada","item":"https:\/\/fmradiocultura.com.ar\/site2025\/"},{"@type":"ListItem","position":2,"name":"R\u00e9cord absoluto del Festival de Invierno en la Ciudad"}]},{"@type":"WebSite","@id":"https:\/\/fmradiocultura.com.ar\/site2025\/#website","url":"https:\/\/fmradiocultura.com.ar\/site2025\/","name":"Radio Cultura","description":"Es un medio independiente que busca difundir arte, cultura y turismo cultural al mundo hispanohablante.","publisher":{"@id":"https:\/\/fmradiocultura.com.ar\/site2025\/#organization"},"alternateName":"fmradiocultura.com.ar","potentialAction":[{"@type":"SearchAction","target":{"@type":"EntryPoint","urlTemplate":"https:\/\/fmradiocultura.com.ar\/site2025\/?s={search_term_string}"},"query-input":{"@type":"PropertyValueSpecification","valueRequired":true,"valueName":"search_term_string"}}],"inLanguage":"es"},{"@type":"Organization","@id":"https:\/\/fmradiocultura.com.ar\/site2025\/#organization","name":"Radio Cultura","alternateName":"fmradiocultura.com.ar","url":"https:\/\/fmradiocultura.com.ar\/site2025\/","logo":{"@type":"ImageObject","inLanguage":"es","@id":"https:\/\/fmradiocultura.com.ar\/site2025\/#\/schema\/logo\/image\/","url":"https:\/\/fmradiocultura.com.ar\/site2025\/wp-content\/uploads\/2025\/06\/Logo-RC-ok-1080x1080-vertical.jpg","contentUrl":"https:\/\/fmradiocultura.com.ar\/site2025\/wp-content\/uploads\/2025\/06\/Logo-RC-ok-1080x1080-vertical.jpg","width":1080,"height":1080,"caption":"Radio Cultura"},"image":{"@id":"https:\/\/fmradiocultura.com.ar\/site2025\/#\/schema\/logo\/image\/"},"sameAs":["https:\/\/www.facebook.com\/radioculturaba\/","https:\/\/x.com\/radioculturaba","https:\/\/www.instagram.com\/radioculturaba"]},{"@type":"Person","@id":"https:\/\/fmradiocultura.com.ar\/site2025\/#\/schema\/person\/4129cff584253bb9de3d3bd6cbf21d60","name":"Pablo De Vita","image":{"@type":"ImageObject","inLanguage":"es","@id":"https:\/\/secure.gravatar.com\/avatar\/752f82179b81dcf8cf405efdf12252c6af17c7a982b2f34f4602cef583f8a9fb?s=96&d=mm&r=g","url":"https:\/\/secure.gravatar.com\/avatar\/752f82179b81dcf8cf405efdf12252c6af17c7a982b2f34f4602cef583f8a9fb?s=96&d=mm&r=g","contentUrl":"https:\/\/secure.gravatar.com\/avatar\/752f82179b81dcf8cf405efdf12252c6af17c7a982b2f34f4602cef583f8a9fb?s=96&d=mm&r=g","caption":"Pablo De Vita"},"url":"https:\/\/fmradiocultura.com.ar\/site2025\/author\/pablodevita\/"}]}},"_links":{"self":[{"href":"https:\/\/fmradiocultura.com.ar\/site2025\/wp-json\/wp\/v2\/posts\/66905","targetHints":{"allow":["GET"]}}],"collection":[{"href":"https:\/\/fmradiocultura.com.ar\/site2025\/wp-json\/wp\/v2\/posts"}],"about":[{"href":"https:\/\/fmradiocultura.com.ar\/site2025\/wp-json\/wp\/v2\/types\/post"}],"author":[{"embeddable":true,"href":"https:\/\/fmradiocultura.com.ar\/site2025\/wp-json\/wp\/v2\/users\/6"}],"replies":[{"embeddable":true,"href":"https:\/\/fmradiocultura.com.ar\/site2025\/wp-json\/wp\/v2\/comments?post=66905"}],"version-history":[{"count":1,"href":"https:\/\/fmradiocultura.com.ar\/site2025\/wp-json\/wp\/v2\/posts\/66905\/revisions"}],"predecessor-version":[{"id":66914,"href":"https:\/\/fmradiocultura.com.ar\/site2025\/wp-json\/wp\/v2\/posts\/66905\/revisions\/66914"}],"wp:featuredmedia":[{"embeddable":true,"href":"https:\/\/fmradiocultura.com.ar\/site2025\/wp-json\/wp\/v2\/media\/66908"}],"wp:attachment":[{"href":"https:\/\/fmradiocultura.com.ar\/site2025\/wp-json\/wp\/v2\/media?parent=66905"}],"wp:term":[{"taxonomy":"category","embeddable":true,"href":"https:\/\/fmradiocultura.com.ar\/site2025\/wp-json\/wp\/v2\/categories?post=66905"},{"taxonomy":"post_tag","embeddable":true,"href":"https:\/\/fmradiocultura.com.ar\/site2025\/wp-json\/wp\/v2\/tags?post=66905"}],"curies":[{"name":"wp","href":"https:\/\/api.w.org\/{rel}","templated":true}]}}