{"id":66401,"date":"2025-06-18T15:08:29","date_gmt":"2025-06-18T18:08:29","guid":{"rendered":"https:\/\/fmradiocultura.com.ar\/site2025\/?p=66401"},"modified":"2025-06-18T23:57:48","modified_gmt":"2025-06-19T02:57:48","slug":"vuelve-come-from-away-al-maipo","status":"publish","type":"post","link":"https:\/\/fmradiocultura.com.ar\/site2025\/vuelve-come-from-away-al-maipo\/","title":{"rendered":"Vuelve \u00abCome from away\u00bb al Maipo"},"content":{"rendered":"\n<p>Desde el viernes 27 de junio \u00a0a las 20 horas el elogiado y premiado musical de Broadway\u00a0<strong>\u201cCome from away\u201d<\/strong>\u00a0producido y dirigido por\u00a0<strong>Carla Calabrese<\/strong>\u00a0y que re\u00fane a un\u00a0<em>dream team<\/em>\u00a0de m\u00e1s de 30 artistas argentinos en su equipo creativo\u00a0volver\u00e1 a representarse los d\u00edas viernes, s\u00e1bados y domingos en el hist\u00f3rico\u00a0<strong>teatro Maipo de Buenos Aires, luego del suceso que vivieron en Espa\u00f1a.<\/strong><\/p>\n\n\n\n<p><strong>\u201cCome from away\u201d&nbsp;<\/strong>tiene un importante equipo de artistas y directores argentinos liderados por Carla Calabrese como productora y directora general de un elenco conformado por&nbsp;<strong>15<\/strong>&nbsp;<strong>actores<\/strong>&nbsp;que cantan y bailan acompa\u00f1ados por una&nbsp;banda de m\u00fasicos en vivo, entre los que se destacan los nombres de:<\/p>\n\n\n\n<p><strong>Gabriela Bevacqua, Carla Calabrese, Fede Couts, Sebasti\u00e1n Holz, Mela Lenoir, Fernando Margenet,\u00a0Argentino\u00a0Molinuevo,\u00a0Edgardo Moreira, Silvina Nieto,\u00a0Agust\u00edn Perez Costa, Silvana Tom\u00e9, Manu Victoria, Lali Vidal, Pato Witis, F\u00e1tima Seidenari, y los m\u00fasicos: Santiago Rosso, Tom\u00e1s Horestein, Santiago Molina, Maximiliano Cataldi, Natacha Tello, Juan Denari, Paula Solange Morales, y Pablo Mengo<\/strong>.\u00a0Y a partir del pr\u00f3ximo viernes 27 de junio se suma al elenco la premiada actriz y cantante argentina\u00a0<strong>Lucila Gandolfo.<\/strong><\/p>\n\n\n<div class=\"wp-block-image\">\n<figure class=\"aligncenter size-large\"><img fetchpriority=\"high\" decoding=\"async\" width=\"1024\" height=\"656\" src=\"https:\/\/fmradiocultura.com.ar\/site2025\/wp-content\/uploads\/2025\/06\/Carla-Calabrese-y-el-premiado-y-elogiado-elenco-de-CFA-1024x656.jpg\" alt=\"\" class=\"wp-image-66403\" srcset=\"https:\/\/fmradiocultura.com.ar\/site2025\/wp-content\/uploads\/2025\/06\/Carla-Calabrese-y-el-premiado-y-elogiado-elenco-de-CFA-1024x656.jpg 1024w, https:\/\/fmradiocultura.com.ar\/site2025\/wp-content\/uploads\/2025\/06\/Carla-Calabrese-y-el-premiado-y-elogiado-elenco-de-CFA-300x192.jpg 300w, https:\/\/fmradiocultura.com.ar\/site2025\/wp-content\/uploads\/2025\/06\/Carla-Calabrese-y-el-premiado-y-elogiado-elenco-de-CFA-768x492.jpg 768w, https:\/\/fmradiocultura.com.ar\/site2025\/wp-content\/uploads\/2025\/06\/Carla-Calabrese-y-el-premiado-y-elogiado-elenco-de-CFA-150x96.jpg 150w, https:\/\/fmradiocultura.com.ar\/site2025\/wp-content\/uploads\/2025\/06\/Carla-Calabrese-y-el-premiado-y-elogiado-elenco-de-CFA-450x288.jpg 450w, https:\/\/fmradiocultura.com.ar\/site2025\/wp-content\/uploads\/2025\/06\/Carla-Calabrese-y-el-premiado-y-elogiado-elenco-de-CFA-1200x769.jpg 1200w, https:\/\/fmradiocultura.com.ar\/site2025\/wp-content\/uploads\/2025\/06\/Carla-Calabrese-y-el-premiado-y-elogiado-elenco-de-CFA.jpg 1280w\" sizes=\"(max-width: 1024px) 100vw, 1024px\" \/><\/figure>\n<\/div>\n\n\n<p>En el equipo creativo se destacan los nombres de: Sergio Albertoni como director de producci\u00f3n; Santiago Rosso como director musical; Sebasti\u00e1n Mazzoni como director vocal; Agust\u00edn P\u00e9rez Costa como director coreogr\u00e1fico; Tadeo Jones como director de arte y escenogr\u00e1fico, adem\u00e1s de Gonzalo Gonzalez como director de Luces.<\/p>\n\n\n\n<p>El musical\u00a0<strong>\u201cCome from away\u201d<\/strong>\u00a0es sin lugar a dudas un aut\u00e9ntico suceso teatral musical para la Argentina ya\u00a0que desde el a\u00f1o 2022 se representa ininterrumpidamente en el Teatro Maipo de Buenos Aires. <strong>\u201cCome from away\u00bb<\/strong>\u00a0cuenta la\u00a0<strong>historia real<\/strong>\u00a0de aquel 11 de septiembre de 2001, cuando producto del atentado a las Torres Gemelas de los Estados Unidos, siete mil pasajeros provenientes de todas partes del mundo fueron desviados de sus vuelos y terminaron aterrizando en una isla de Canad\u00e1\u00a0 permaneciendo varados durante cinco d\u00edas en Gander, Newfoundland en la provincia canadiense de Terranova. A partir de este acontecimiento sus vidas cambiaron para siempre como tambi\u00e9n el universo de ese peque\u00f1o pueblo canadiense que les dio la bienvenida desde la solidaridad m\u00e1s pura.<\/p>\n\n\n\n<figure class=\"wp-block-image size-large\"><img decoding=\"async\" width=\"706\" height=\"1024\" src=\"https:\/\/fmradiocultura.com.ar\/site2025\/wp-content\/uploads\/2025\/06\/Carla-Calabrese-directora-productora-y-actriz-de-CFA-706x1024.jpg\" alt=\"\" class=\"wp-image-66404\" srcset=\"https:\/\/fmradiocultura.com.ar\/site2025\/wp-content\/uploads\/2025\/06\/Carla-Calabrese-directora-productora-y-actriz-de-CFA-706x1024.jpg 706w, https:\/\/fmradiocultura.com.ar\/site2025\/wp-content\/uploads\/2025\/06\/Carla-Calabrese-directora-productora-y-actriz-de-CFA-207x300.jpg 207w, https:\/\/fmradiocultura.com.ar\/site2025\/wp-content\/uploads\/2025\/06\/Carla-Calabrese-directora-productora-y-actriz-de-CFA-768x1113.jpg 768w, https:\/\/fmradiocultura.com.ar\/site2025\/wp-content\/uploads\/2025\/06\/Carla-Calabrese-directora-productora-y-actriz-de-CFA-150x217.jpg 150w, https:\/\/fmradiocultura.com.ar\/site2025\/wp-content\/uploads\/2025\/06\/Carla-Calabrese-directora-productora-y-actriz-de-CFA-450x652.jpg 450w, https:\/\/fmradiocultura.com.ar\/site2025\/wp-content\/uploads\/2025\/06\/Carla-Calabrese-directora-productora-y-actriz-de-CFA.jpg 883w\" sizes=\"(max-width: 706px) 100vw, 706px\" \/><\/figure>\n\n\n\n<p>Sin saberlo, el pueblo de Gander en Canad\u00e1, fue protagonista de una historia real que conmovi\u00f3 y emocion\u00f3 al mundo por su solidaridad.\u00a0 Aquel 11 de septiembre de 2001, 38 aviones fueron desviados de sus destinos para aterrizar en esa isla de Canad\u00e1, que en minutos vio duplicada y hasta triplicada su poblaci\u00f3n mientras la humanidad transitaba uno de sus momentos m\u00e1s dif\u00edciles de la historia.<\/p>\n\n\n\n<p>Los pasajeros que quedaron varados durante d\u00edas en este pueblo recuperaron su fe en la humanidad gracias a la empat\u00eda, dedicaci\u00f3n y calidez con la cual los habitantes de este pueblo los recibieron y reconfortaron. Este musical es una\u00a0<strong>obra teatral musical conmovedora<\/strong>\u00a0que nos permite imaginar un mundo sin fronteras y celebrar lo mejor del esp\u00edritu humano, un musical que inspira e ilumina lo mejor que podemos ser como seres humanos.<\/p>\n\n\n\n<p><strong>Exito internacional de Broadway<\/strong><\/p>\n\n\n\n<p>Distinguido en la Argentina con 7 premios Hugo, 2 premios Ace, 23 nominaciones a los premios Hugo al teatro musical, 13 nominaciones a los premios Ace, y que adem\u00e1s obtuvo 7 nominaciones a los premios Tony, 1 nominaci\u00f3n al Grammy 2017, y 4 premios Olivier 2019.\u00a0<\/p>\n\n\n\n<p>Desde el a\u00f1o 2015 en que se dio a conocer mundialmente, el musical \u201cCome From Away\u201d se represent\u00f3 en ocho pa\u00edses: Canad\u00e1, Estados Unidos, Gran Breta\u00f1a, Holanda, Corea, Australia, Espa\u00f1a y la Argentina, siendo la producci\u00f3n, la direcci\u00f3n y la puesta argentina de Carla Calabrese la \u00fanica versi\u00f3n que se present\u00f3 en dos pa\u00edses de habla hispana: Argentina y Espa\u00f1a.\u00a0<\/p>\n\n\n\n<p><\/p>\n","protected":false},"excerpt":{"rendered":"<p>Desde el viernes 27 de junio \u00a0a las 20 horas el elogiado y premiado musical de Broadway\u00a0\u201cCome from away\u201d\u00a0producido y dirigido por\u00a0Carla Calabrese\u00a0y que re\u00fane a un\u00a0dream team\u00a0de m\u00e1s de 30 artistas argentinos en su equipo creativo\u00a0volver\u00e1 a representarse los d\u00edas viernes, s\u00e1bados y domingos en el hist\u00f3rico\u00a0teatro Maipo de Buenos Aires, luego del suceso<\/p>\n","protected":false},"author":6,"featured_media":66402,"comment_status":"open","ping_status":"open","sticky":false,"template":"","format":"standard","meta":{"footnotes":""},"categories":[109,7,114,351],"tags":[1035,1201,1202,251,135],"class_list":{"0":"post-66401","1":"post","2":"type-post","3":"status-publish","4":"format-standard","5":"has-post-thumbnail","7":"category-internacional","8":"category-intl-markets","9":"category-noticias","10":"category-teatro","11":"tag-carla-calabrese","12":"tag-come-from-away","13":"tag-lucia-gandolfo","14":"tag-teatro","15":"tag-teatro-maipo"},"yoast_head":"<!-- This site is optimized with the Yoast SEO plugin v27.2 - https:\/\/yoast.com\/product\/yoast-seo-wordpress\/ -->\n<title>Vuelve &quot;Come from away&quot; al Maipo &#8211; Radio Cultura<\/title>\n<meta name=\"robots\" content=\"noindex, follow, max-snippet:-1, max-image-preview:large, max-video-preview:-1\" \/>\n<meta property=\"og:locale\" content=\"es_ES\" \/>\n<meta property=\"og:type\" content=\"article\" \/>\n<meta property=\"og:title\" content=\"Vuelve &quot;Come from away&quot; al Maipo &#8211; Radio Cultura\" \/>\n<meta property=\"og:description\" content=\"Desde el viernes 27 de junio \u00a0a las 20 horas el elogiado y premiado musical de Broadway\u00a0\u201cCome from away\u201d\u00a0producido y dirigido por\u00a0Carla Calabrese\u00a0y que re\u00fane a un\u00a0dream team\u00a0de m\u00e1s de 30 artistas argentinos en su equipo creativo\u00a0volver\u00e1 a representarse los d\u00edas viernes, s\u00e1bados y domingos en el hist\u00f3rico\u00a0teatro Maipo de Buenos Aires, luego del suceso\" \/>\n<meta property=\"og:url\" content=\"https:\/\/fmradiocultura.com.ar\/site2025\/vuelve-come-from-away-al-maipo\/\" \/>\n<meta property=\"og:site_name\" content=\"Radio Cultura\" \/>\n<meta property=\"article:publisher\" content=\"https:\/\/www.facebook.com\/radioculturaba\/\" \/>\n<meta property=\"article:published_time\" content=\"2025-06-18T18:08:29+00:00\" \/>\n<meta property=\"article:modified_time\" content=\"2025-06-19T02:57:48+00:00\" \/>\n<meta property=\"og:image\" content=\"https:\/\/fmradiocultura.com.ar\/site2025\/wp-content\/uploads\/2025\/06\/CFA-cuarto-ano-triunfal.jpg\" \/>\n\t<meta property=\"og:image:width\" content=\"1280\" \/>\n\t<meta property=\"og:image:height\" content=\"849\" \/>\n\t<meta property=\"og:image:type\" content=\"image\/jpeg\" \/>\n<meta name=\"author\" content=\"Pablo De Vita\" \/>\n<meta name=\"twitter:card\" content=\"summary_large_image\" \/>\n<meta name=\"twitter:creator\" content=\"@radioculturaba\" \/>\n<meta name=\"twitter:site\" content=\"@radioculturaba\" \/>\n<meta name=\"twitter:label1\" content=\"Escrito por\" \/>\n\t<meta name=\"twitter:data1\" content=\"Pablo De Vita\" \/>\n\t<meta name=\"twitter:label2\" content=\"Tiempo de lectura\" \/>\n\t<meta name=\"twitter:data2\" content=\"3 minutos\" \/>\n<script type=\"application\/ld+json\" class=\"yoast-schema-graph\">{\"@context\":\"https:\/\/schema.org\",\"@graph\":[{\"@type\":\"Article\",\"@id\":\"https:\/\/fmradiocultura.com.ar\/site2025\/vuelve-come-from-away-al-maipo\/#article\",\"isPartOf\":{\"@id\":\"https:\/\/fmradiocultura.com.ar\/site2025\/vuelve-come-from-away-al-maipo\/\"},\"author\":{\"name\":\"Pablo De Vita\",\"@id\":\"https:\/\/fmradiocultura.com.ar\/site2025\/#\/schema\/person\/4129cff584253bb9de3d3bd6cbf21d60\"},\"headline\":\"Vuelve \u00abCome from away\u00bb al Maipo\",\"datePublished\":\"2025-06-18T18:08:29+00:00\",\"dateModified\":\"2025-06-19T02:57:48+00:00\",\"mainEntityOfPage\":{\"@id\":\"https:\/\/fmradiocultura.com.ar\/site2025\/vuelve-come-from-away-al-maipo\/\"},\"wordCount\":643,\"commentCount\":0,\"publisher\":{\"@id\":\"https:\/\/fmradiocultura.com.ar\/site2025\/#organization\"},\"image\":{\"@id\":\"https:\/\/fmradiocultura.com.ar\/site2025\/vuelve-come-from-away-al-maipo\/#primaryimage\"},\"thumbnailUrl\":\"https:\/\/fmradiocultura.com.ar\/site2025\/wp-content\/uploads\/2025\/06\/CFA-cuarto-ano-triunfal.jpg\",\"keywords\":[\"Carla Calabrese\",\"come from away\",\"Lucia Gandolfo\",\"Teatro\",\"Teatro Maipo\"],\"articleSection\":[\"internacional\",\"International Markets\",\"Noticias\",\"teatro\"],\"inLanguage\":\"es\",\"potentialAction\":[{\"@type\":\"CommentAction\",\"name\":\"Comment\",\"target\":[\"https:\/\/fmradiocultura.com.ar\/site2025\/vuelve-come-from-away-al-maipo\/#respond\"]}]},{\"@type\":\"WebPage\",\"@id\":\"https:\/\/fmradiocultura.com.ar\/site2025\/vuelve-come-from-away-al-maipo\/\",\"url\":\"https:\/\/fmradiocultura.com.ar\/site2025\/vuelve-come-from-away-al-maipo\/\",\"name\":\"Vuelve \\\"Come from away\\\" al Maipo &#8211; Radio Cultura\",\"isPartOf\":{\"@id\":\"https:\/\/fmradiocultura.com.ar\/site2025\/#website\"},\"primaryImageOfPage\":{\"@id\":\"https:\/\/fmradiocultura.com.ar\/site2025\/vuelve-come-from-away-al-maipo\/#primaryimage\"},\"image\":{\"@id\":\"https:\/\/fmradiocultura.com.ar\/site2025\/vuelve-come-from-away-al-maipo\/#primaryimage\"},\"thumbnailUrl\":\"https:\/\/fmradiocultura.com.ar\/site2025\/wp-content\/uploads\/2025\/06\/CFA-cuarto-ano-triunfal.jpg\",\"datePublished\":\"2025-06-18T18:08:29+00:00\",\"dateModified\":\"2025-06-19T02:57:48+00:00\",\"breadcrumb\":{\"@id\":\"https:\/\/fmradiocultura.com.ar\/site2025\/vuelve-come-from-away-al-maipo\/#breadcrumb\"},\"inLanguage\":\"es\",\"potentialAction\":[{\"@type\":\"ReadAction\",\"target\":[\"https:\/\/fmradiocultura.com.ar\/site2025\/vuelve-come-from-away-al-maipo\/\"]}]},{\"@type\":\"ImageObject\",\"inLanguage\":\"es\",\"@id\":\"https:\/\/fmradiocultura.com.ar\/site2025\/vuelve-come-from-away-al-maipo\/#primaryimage\",\"url\":\"https:\/\/fmradiocultura.com.ar\/site2025\/wp-content\/uploads\/2025\/06\/CFA-cuarto-ano-triunfal.jpg\",\"contentUrl\":\"https:\/\/fmradiocultura.com.ar\/site2025\/wp-content\/uploads\/2025\/06\/CFA-cuarto-ano-triunfal.jpg\",\"width\":1280,\"height\":849},{\"@type\":\"BreadcrumbList\",\"@id\":\"https:\/\/fmradiocultura.com.ar\/site2025\/vuelve-come-from-away-al-maipo\/#breadcrumb\",\"itemListElement\":[{\"@type\":\"ListItem\",\"position\":1,\"name\":\"Portada\",\"item\":\"https:\/\/fmradiocultura.com.ar\/site2025\/\"},{\"@type\":\"ListItem\",\"position\":2,\"name\":\"Vuelve \u00abCome from away\u00bb al Maipo\"}]},{\"@type\":\"WebSite\",\"@id\":\"https:\/\/fmradiocultura.com.ar\/site2025\/#website\",\"url\":\"https:\/\/fmradiocultura.com.ar\/site2025\/\",\"name\":\"Radio Cultura\",\"description\":\"Es un medio independiente que busca difundir arte, cultura y turismo cultural al mundo hispanohablante.\",\"publisher\":{\"@id\":\"https:\/\/fmradiocultura.com.ar\/site2025\/#organization\"},\"alternateName\":\"fmradiocultura.com.ar\",\"potentialAction\":[{\"@type\":\"SearchAction\",\"target\":{\"@type\":\"EntryPoint\",\"urlTemplate\":\"https:\/\/fmradiocultura.com.ar\/site2025\/?s={search_term_string}\"},\"query-input\":{\"@type\":\"PropertyValueSpecification\",\"valueRequired\":true,\"valueName\":\"search_term_string\"}}],\"inLanguage\":\"es\"},{\"@type\":\"Organization\",\"@id\":\"https:\/\/fmradiocultura.com.ar\/site2025\/#organization\",\"name\":\"Radio Cultura\",\"alternateName\":\"fmradiocultura.com.ar\",\"url\":\"https:\/\/fmradiocultura.com.ar\/site2025\/\",\"logo\":{\"@type\":\"ImageObject\",\"inLanguage\":\"es\",\"@id\":\"https:\/\/fmradiocultura.com.ar\/site2025\/#\/schema\/logo\/image\/\",\"url\":\"https:\/\/fmradiocultura.com.ar\/site2025\/wp-content\/uploads\/2025\/06\/Logo-RC-ok-1080x1080-vertical.jpg\",\"contentUrl\":\"https:\/\/fmradiocultura.com.ar\/site2025\/wp-content\/uploads\/2025\/06\/Logo-RC-ok-1080x1080-vertical.jpg\",\"width\":1080,\"height\":1080,\"caption\":\"Radio Cultura\"},\"image\":{\"@id\":\"https:\/\/fmradiocultura.com.ar\/site2025\/#\/schema\/logo\/image\/\"},\"sameAs\":[\"https:\/\/www.facebook.com\/radioculturaba\/\",\"https:\/\/x.com\/radioculturaba\",\"https:\/\/www.instagram.com\/radioculturaba\"]},{\"@type\":\"Person\",\"@id\":\"https:\/\/fmradiocultura.com.ar\/site2025\/#\/schema\/person\/4129cff584253bb9de3d3bd6cbf21d60\",\"name\":\"Pablo De Vita\",\"image\":{\"@type\":\"ImageObject\",\"inLanguage\":\"es\",\"@id\":\"https:\/\/secure.gravatar.com\/avatar\/752f82179b81dcf8cf405efdf12252c6af17c7a982b2f34f4602cef583f8a9fb?s=96&d=mm&r=g\",\"url\":\"https:\/\/secure.gravatar.com\/avatar\/752f82179b81dcf8cf405efdf12252c6af17c7a982b2f34f4602cef583f8a9fb?s=96&d=mm&r=g\",\"contentUrl\":\"https:\/\/secure.gravatar.com\/avatar\/752f82179b81dcf8cf405efdf12252c6af17c7a982b2f34f4602cef583f8a9fb?s=96&d=mm&r=g\",\"caption\":\"Pablo De Vita\"},\"url\":\"https:\/\/fmradiocultura.com.ar\/site2025\/author\/pablodevita\/\"}]}<\/script>\n<!-- \/ Yoast SEO plugin. -->","yoast_head_json":{"title":"Vuelve \"Come from away\" al Maipo &#8211; Radio Cultura","robots":{"index":"noindex","follow":"follow","max-snippet":"max-snippet:-1","max-image-preview":"max-image-preview:large","max-video-preview":"max-video-preview:-1"},"og_locale":"es_ES","og_type":"article","og_title":"Vuelve \"Come from away\" al Maipo &#8211; Radio Cultura","og_description":"Desde el viernes 27 de junio \u00a0a las 20 horas el elogiado y premiado musical de Broadway\u00a0\u201cCome from away\u201d\u00a0producido y dirigido por\u00a0Carla Calabrese\u00a0y que re\u00fane a un\u00a0dream team\u00a0de m\u00e1s de 30 artistas argentinos en su equipo creativo\u00a0volver\u00e1 a representarse los d\u00edas viernes, s\u00e1bados y domingos en el hist\u00f3rico\u00a0teatro Maipo de Buenos Aires, luego del suceso","og_url":"https:\/\/fmradiocultura.com.ar\/site2025\/vuelve-come-from-away-al-maipo\/","og_site_name":"Radio Cultura","article_publisher":"https:\/\/www.facebook.com\/radioculturaba\/","article_published_time":"2025-06-18T18:08:29+00:00","article_modified_time":"2025-06-19T02:57:48+00:00","og_image":[{"width":1280,"height":849,"url":"https:\/\/fmradiocultura.com.ar\/site2025\/wp-content\/uploads\/2025\/06\/CFA-cuarto-ano-triunfal.jpg","type":"image\/jpeg"}],"author":"Pablo De Vita","twitter_card":"summary_large_image","twitter_creator":"@radioculturaba","twitter_site":"@radioculturaba","twitter_misc":{"Escrito por":"Pablo De Vita","Tiempo de lectura":"3 minutos"},"schema":{"@context":"https:\/\/schema.org","@graph":[{"@type":"Article","@id":"https:\/\/fmradiocultura.com.ar\/site2025\/vuelve-come-from-away-al-maipo\/#article","isPartOf":{"@id":"https:\/\/fmradiocultura.com.ar\/site2025\/vuelve-come-from-away-al-maipo\/"},"author":{"name":"Pablo De Vita","@id":"https:\/\/fmradiocultura.com.ar\/site2025\/#\/schema\/person\/4129cff584253bb9de3d3bd6cbf21d60"},"headline":"Vuelve \u00abCome from away\u00bb al Maipo","datePublished":"2025-06-18T18:08:29+00:00","dateModified":"2025-06-19T02:57:48+00:00","mainEntityOfPage":{"@id":"https:\/\/fmradiocultura.com.ar\/site2025\/vuelve-come-from-away-al-maipo\/"},"wordCount":643,"commentCount":0,"publisher":{"@id":"https:\/\/fmradiocultura.com.ar\/site2025\/#organization"},"image":{"@id":"https:\/\/fmradiocultura.com.ar\/site2025\/vuelve-come-from-away-al-maipo\/#primaryimage"},"thumbnailUrl":"https:\/\/fmradiocultura.com.ar\/site2025\/wp-content\/uploads\/2025\/06\/CFA-cuarto-ano-triunfal.jpg","keywords":["Carla Calabrese","come from away","Lucia Gandolfo","Teatro","Teatro Maipo"],"articleSection":["internacional","International Markets","Noticias","teatro"],"inLanguage":"es","potentialAction":[{"@type":"CommentAction","name":"Comment","target":["https:\/\/fmradiocultura.com.ar\/site2025\/vuelve-come-from-away-al-maipo\/#respond"]}]},{"@type":"WebPage","@id":"https:\/\/fmradiocultura.com.ar\/site2025\/vuelve-come-from-away-al-maipo\/","url":"https:\/\/fmradiocultura.com.ar\/site2025\/vuelve-come-from-away-al-maipo\/","name":"Vuelve \"Come from away\" al Maipo &#8211; Radio Cultura","isPartOf":{"@id":"https:\/\/fmradiocultura.com.ar\/site2025\/#website"},"primaryImageOfPage":{"@id":"https:\/\/fmradiocultura.com.ar\/site2025\/vuelve-come-from-away-al-maipo\/#primaryimage"},"image":{"@id":"https:\/\/fmradiocultura.com.ar\/site2025\/vuelve-come-from-away-al-maipo\/#primaryimage"},"thumbnailUrl":"https:\/\/fmradiocultura.com.ar\/site2025\/wp-content\/uploads\/2025\/06\/CFA-cuarto-ano-triunfal.jpg","datePublished":"2025-06-18T18:08:29+00:00","dateModified":"2025-06-19T02:57:48+00:00","breadcrumb":{"@id":"https:\/\/fmradiocultura.com.ar\/site2025\/vuelve-come-from-away-al-maipo\/#breadcrumb"},"inLanguage":"es","potentialAction":[{"@type":"ReadAction","target":["https:\/\/fmradiocultura.com.ar\/site2025\/vuelve-come-from-away-al-maipo\/"]}]},{"@type":"ImageObject","inLanguage":"es","@id":"https:\/\/fmradiocultura.com.ar\/site2025\/vuelve-come-from-away-al-maipo\/#primaryimage","url":"https:\/\/fmradiocultura.com.ar\/site2025\/wp-content\/uploads\/2025\/06\/CFA-cuarto-ano-triunfal.jpg","contentUrl":"https:\/\/fmradiocultura.com.ar\/site2025\/wp-content\/uploads\/2025\/06\/CFA-cuarto-ano-triunfal.jpg","width":1280,"height":849},{"@type":"BreadcrumbList","@id":"https:\/\/fmradiocultura.com.ar\/site2025\/vuelve-come-from-away-al-maipo\/#breadcrumb","itemListElement":[{"@type":"ListItem","position":1,"name":"Portada","item":"https:\/\/fmradiocultura.com.ar\/site2025\/"},{"@type":"ListItem","position":2,"name":"Vuelve \u00abCome from away\u00bb al Maipo"}]},{"@type":"WebSite","@id":"https:\/\/fmradiocultura.com.ar\/site2025\/#website","url":"https:\/\/fmradiocultura.com.ar\/site2025\/","name":"Radio Cultura","description":"Es un medio independiente que busca difundir arte, cultura y turismo cultural al mundo hispanohablante.","publisher":{"@id":"https:\/\/fmradiocultura.com.ar\/site2025\/#organization"},"alternateName":"fmradiocultura.com.ar","potentialAction":[{"@type":"SearchAction","target":{"@type":"EntryPoint","urlTemplate":"https:\/\/fmradiocultura.com.ar\/site2025\/?s={search_term_string}"},"query-input":{"@type":"PropertyValueSpecification","valueRequired":true,"valueName":"search_term_string"}}],"inLanguage":"es"},{"@type":"Organization","@id":"https:\/\/fmradiocultura.com.ar\/site2025\/#organization","name":"Radio Cultura","alternateName":"fmradiocultura.com.ar","url":"https:\/\/fmradiocultura.com.ar\/site2025\/","logo":{"@type":"ImageObject","inLanguage":"es","@id":"https:\/\/fmradiocultura.com.ar\/site2025\/#\/schema\/logo\/image\/","url":"https:\/\/fmradiocultura.com.ar\/site2025\/wp-content\/uploads\/2025\/06\/Logo-RC-ok-1080x1080-vertical.jpg","contentUrl":"https:\/\/fmradiocultura.com.ar\/site2025\/wp-content\/uploads\/2025\/06\/Logo-RC-ok-1080x1080-vertical.jpg","width":1080,"height":1080,"caption":"Radio Cultura"},"image":{"@id":"https:\/\/fmradiocultura.com.ar\/site2025\/#\/schema\/logo\/image\/"},"sameAs":["https:\/\/www.facebook.com\/radioculturaba\/","https:\/\/x.com\/radioculturaba","https:\/\/www.instagram.com\/radioculturaba"]},{"@type":"Person","@id":"https:\/\/fmradiocultura.com.ar\/site2025\/#\/schema\/person\/4129cff584253bb9de3d3bd6cbf21d60","name":"Pablo De Vita","image":{"@type":"ImageObject","inLanguage":"es","@id":"https:\/\/secure.gravatar.com\/avatar\/752f82179b81dcf8cf405efdf12252c6af17c7a982b2f34f4602cef583f8a9fb?s=96&d=mm&r=g","url":"https:\/\/secure.gravatar.com\/avatar\/752f82179b81dcf8cf405efdf12252c6af17c7a982b2f34f4602cef583f8a9fb?s=96&d=mm&r=g","contentUrl":"https:\/\/secure.gravatar.com\/avatar\/752f82179b81dcf8cf405efdf12252c6af17c7a982b2f34f4602cef583f8a9fb?s=96&d=mm&r=g","caption":"Pablo De Vita"},"url":"https:\/\/fmradiocultura.com.ar\/site2025\/author\/pablodevita\/"}]}},"_links":{"self":[{"href":"https:\/\/fmradiocultura.com.ar\/site2025\/wp-json\/wp\/v2\/posts\/66401","targetHints":{"allow":["GET"]}}],"collection":[{"href":"https:\/\/fmradiocultura.com.ar\/site2025\/wp-json\/wp\/v2\/posts"}],"about":[{"href":"https:\/\/fmradiocultura.com.ar\/site2025\/wp-json\/wp\/v2\/types\/post"}],"author":[{"embeddable":true,"href":"https:\/\/fmradiocultura.com.ar\/site2025\/wp-json\/wp\/v2\/users\/6"}],"replies":[{"embeddable":true,"href":"https:\/\/fmradiocultura.com.ar\/site2025\/wp-json\/wp\/v2\/comments?post=66401"}],"version-history":[{"count":1,"href":"https:\/\/fmradiocultura.com.ar\/site2025\/wp-json\/wp\/v2\/posts\/66401\/revisions"}],"predecessor-version":[{"id":66405,"href":"https:\/\/fmradiocultura.com.ar\/site2025\/wp-json\/wp\/v2\/posts\/66401\/revisions\/66405"}],"wp:featuredmedia":[{"embeddable":true,"href":"https:\/\/fmradiocultura.com.ar\/site2025\/wp-json\/wp\/v2\/media\/66402"}],"wp:attachment":[{"href":"https:\/\/fmradiocultura.com.ar\/site2025\/wp-json\/wp\/v2\/media?parent=66401"}],"wp:term":[{"taxonomy":"category","embeddable":true,"href":"https:\/\/fmradiocultura.com.ar\/site2025\/wp-json\/wp\/v2\/categories?post=66401"},{"taxonomy":"post_tag","embeddable":true,"href":"https:\/\/fmradiocultura.com.ar\/site2025\/wp-json\/wp\/v2\/tags?post=66401"}],"curies":[{"name":"wp","href":"https:\/\/api.w.org\/{rel}","templated":true}]}}