{"id":65981,"date":"2025-06-03T15:59:14","date_gmt":"2025-06-03T18:59:14","guid":{"rendered":"https:\/\/www.fmradiocultura.com.ar\/?p=65981"},"modified":"2025-06-03T15:59:14","modified_gmt":"2025-06-03T18:59:14","slug":"se-presenta-el-expo-concierto-reflejos-de-macondo-en-homenaje-al-aniversario-de-cien-anos-de-soledad","status":"publish","type":"post","link":"https:\/\/fmradiocultura.com.ar\/site2025\/se-presenta-el-expo-concierto-reflejos-de-macondo-en-homenaje-al-aniversario-de-cien-anos-de-soledad\/","title":{"rendered":"Se presenta el expo-concierto Reflejos de Macondo en homenaje al aniversario de Cien a\u00f1os de soledad"},"content":{"rendered":"<p class=\"yiv6202403874MsoNormal\">El\u00a0<b>s\u00e1bado 7 de junio a las 20h\u00a0<\/b>el fot\u00f3grafo colombiano <b>Oscar Perfer\u00a0<\/b>y la pianista espa\u00f1ola\u00a0<b>Mar\u00eda Jos\u00e9 de Bustos\u00a0<\/b>presentan en el\u00a0<b>Centro de Experimentaci\u00f3n del Teatro Col\u00f3n\u00a0<\/b>su espect\u00e1culo\u00a0<i>Reflejos de Macondo<\/i>, una producci\u00f3n del Teatro Mayor Julio Mario Santo Domingo.<\/p>\n<figure id=\"attachment_65986\" aria-describedby=\"caption-attachment-65986\" style=\"width: 343px\" class=\"wp-caption alignleft\"><a href=\"https:\/\/www.fmradiocultura.com.ar\/se-presenta-el-expo-concierto-reflejos-de-macondo-en-homenaje-al-aniversario-de-cien-anos-de-soledad\/teatromayorjuliodesantodomingo\/\" rel=\"attachment wp-att-65986\"><img fetchpriority=\"high\" decoding=\"async\" class=\"wp-image-65986\" src=\"https:\/\/fmradiocultura.com.ar\/site2025\/wp-content\/uploads\/2025\/06\/teatromayorjuliodesantodomingo.jpg\" alt=\"\" width=\"343\" height=\"257\" \/><\/a><figcaption id=\"caption-attachment-65986\" class=\"wp-caption-text\">Teatro Mayor Julio Mario de Santo Domingo<\/figcaption><\/figure>\n<p class=\"yiv6202403874MsoNormal\">Con direcci\u00f3n t\u00e9cnica de\u00a0<b>Giovanny L\u00f3pez<\/b>\u00a0e idea original de\u00a0<b>Sonia Ezquerrena<\/b>, este concierto-instalaci\u00f3n rinde homenaje al libro\u00a0<i>Cien a\u00f1os de soledad<\/i>, de\u00a0<b>Gabriel Garc\u00eda M\u00e1rquez<\/b>\u00a0en v\u00edsperas del 58 aniversario de su primera edici\u00f3n mundial. Este acontecimiento tuvo lugar en junio de 1967 y fue llevado a cabo por la editorial Sudamericana en la ciudad de Buenos Aires, hito que convertir\u00eda a esta obra en un emblema de la literatura latinoamericana.<\/p>\n<p class=\"yiv6202403874MsoNormal\">Este homenaje apunta a destacar la trascendencia de este acontecimiento con una meditada puesta en escena que representar\u00e1 una fusi\u00f3n art\u00edstica entre las palabras de Garc\u00eda M\u00e1rquez, la m\u00fasica que escuchaba mientras escrib\u00eda e im\u00e1genes que representar\u00e1n a los personajes de la novela.<\/p>\n<p class=\"yiv6202403874MsoNormal\"><a href=\"https:\/\/www.fmradiocultura.com.ar\/se-presenta-el-expo-concierto-reflejos-de-macondo-en-homenaje-al-aniversario-de-cien-anos-de-soledad\/20250129123302_rrss-reflejos-de-macondo_web-2\/\" rel=\"attachment wp-att-65985\"><img decoding=\"async\" class=\"alignnone size-full wp-image-65985\" src=\"https:\/\/fmradiocultura.com.ar\/site2025\/wp-content\/uploads\/2025\/06\/20250129123302_RRSS-REFLEJOS-DE-MACONDO_WEB-2.jpg\" alt=\"\" width=\"1187\" height=\"792\" \/><\/a><\/p>\n<p style=\"text-align: center;\">Su presentaci\u00f3n en el Auditorio de Tenerife<\/p>\n<p class=\"yiv6202403874MsoNormal\">El fot\u00f3grafo colombiano\u00a0<b>Oscar Perfer<\/b>\u00a0propone una introspecci\u00f3n en la obra de Garc\u00eda M\u00e1rquez a trav\u00e9s de retratos de sus personajes, con rasgos contempor\u00e1neos. Lo har\u00e1 desde su mirada art\u00edstica y su peculiar est\u00e9tica, enmarcada en su t\u00e9cnica de iluminaci\u00f3n pict\u00f3rica. Con sus miradas intensas, los retratos invitar\u00e1n al espectador a sentirse observado y a adentrarse en el mundo Macondiano.<\/p>\n<p class=\"yiv6202403874MsoNormal\">Por su parte, la reconocida pianista espa\u00f1ola\u00a0<b>Mar\u00eda Jos\u00e9 de Bustos<\/b>\u00a0reflejar\u00e1 el hipnotismo que la m\u00fasica ejerc\u00eda en Gabriel Garc\u00eda M\u00e1rquez para dar ritmo a sus palabras y acompa\u00f1ar su pensamiento. Se tratar\u00e1 de una visualizaci\u00f3n de im\u00e1genes captadas a trav\u00e9s de una observaci\u00f3n pian\u00edstica.<\/p>\n<p>&nbsp;<\/p>\n<div class=\"t pg-1m0 pg-1x1 pg-1h3 pg-1y2 pg-1ff1 pg-1fs0 pg-1fc0 pg-1sc0 pg-1ls0 pg-1ws0\"><strong><a href=\"https:\/\/www.fmradiocultura.com.ar\/se-presenta-el-expo-concierto-reflejos-de-macondo-en-homenaje-al-aniversario-de-cien-anos-de-soledad\/oscar-perfer-1\/\" rel=\"attachment wp-att-65982\"><img decoding=\"async\" class=\" wp-image-65982 alignleft\" src=\"https:\/\/fmradiocultura.com.ar\/site2025\/wp-content\/uploads\/2025\/06\/Oscar-Perfer-1-scaled-1.jpg\" alt=\"\" width=\"345\" height=\"510\" \/><\/a>Oscar Perfer<\/strong><\/div>\n<div class=\"t pg-1m0 pg-1x1 pg-1h3 pg-1y3 pg-1ff1 pg-1fs0 pg-1fc0 pg-1sc0 pg-1ls0 pg-1ws0\">Fot\u00f3grafo y dise\u00f1ador gr\u00e1fico<\/div>\n<div><\/div>\n<div class=\"t pg-1m0 pg-1x1 pg-1h3 pg-1y4 pg-1ff2 pg-1fs0 pg-1fc0 pg-1sc0 pg-1ls0 pg-1ws0\">Retratista de vocaci\u00f3n desde su infancia en su pueblo natal, Chiquinquir\u00e1, Colombia. Antes de dedicarse a la fotograf\u00eda, trabaj\u00f3 como director creativo en su estudio de dise\u00f1o, y logr\u00f3 un importante reconocimiento en el \u00e1rea editorial, que lo llev\u00f3 a recibir diversos galardones a nivel nacional e internacional. A partir de 2008, enfoca toda su experiencia en el arte de la fotograf\u00eda que lo llev\u00f3 a desarrollar diferentes proyectos en Sudam\u00e9rica, Europa y Norteam\u00e9rica. Desarrolla desde 2014 lo que es su particular sello personal, donde la luz pict\u00f3rica es la caracter\u00edstica que expresa a trav\u00e9s de sus hipnotizantes retratos. Su obra art\u00edstica m\u00e1s conocida es su serie denominada Fijamente, entre lo sacro y lo profano, la cual ha sido expuesta en m\u00faltiples lugares y es un referente en la fotograf\u00eda colombiana de retratos. En la actualidad, contin\u00faa desarrollando su trabajo en la b\u00fasqueda de esos rostros an\u00f3nimos que todos sabemos existen, y que est\u00e1n ah\u00ed, y de los que capta, a trav\u00e9s de su lente, esa esencia que va m\u00e1s all\u00e1 de lo f\u00edsico.<\/div>\n<div><\/div>\n<div>\n<div class=\"t pg-1m0 pg-1x1 pg-1h3 pg-1y2 pg-1ff1 pg-1fs0 pg-1fc0 pg-1sc0 pg-1ls0 pg-1ws0\"><strong><a href=\"https:\/\/www.fmradiocultura.com.ar\/se-presenta-el-expo-concierto-reflejos-de-macondo-en-homenaje-al-aniversario-de-cien-anos-de-soledad\/mariga-joseg-de-bustos\/\" rel=\"attachment wp-att-65983\"><img loading=\"lazy\" decoding=\"async\" class=\" wp-image-65983 alignleft\" src=\"https:\/\/fmradiocultura.com.ar\/site2025\/wp-content\/uploads\/2025\/06\/Mariga-Joseg-de-Bustos-scaled-1.jpg\" alt=\"\" width=\"347\" height=\"520\" \/><\/a>Mar\u00eda Jos\u00e9 de Bustos<\/strong><\/div>\n<div class=\"t pg-1m0 pg-1x1 pg-1h3 pg-1y3 pg-1ff1 pg-1fs0 pg-1fc0 pg-1sc0 pg-1ls0 pg-1ws0\">Pianista<\/div>\n<div><\/div>\n<div class=\"t pg-1m0 pg-1x1 pg-1h4 pg-1y4 pg-1ff2 pg-1fs0 pg-1fc0 pg-1sc0 pg-1ls0 pg-1ws0\">Estudi\u00f3 en el Conservatorio Superior de M\u00fasica de San Sebasti\u00e1n (Espa\u00f1a), e ingres\u00f3 posteriormente en L\u2019Ecole National de Musique de Bayonne (Francia). Trabaj\u00f3 con Fran\u00e7oise Dou\u00e9 la especialidad de Piano, con Roger Pouzet \/ Jacques Dou\u00e9 la de M\u00fasica de C\u00e1mara, y con Emmanuel Ferrer-Lal\u00f6e depur\u00f3 su t\u00e9cnica en Madrid y Bordeaux(Francia).<\/div>\n<div class=\"t pg-1m0 pg-1x1 pg-1h4 pg-1ya pg-1ff2 pg-1fs0 pg-1fc0 pg-1sc0 pg-1ls0 pg-1ws0\">Es docente del Conservatorio Superior de M\u00fasica de Pamplona (Espa\u00f1a), Maestra en Afinaci\u00f3n Profesional de Pianos por la Escuela de Tecnolog\u00eda Pian\u00edstica de Buenos Aires (Argentina) y escribe art\u00edculos sobre compositores colombianos. Durante 16 a\u00f1os colabor\u00f3 con la Basque National Orchestra.<\/div>\n<div class=\"t pg-1m0 pg-1x1 pg-1h4 pg-1ye pg-1ff2 pg-1fs0 pg-1fc0 pg-1sc0 pg-1ls0 pg-1ws0\">En 2000, fund\u00f3, junto a Mar\u00eda Jos\u00e9 Barandiar\u00e1n, el d\u00fao de pianos BdBduo con el que grabaron cuatro discos e interpretaron decenas de conciertos a lo largo de 15 a\u00f1os.<\/div>\n<div class=\"t pg-1m0 pg-1x1 pg-1h4 pg-1y11 pg-1ff2 pg-1fs0 pg-1fc0 pg-1sc0 pg-1ls0 pg-1ws0\">Colabor\u00f3 con Mar\u00eda Pag\u00e9s Compa\u00f1\u00eda en el espect\u00e1culo Fronteras, y en la actualidad est\u00e1 dedicada a su proyecto Reflejos de Macondo junto al reconocido fot\u00f3grafo Oscar Perfer.<\/div>\n<\/div>\n<div class=\"t pg-1m0 pg-1x1 pg-1h3 pg-1y11 pg-1ff2 pg-1fs0 pg-1fc0 pg-1sc0 pg-1ls0 pg-1ws0\"><\/div>\n<p class=\"yiv6202403874MsoNormal\" align=\"center\"><b><u>Programa musical<\/u><\/b><\/p>\n<p class=\"yiv6202403874MsoNormal\" align=\"center\"><b>Claude Debussy<br \/>\n<\/b>Claro de luna (1890)<br \/>\nAureliano Segundo<\/p>\n<p class=\"yiv6202403874MsoNormal\" align=\"center\"><b>Franz Schubert<br \/>\n<\/b>Melod\u00eda h\u00fangara (1824)<br \/>\nMauricio Babilonia<\/p>\n<p class=\"yiv6202403874MsoNormal\" align=\"center\"><b>Padre Jos\u00e9 de Larra\u00f1aga<br \/>\n<\/b>Sonata de 5\u00ba tono (1778)<br \/>\nPetra Cotes<\/p>\n<p class=\"yiv6202403874MsoNormal\" align=\"center\"><b>Fr\u00e9d\u00e9ric Chopin<br \/>\n<\/b>Preludio, op. 28 n.\u00ba 4 en mi menor (1839)<br \/>\nJos\u00e9 Arcadio Buend\u00eda<\/p>\n<p class=\"yiv6202403874MsoNormal\" align=\"center\"><b>Jean Sibelius<br \/>\n<\/b>Estudio n.\u00ba 2, op. 76 (1911)<br \/>\nRemedios Moscote<\/p>\n<p class=\"yiv6202403874MsoNormal\" align=\"center\"><b>Johannes Brahms<br \/>\n<\/b>Rapsodia n.\u00ba 1, op. 79 en si menor (1879)<br \/>\nSanta Sof\u00eda de la Piedad<\/p>\n<p class=\"yiv6202403874MsoNormal\" align=\"center\"><b>Maurice Ravel<br \/>\n<\/b>Pavana para una infanta difunta (1899)<br \/>\nPietro Crespi<\/p>\n<p class=\"yiv6202403874MsoNormal\" align=\"center\"><b>Joaqu\u00edn Turina<br \/>\n<\/b>Zambra &#8211; Danzas Gitanas, op. 55 n.\u00ba 1 (1930)<br \/>\nArcadio Buend\u00eda<\/p>\n<p class=\"yiv6202403874MsoNormal\" align=\"center\"><b>B\u00e9la Bart\u00f3k<br \/>\n<\/b>Allegro b\u00e1rbaro (1911)<br \/>\nCoronel Aureliano Buend\u00eda<\/p>\n<p class=\"yiv6202403874MsoNormal\" align=\"center\"><b>Erik Satie<br \/>\n<\/b>Gnossiene n.\u00ba 3 (1890)<br \/>\nAureliano Rodrigo<\/p>\n<p class=\"yiv6202403874MsoNormal\" align=\"center\"><b>Federico Mompou<br \/>\n<\/b>Canci\u00f3n y danza n.\u00ba 6 (1943)<br \/>\nJos\u00e9 Arcadio Segundo<\/p>\n<p class=\"yiv6202403874MsoNormal\" align=\"center\"><b>Claude Debussy<br \/>\n<\/b>Jardines bajo la lluvia (1903)<br \/>\nMelqu\u00edades<\/p>\n","protected":false},"excerpt":{"rendered":"<p>El\u00a0s\u00e1bado 7 de junio a las 20h\u00a0el fot\u00f3grafo colombiano Oscar Perfer\u00a0y la pianista espa\u00f1ola\u00a0Mar\u00eda Jos\u00e9 de Bustos\u00a0presentan en el\u00a0Centro de Experimentaci\u00f3n del Teatro Col\u00f3n\u00a0su espect\u00e1culo\u00a0Reflejos de Macondo, una producci\u00f3n del Teatro Mayor Julio Mario Santo Domingo. Con direcci\u00f3n t\u00e9cnica de\u00a0Giovanny L\u00f3pez\u00a0e idea original de\u00a0Sonia Ezquerrena, este concierto-instalaci\u00f3n rinde homenaje al libro\u00a0Cien a\u00f1os de soledad, de\u00a0Gabriel<\/p>\n","protected":false},"author":6,"featured_media":65985,"comment_status":"closed","ping_status":"closed","sticky":false,"template":"","format":"standard","meta":{"footnotes":""},"categories":[176,133,215,241,108,109,110,111,306,180,113,114],"tags":[307,1137,1138,1139,1140,1141,1142,1143,115,1144],"class_list":{"0":"post-65981","1":"post","2":"type-post","3":"status-publish","4":"format-standard","5":"has-post-thumbnail","7":"category-arquitectura","8":"category-especial","9":"category-fotografia","10":"category-homenaje","11":"category-imperdible-del-dia","12":"category-internacional","13":"category-la-ciudad-y-el-mundo","14":"category-lirica","15":"category-literatura","16":"category-lo-que-tenes-que-saber-hoy","17":"category-musica","18":"category-noticias","19":"tag-centro-de-experimentacion-del-teatro-colon","20":"tag-cien-anos-de-soledad","21":"tag-gabriel-garcia-marquez","22":"tag-giovanny-lopez","23":"tag-maria-jose-de-bustos","24":"tag-oscar-perfer","25":"tag-reflejos-de-macondo","26":"tag-sonia-ezquerrena","27":"tag-teatro-colon","28":"tag-teatro-mayor-julio-mario-santo-domingo"},"yoast_head":"<!-- This site is optimized with the Yoast SEO plugin v27.2 - https:\/\/yoast.com\/product\/yoast-seo-wordpress\/ -->\n<title>Se presenta el expo-concierto Reflejos de Macondo en homenaje al aniversario de Cien a\u00f1os de soledad &#8211; Radio Cultura<\/title>\n<meta name=\"robots\" content=\"noindex, follow, max-snippet:-1, max-image-preview:large, max-video-preview:-1\" \/>\n<meta property=\"og:locale\" content=\"es_ES\" \/>\n<meta property=\"og:type\" content=\"article\" \/>\n<meta property=\"og:title\" content=\"Se presenta el expo-concierto Reflejos de Macondo en homenaje al aniversario de Cien a\u00f1os de soledad &#8211; Radio Cultura\" \/>\n<meta property=\"og:description\" content=\"El\u00a0s\u00e1bado 7 de junio a las 20h\u00a0el fot\u00f3grafo colombiano Oscar Perfer\u00a0y la pianista espa\u00f1ola\u00a0Mar\u00eda Jos\u00e9 de Bustos\u00a0presentan en el\u00a0Centro de Experimentaci\u00f3n del Teatro Col\u00f3n\u00a0su espect\u00e1culo\u00a0Reflejos de Macondo, una producci\u00f3n del Teatro Mayor Julio Mario Santo Domingo. Con direcci\u00f3n t\u00e9cnica de\u00a0Giovanny L\u00f3pez\u00a0e idea original de\u00a0Sonia Ezquerrena, este concierto-instalaci\u00f3n rinde homenaje al libro\u00a0Cien a\u00f1os de soledad, de\u00a0Gabriel\" \/>\n<meta property=\"og:url\" content=\"https:\/\/fmradiocultura.com.ar\/site2025\/se-presenta-el-expo-concierto-reflejos-de-macondo-en-homenaje-al-aniversario-de-cien-anos-de-soledad\/\" \/>\n<meta property=\"og:site_name\" content=\"Radio Cultura\" \/>\n<meta property=\"article:publisher\" content=\"https:\/\/www.facebook.com\/radioculturaba\/\" \/>\n<meta property=\"article:published_time\" content=\"2025-06-03T18:59:14+00:00\" \/>\n<meta property=\"og:image\" content=\"https:\/\/fmradiocultura.com.ar\/site2025\/wp-content\/uploads\/2025\/06\/Reflejos-de-Macondo_redes_web-scaled-1.png\" \/>\n\t<meta property=\"og:image:width\" content=\"2560\" \/>\n\t<meta property=\"og:image:height\" content=\"1440\" \/>\n\t<meta property=\"og:image:type\" content=\"image\/png\" \/>\n<meta name=\"author\" content=\"Pablo De Vita\" \/>\n<meta name=\"twitter:card\" content=\"summary_large_image\" \/>\n<meta name=\"twitter:creator\" content=\"@radioculturaba\" \/>\n<meta name=\"twitter:site\" content=\"@radioculturaba\" \/>\n<meta name=\"twitter:label1\" content=\"Escrito por\" \/>\n\t<meta name=\"twitter:data1\" content=\"Pablo De Vita\" \/>\n\t<meta name=\"twitter:label2\" content=\"Tiempo de lectura\" \/>\n\t<meta name=\"twitter:data2\" content=\"4 minutos\" \/>\n<script type=\"application\/ld+json\" class=\"yoast-schema-graph\">{\"@context\":\"https:\/\/schema.org\",\"@graph\":[{\"@type\":\"Article\",\"@id\":\"https:\/\/fmradiocultura.com.ar\/site2025\/se-presenta-el-expo-concierto-reflejos-de-macondo-en-homenaje-al-aniversario-de-cien-anos-de-soledad\/#article\",\"isPartOf\":{\"@id\":\"https:\/\/fmradiocultura.com.ar\/site2025\/se-presenta-el-expo-concierto-reflejos-de-macondo-en-homenaje-al-aniversario-de-cien-anos-de-soledad\/\"},\"author\":{\"name\":\"Pablo De Vita\",\"@id\":\"https:\/\/fmradiocultura.com.ar\/site2025\/#\/schema\/person\/4129cff584253bb9de3d3bd6cbf21d60\"},\"headline\":\"Se presenta el expo-concierto Reflejos de Macondo en homenaje al aniversario de Cien a\u00f1os de soledad\",\"datePublished\":\"2025-06-03T18:59:14+00:00\",\"mainEntityOfPage\":{\"@id\":\"https:\/\/fmradiocultura.com.ar\/site2025\/se-presenta-el-expo-concierto-reflejos-de-macondo-en-homenaje-al-aniversario-de-cien-anos-de-soledad\/\"},\"wordCount\":849,\"publisher\":{\"@id\":\"https:\/\/fmradiocultura.com.ar\/site2025\/#organization\"},\"image\":{\"@id\":\"https:\/\/fmradiocultura.com.ar\/site2025\/se-presenta-el-expo-concierto-reflejos-de-macondo-en-homenaje-al-aniversario-de-cien-anos-de-soledad\/#primaryimage\"},\"thumbnailUrl\":\"https:\/\/fmradiocultura.com.ar\/site2025\/wp-content\/uploads\/2025\/06\/Reflejos-de-Macondo_redes_web-scaled-1.png\",\"keywords\":[\"Centro de Experimentaci\u00f3n del Teatro Col\u00f3n\",\"Cien a\u00f1os de soledad\",\"Gabriel Garc\u00eda M\u00e1rquez\",\"Giovanny L\u00f3pez\",\"Mar\u00eda Jos\u00e9 de Bustos\",\"Oscar Perfer\",\"Reflejos de Macondo\",\"Sonia Ezquerrena\",\"Teatro Colon\",\"Teatro Mayor Julio Mario Santo Domingo\"],\"articleSection\":[\"Arquitectura\",\"Especial\",\"fotografia\",\"Homenaje\",\"Imperdible del dia\",\"internacional\",\"La Ciudad y el Mundo\",\"Lirica\",\"Literatura\",\"Lo Que Tenes Que Saber Hoy\",\"M\u00fasica\",\"Noticias\"],\"inLanguage\":\"es\"},{\"@type\":\"WebPage\",\"@id\":\"https:\/\/fmradiocultura.com.ar\/site2025\/se-presenta-el-expo-concierto-reflejos-de-macondo-en-homenaje-al-aniversario-de-cien-anos-de-soledad\/\",\"url\":\"https:\/\/fmradiocultura.com.ar\/site2025\/se-presenta-el-expo-concierto-reflejos-de-macondo-en-homenaje-al-aniversario-de-cien-anos-de-soledad\/\",\"name\":\"Se presenta el expo-concierto Reflejos de Macondo en homenaje al aniversario de Cien a\u00f1os de soledad &#8211; Radio Cultura\",\"isPartOf\":{\"@id\":\"https:\/\/fmradiocultura.com.ar\/site2025\/#website\"},\"primaryImageOfPage\":{\"@id\":\"https:\/\/fmradiocultura.com.ar\/site2025\/se-presenta-el-expo-concierto-reflejos-de-macondo-en-homenaje-al-aniversario-de-cien-anos-de-soledad\/#primaryimage\"},\"image\":{\"@id\":\"https:\/\/fmradiocultura.com.ar\/site2025\/se-presenta-el-expo-concierto-reflejos-de-macondo-en-homenaje-al-aniversario-de-cien-anos-de-soledad\/#primaryimage\"},\"thumbnailUrl\":\"https:\/\/fmradiocultura.com.ar\/site2025\/wp-content\/uploads\/2025\/06\/Reflejos-de-Macondo_redes_web-scaled-1.png\",\"datePublished\":\"2025-06-03T18:59:14+00:00\",\"breadcrumb\":{\"@id\":\"https:\/\/fmradiocultura.com.ar\/site2025\/se-presenta-el-expo-concierto-reflejos-de-macondo-en-homenaje-al-aniversario-de-cien-anos-de-soledad\/#breadcrumb\"},\"inLanguage\":\"es\",\"potentialAction\":[{\"@type\":\"ReadAction\",\"target\":[\"https:\/\/fmradiocultura.com.ar\/site2025\/se-presenta-el-expo-concierto-reflejos-de-macondo-en-homenaje-al-aniversario-de-cien-anos-de-soledad\/\"]}]},{\"@type\":\"ImageObject\",\"inLanguage\":\"es\",\"@id\":\"https:\/\/fmradiocultura.com.ar\/site2025\/se-presenta-el-expo-concierto-reflejos-de-macondo-en-homenaje-al-aniversario-de-cien-anos-de-soledad\/#primaryimage\",\"url\":\"https:\/\/fmradiocultura.com.ar\/site2025\/wp-content\/uploads\/2025\/06\/Reflejos-de-Macondo_redes_web-scaled-1.png\",\"contentUrl\":\"https:\/\/fmradiocultura.com.ar\/site2025\/wp-content\/uploads\/2025\/06\/Reflejos-de-Macondo_redes_web-scaled-1.png\",\"width\":2560,\"height\":1440},{\"@type\":\"BreadcrumbList\",\"@id\":\"https:\/\/fmradiocultura.com.ar\/site2025\/se-presenta-el-expo-concierto-reflejos-de-macondo-en-homenaje-al-aniversario-de-cien-anos-de-soledad\/#breadcrumb\",\"itemListElement\":[{\"@type\":\"ListItem\",\"position\":1,\"name\":\"Portada\",\"item\":\"https:\/\/fmradiocultura.com.ar\/site2025\/\"},{\"@type\":\"ListItem\",\"position\":2,\"name\":\"Se presenta el expo-concierto Reflejos de Macondo en homenaje al aniversario de Cien a\u00f1os de soledad\"}]},{\"@type\":\"WebSite\",\"@id\":\"https:\/\/fmradiocultura.com.ar\/site2025\/#website\",\"url\":\"https:\/\/fmradiocultura.com.ar\/site2025\/\",\"name\":\"Radio Cultura\",\"description\":\"Es un medio independiente que busca difundir arte, cultura y turismo cultural al mundo hispanohablante.\",\"publisher\":{\"@id\":\"https:\/\/fmradiocultura.com.ar\/site2025\/#organization\"},\"alternateName\":\"fmradiocultura.com.ar\",\"potentialAction\":[{\"@type\":\"SearchAction\",\"target\":{\"@type\":\"EntryPoint\",\"urlTemplate\":\"https:\/\/fmradiocultura.com.ar\/site2025\/?s={search_term_string}\"},\"query-input\":{\"@type\":\"PropertyValueSpecification\",\"valueRequired\":true,\"valueName\":\"search_term_string\"}}],\"inLanguage\":\"es\"},{\"@type\":\"Organization\",\"@id\":\"https:\/\/fmradiocultura.com.ar\/site2025\/#organization\",\"name\":\"Radio Cultura\",\"alternateName\":\"fmradiocultura.com.ar\",\"url\":\"https:\/\/fmradiocultura.com.ar\/site2025\/\",\"logo\":{\"@type\":\"ImageObject\",\"inLanguage\":\"es\",\"@id\":\"https:\/\/fmradiocultura.com.ar\/site2025\/#\/schema\/logo\/image\/\",\"url\":\"https:\/\/fmradiocultura.com.ar\/site2025\/wp-content\/uploads\/2025\/06\/Logo-RC-ok-1080x1080-vertical.jpg\",\"contentUrl\":\"https:\/\/fmradiocultura.com.ar\/site2025\/wp-content\/uploads\/2025\/06\/Logo-RC-ok-1080x1080-vertical.jpg\",\"width\":1080,\"height\":1080,\"caption\":\"Radio Cultura\"},\"image\":{\"@id\":\"https:\/\/fmradiocultura.com.ar\/site2025\/#\/schema\/logo\/image\/\"},\"sameAs\":[\"https:\/\/www.facebook.com\/radioculturaba\/\",\"https:\/\/x.com\/radioculturaba\",\"https:\/\/www.instagram.com\/radioculturaba\"]},{\"@type\":\"Person\",\"@id\":\"https:\/\/fmradiocultura.com.ar\/site2025\/#\/schema\/person\/4129cff584253bb9de3d3bd6cbf21d60\",\"name\":\"Pablo De Vita\",\"image\":{\"@type\":\"ImageObject\",\"inLanguage\":\"es\",\"@id\":\"https:\/\/secure.gravatar.com\/avatar\/752f82179b81dcf8cf405efdf12252c6af17c7a982b2f34f4602cef583f8a9fb?s=96&d=mm&r=g\",\"url\":\"https:\/\/secure.gravatar.com\/avatar\/752f82179b81dcf8cf405efdf12252c6af17c7a982b2f34f4602cef583f8a9fb?s=96&d=mm&r=g\",\"contentUrl\":\"https:\/\/secure.gravatar.com\/avatar\/752f82179b81dcf8cf405efdf12252c6af17c7a982b2f34f4602cef583f8a9fb?s=96&d=mm&r=g\",\"caption\":\"Pablo De Vita\"},\"url\":\"https:\/\/fmradiocultura.com.ar\/site2025\/author\/pablodevita\/\"}]}<\/script>\n<!-- \/ Yoast SEO plugin. -->","yoast_head_json":{"title":"Se presenta el expo-concierto Reflejos de Macondo en homenaje al aniversario de Cien a\u00f1os de soledad &#8211; Radio Cultura","robots":{"index":"noindex","follow":"follow","max-snippet":"max-snippet:-1","max-image-preview":"max-image-preview:large","max-video-preview":"max-video-preview:-1"},"og_locale":"es_ES","og_type":"article","og_title":"Se presenta el expo-concierto Reflejos de Macondo en homenaje al aniversario de Cien a\u00f1os de soledad &#8211; Radio Cultura","og_description":"El\u00a0s\u00e1bado 7 de junio a las 20h\u00a0el fot\u00f3grafo colombiano Oscar Perfer\u00a0y la pianista espa\u00f1ola\u00a0Mar\u00eda Jos\u00e9 de Bustos\u00a0presentan en el\u00a0Centro de Experimentaci\u00f3n del Teatro Col\u00f3n\u00a0su espect\u00e1culo\u00a0Reflejos de Macondo, una producci\u00f3n del Teatro Mayor Julio Mario Santo Domingo. Con direcci\u00f3n t\u00e9cnica de\u00a0Giovanny L\u00f3pez\u00a0e idea original de\u00a0Sonia Ezquerrena, este concierto-instalaci\u00f3n rinde homenaje al libro\u00a0Cien a\u00f1os de soledad, de\u00a0Gabriel","og_url":"https:\/\/fmradiocultura.com.ar\/site2025\/se-presenta-el-expo-concierto-reflejos-de-macondo-en-homenaje-al-aniversario-de-cien-anos-de-soledad\/","og_site_name":"Radio Cultura","article_publisher":"https:\/\/www.facebook.com\/radioculturaba\/","article_published_time":"2025-06-03T18:59:14+00:00","og_image":[{"width":2560,"height":1440,"url":"https:\/\/fmradiocultura.com.ar\/site2025\/wp-content\/uploads\/2025\/06\/Reflejos-de-Macondo_redes_web-scaled-1.png","type":"image\/png"}],"author":"Pablo De Vita","twitter_card":"summary_large_image","twitter_creator":"@radioculturaba","twitter_site":"@radioculturaba","twitter_misc":{"Escrito por":"Pablo De Vita","Tiempo de lectura":"4 minutos"},"schema":{"@context":"https:\/\/schema.org","@graph":[{"@type":"Article","@id":"https:\/\/fmradiocultura.com.ar\/site2025\/se-presenta-el-expo-concierto-reflejos-de-macondo-en-homenaje-al-aniversario-de-cien-anos-de-soledad\/#article","isPartOf":{"@id":"https:\/\/fmradiocultura.com.ar\/site2025\/se-presenta-el-expo-concierto-reflejos-de-macondo-en-homenaje-al-aniversario-de-cien-anos-de-soledad\/"},"author":{"name":"Pablo De Vita","@id":"https:\/\/fmradiocultura.com.ar\/site2025\/#\/schema\/person\/4129cff584253bb9de3d3bd6cbf21d60"},"headline":"Se presenta el expo-concierto Reflejos de Macondo en homenaje al aniversario de Cien a\u00f1os de soledad","datePublished":"2025-06-03T18:59:14+00:00","mainEntityOfPage":{"@id":"https:\/\/fmradiocultura.com.ar\/site2025\/se-presenta-el-expo-concierto-reflejos-de-macondo-en-homenaje-al-aniversario-de-cien-anos-de-soledad\/"},"wordCount":849,"publisher":{"@id":"https:\/\/fmradiocultura.com.ar\/site2025\/#organization"},"image":{"@id":"https:\/\/fmradiocultura.com.ar\/site2025\/se-presenta-el-expo-concierto-reflejos-de-macondo-en-homenaje-al-aniversario-de-cien-anos-de-soledad\/#primaryimage"},"thumbnailUrl":"https:\/\/fmradiocultura.com.ar\/site2025\/wp-content\/uploads\/2025\/06\/Reflejos-de-Macondo_redes_web-scaled-1.png","keywords":["Centro de Experimentaci\u00f3n del Teatro Col\u00f3n","Cien a\u00f1os de soledad","Gabriel Garc\u00eda M\u00e1rquez","Giovanny L\u00f3pez","Mar\u00eda Jos\u00e9 de Bustos","Oscar Perfer","Reflejos de Macondo","Sonia Ezquerrena","Teatro Colon","Teatro Mayor Julio Mario Santo Domingo"],"articleSection":["Arquitectura","Especial","fotografia","Homenaje","Imperdible del dia","internacional","La Ciudad y el Mundo","Lirica","Literatura","Lo Que Tenes Que Saber Hoy","M\u00fasica","Noticias"],"inLanguage":"es"},{"@type":"WebPage","@id":"https:\/\/fmradiocultura.com.ar\/site2025\/se-presenta-el-expo-concierto-reflejos-de-macondo-en-homenaje-al-aniversario-de-cien-anos-de-soledad\/","url":"https:\/\/fmradiocultura.com.ar\/site2025\/se-presenta-el-expo-concierto-reflejos-de-macondo-en-homenaje-al-aniversario-de-cien-anos-de-soledad\/","name":"Se presenta el expo-concierto Reflejos de Macondo en homenaje al aniversario de Cien a\u00f1os de soledad &#8211; Radio Cultura","isPartOf":{"@id":"https:\/\/fmradiocultura.com.ar\/site2025\/#website"},"primaryImageOfPage":{"@id":"https:\/\/fmradiocultura.com.ar\/site2025\/se-presenta-el-expo-concierto-reflejos-de-macondo-en-homenaje-al-aniversario-de-cien-anos-de-soledad\/#primaryimage"},"image":{"@id":"https:\/\/fmradiocultura.com.ar\/site2025\/se-presenta-el-expo-concierto-reflejos-de-macondo-en-homenaje-al-aniversario-de-cien-anos-de-soledad\/#primaryimage"},"thumbnailUrl":"https:\/\/fmradiocultura.com.ar\/site2025\/wp-content\/uploads\/2025\/06\/Reflejos-de-Macondo_redes_web-scaled-1.png","datePublished":"2025-06-03T18:59:14+00:00","breadcrumb":{"@id":"https:\/\/fmradiocultura.com.ar\/site2025\/se-presenta-el-expo-concierto-reflejos-de-macondo-en-homenaje-al-aniversario-de-cien-anos-de-soledad\/#breadcrumb"},"inLanguage":"es","potentialAction":[{"@type":"ReadAction","target":["https:\/\/fmradiocultura.com.ar\/site2025\/se-presenta-el-expo-concierto-reflejos-de-macondo-en-homenaje-al-aniversario-de-cien-anos-de-soledad\/"]}]},{"@type":"ImageObject","inLanguage":"es","@id":"https:\/\/fmradiocultura.com.ar\/site2025\/se-presenta-el-expo-concierto-reflejos-de-macondo-en-homenaje-al-aniversario-de-cien-anos-de-soledad\/#primaryimage","url":"https:\/\/fmradiocultura.com.ar\/site2025\/wp-content\/uploads\/2025\/06\/Reflejos-de-Macondo_redes_web-scaled-1.png","contentUrl":"https:\/\/fmradiocultura.com.ar\/site2025\/wp-content\/uploads\/2025\/06\/Reflejos-de-Macondo_redes_web-scaled-1.png","width":2560,"height":1440},{"@type":"BreadcrumbList","@id":"https:\/\/fmradiocultura.com.ar\/site2025\/se-presenta-el-expo-concierto-reflejos-de-macondo-en-homenaje-al-aniversario-de-cien-anos-de-soledad\/#breadcrumb","itemListElement":[{"@type":"ListItem","position":1,"name":"Portada","item":"https:\/\/fmradiocultura.com.ar\/site2025\/"},{"@type":"ListItem","position":2,"name":"Se presenta el expo-concierto Reflejos de Macondo en homenaje al aniversario de Cien a\u00f1os de soledad"}]},{"@type":"WebSite","@id":"https:\/\/fmradiocultura.com.ar\/site2025\/#website","url":"https:\/\/fmradiocultura.com.ar\/site2025\/","name":"Radio Cultura","description":"Es un medio independiente que busca difundir arte, cultura y turismo cultural al mundo hispanohablante.","publisher":{"@id":"https:\/\/fmradiocultura.com.ar\/site2025\/#organization"},"alternateName":"fmradiocultura.com.ar","potentialAction":[{"@type":"SearchAction","target":{"@type":"EntryPoint","urlTemplate":"https:\/\/fmradiocultura.com.ar\/site2025\/?s={search_term_string}"},"query-input":{"@type":"PropertyValueSpecification","valueRequired":true,"valueName":"search_term_string"}}],"inLanguage":"es"},{"@type":"Organization","@id":"https:\/\/fmradiocultura.com.ar\/site2025\/#organization","name":"Radio Cultura","alternateName":"fmradiocultura.com.ar","url":"https:\/\/fmradiocultura.com.ar\/site2025\/","logo":{"@type":"ImageObject","inLanguage":"es","@id":"https:\/\/fmradiocultura.com.ar\/site2025\/#\/schema\/logo\/image\/","url":"https:\/\/fmradiocultura.com.ar\/site2025\/wp-content\/uploads\/2025\/06\/Logo-RC-ok-1080x1080-vertical.jpg","contentUrl":"https:\/\/fmradiocultura.com.ar\/site2025\/wp-content\/uploads\/2025\/06\/Logo-RC-ok-1080x1080-vertical.jpg","width":1080,"height":1080,"caption":"Radio Cultura"},"image":{"@id":"https:\/\/fmradiocultura.com.ar\/site2025\/#\/schema\/logo\/image\/"},"sameAs":["https:\/\/www.facebook.com\/radioculturaba\/","https:\/\/x.com\/radioculturaba","https:\/\/www.instagram.com\/radioculturaba"]},{"@type":"Person","@id":"https:\/\/fmradiocultura.com.ar\/site2025\/#\/schema\/person\/4129cff584253bb9de3d3bd6cbf21d60","name":"Pablo De Vita","image":{"@type":"ImageObject","inLanguage":"es","@id":"https:\/\/secure.gravatar.com\/avatar\/752f82179b81dcf8cf405efdf12252c6af17c7a982b2f34f4602cef583f8a9fb?s=96&d=mm&r=g","url":"https:\/\/secure.gravatar.com\/avatar\/752f82179b81dcf8cf405efdf12252c6af17c7a982b2f34f4602cef583f8a9fb?s=96&d=mm&r=g","contentUrl":"https:\/\/secure.gravatar.com\/avatar\/752f82179b81dcf8cf405efdf12252c6af17c7a982b2f34f4602cef583f8a9fb?s=96&d=mm&r=g","caption":"Pablo De Vita"},"url":"https:\/\/fmradiocultura.com.ar\/site2025\/author\/pablodevita\/"}]}},"_links":{"self":[{"href":"https:\/\/fmradiocultura.com.ar\/site2025\/wp-json\/wp\/v2\/posts\/65981","targetHints":{"allow":["GET"]}}],"collection":[{"href":"https:\/\/fmradiocultura.com.ar\/site2025\/wp-json\/wp\/v2\/posts"}],"about":[{"href":"https:\/\/fmradiocultura.com.ar\/site2025\/wp-json\/wp\/v2\/types\/post"}],"author":[{"embeddable":true,"href":"https:\/\/fmradiocultura.com.ar\/site2025\/wp-json\/wp\/v2\/users\/6"}],"replies":[{"embeddable":true,"href":"https:\/\/fmradiocultura.com.ar\/site2025\/wp-json\/wp\/v2\/comments?post=65981"}],"version-history":[{"count":0,"href":"https:\/\/fmradiocultura.com.ar\/site2025\/wp-json\/wp\/v2\/posts\/65981\/revisions"}],"wp:featuredmedia":[{"embeddable":true,"href":"https:\/\/fmradiocultura.com.ar\/site2025\/wp-json\/wp\/v2\/media\/65985"}],"wp:attachment":[{"href":"https:\/\/fmradiocultura.com.ar\/site2025\/wp-json\/wp\/v2\/media?parent=65981"}],"wp:term":[{"taxonomy":"category","embeddable":true,"href":"https:\/\/fmradiocultura.com.ar\/site2025\/wp-json\/wp\/v2\/categories?post=65981"},{"taxonomy":"post_tag","embeddable":true,"href":"https:\/\/fmradiocultura.com.ar\/site2025\/wp-json\/wp\/v2\/tags?post=65981"}],"curies":[{"name":"wp","href":"https:\/\/api.w.org\/{rel}","templated":true}]}}