{"id":65323,"date":"2025-05-09T14:59:29","date_gmt":"2025-05-09T17:59:29","guid":{"rendered":"https:\/\/www.fmradiocultura.com.ar\/?p=65323"},"modified":"2025-05-09T14:59:29","modified_gmt":"2025-05-09T17:59:29","slug":"dos-papas-en-buenos-aires","status":"publish","type":"post","link":"https:\/\/fmradiocultura.com.ar\/site2025\/dos-papas-en-buenos-aires\/","title":{"rendered":"Dos papas en Buenos Aires"},"content":{"rendered":"<figure id=\"attachment_65324\" aria-describedby=\"caption-attachment-65324\" style=\"width: 722px\" class=\"wp-caption alignnone\"><img fetchpriority=\"high\" decoding=\"async\" class=\"wp-image-65324\" src=\"https:\/\/fmradiocultura.com.ar\/site2025\/wp-content\/uploads\/2025\/05\/Francisco-Leon-300x267.jpg\" alt=\"\" width=\"722\" height=\"643\" srcset=\"https:\/\/fmradiocultura.com.ar\/site2025\/wp-content\/uploads\/2025\/05\/Francisco-Leon-300x267.jpg 300w, https:\/\/fmradiocultura.com.ar\/site2025\/wp-content\/uploads\/2025\/05\/Francisco-Leon-1024x912.jpg 1024w, https:\/\/fmradiocultura.com.ar\/site2025\/wp-content\/uploads\/2025\/05\/Francisco-Leon-768x684.jpg 768w, https:\/\/fmradiocultura.com.ar\/site2025\/wp-content\/uploads\/2025\/05\/Francisco-Leon-150x134.jpg 150w, https:\/\/fmradiocultura.com.ar\/site2025\/wp-content\/uploads\/2025\/05\/Francisco-Leon-450x401.jpg 450w, https:\/\/fmradiocultura.com.ar\/site2025\/wp-content\/uploads\/2025\/05\/Francisco-Leon.jpg 1079w\" sizes=\"(max-width: 722px) 100vw, 722px\" \/><figcaption id=\"caption-attachment-65324\" class=\"wp-caption-text\">Jorge Mario Bergoglio y Robert Francis Prevost (derecha)<\/figcaption><\/figure>\n<p>En el a\u00f1o 2006 Jorge Mario Bergoglio (Francisco 2013\/2025), en ese momento Arzobispo de Buenos Aires, junto a Robert Francis Prevost (Le\u00f3n XIV) Prior General de la Orden de los Agustinos en esos d\u00edas, oficiando una misa en el Colegio San Agust\u00edn ubicado en la calle Ag\u00fcero al 2300 en el barrio de Recoleta de la Ciudad Aut\u00f3noma de Buenos Aires.<\/p>\n","protected":false},"excerpt":{"rendered":"<p>En el a\u00f1o 2006 Jorge Mario Bergoglio (Francisco 2013\/2025), en ese momento Arzobispo de Buenos Aires, junto a Robert Francis Prevost (Le\u00f3n XIV) Prior General de la Orden de los Agustinos en esos d\u00edas, oficiando una misa en el Colegio San Agust\u00edn ubicado en la calle Ag\u00fcero al 2300 en el barrio de Recoleta de<\/p>\n","protected":false},"author":4,"featured_media":65325,"comment_status":"closed","ping_status":"closed","sticky":false,"template":"","format":"standard","meta":{"footnotes":""},"categories":[114],"tags":[],"class_list":{"0":"post-65323","1":"post","2":"type-post","3":"status-publish","4":"format-standard","5":"has-post-thumbnail","7":"category-noticias"},"yoast_head":"<!-- This site is optimized with the Yoast SEO plugin v27.2 - https:\/\/yoast.com\/product\/yoast-seo-wordpress\/ -->\n<title>Dos papas en Buenos Aires &#8211; Radio Cultura<\/title>\n<meta name=\"robots\" content=\"noindex, follow, max-snippet:-1, max-image-preview:large, max-video-preview:-1\" \/>\n<meta property=\"og:locale\" content=\"es_ES\" \/>\n<meta property=\"og:type\" content=\"article\" \/>\n<meta property=\"og:title\" content=\"Dos papas en Buenos Aires &#8211; Radio Cultura\" \/>\n<meta property=\"og:description\" content=\"En el a\u00f1o 2006 Jorge Mario Bergoglio (Francisco 2013\/2025), en ese momento Arzobispo de Buenos Aires, junto a Robert Francis Prevost (Le\u00f3n XIV) Prior General de la Orden de los Agustinos en esos d\u00edas, oficiando una misa en el Colegio San Agust\u00edn ubicado en la calle Ag\u00fcero al 2300 en el barrio de Recoleta de\" \/>\n<meta property=\"og:url\" content=\"https:\/\/fmradiocultura.com.ar\/site2025\/dos-papas-en-buenos-aires\/\" \/>\n<meta property=\"og:site_name\" content=\"Radio Cultura\" \/>\n<meta property=\"article:publisher\" content=\"https:\/\/www.facebook.com\/radioculturaba\/\" \/>\n<meta property=\"article:published_time\" content=\"2025-05-09T17:59:29+00:00\" \/>\n<meta property=\"og:image\" content=\"https:\/\/fmradiocultura.com.ar\/site2025\/wp-content\/uploads\/2025\/05\/900-0-1746440044xscreenshot-45-643.webp\" \/>\n\t<meta property=\"og:image:width\" content=\"860\" \/>\n\t<meta property=\"og:image:height\" content=\"516\" \/>\n\t<meta property=\"og:image:type\" content=\"image\/webp\" \/>\n<meta name=\"author\" content=\"Radio Cultura Grabaciones\" \/>\n<meta name=\"twitter:card\" content=\"summary_large_image\" \/>\n<meta name=\"twitter:creator\" content=\"@radioculturaba\" \/>\n<meta name=\"twitter:site\" content=\"@radioculturaba\" \/>\n<meta name=\"twitter:label1\" content=\"Escrito por\" \/>\n\t<meta name=\"twitter:data1\" content=\"Radio Cultura Grabaciones\" \/>\n<script type=\"application\/ld+json\" class=\"yoast-schema-graph\">{\"@context\":\"https:\/\/schema.org\",\"@graph\":[{\"@type\":\"Article\",\"@id\":\"https:\/\/fmradiocultura.com.ar\/site2025\/dos-papas-en-buenos-aires\/#article\",\"isPartOf\":{\"@id\":\"https:\/\/fmradiocultura.com.ar\/site2025\/dos-papas-en-buenos-aires\/\"},\"author\":{\"name\":\"Radio Cultura Grabaciones\",\"@id\":\"https:\/\/fmradiocultura.com.ar\/site2025\/#\/schema\/person\/6f765d6bfc9650d983919b59d949e9db\"},\"headline\":\"Dos papas en Buenos Aires\",\"datePublished\":\"2025-05-09T17:59:29+00:00\",\"mainEntityOfPage\":{\"@id\":\"https:\/\/fmradiocultura.com.ar\/site2025\/dos-papas-en-buenos-aires\/\"},\"wordCount\":84,\"publisher\":{\"@id\":\"https:\/\/fmradiocultura.com.ar\/site2025\/#organization\"},\"image\":{\"@id\":\"https:\/\/fmradiocultura.com.ar\/site2025\/dos-papas-en-buenos-aires\/#primaryimage\"},\"thumbnailUrl\":\"https:\/\/fmradiocultura.com.ar\/site2025\/wp-content\/uploads\/2025\/05\/900-0-1746440044xscreenshot-45-643.webp\",\"articleSection\":[\"Noticias\"],\"inLanguage\":\"es\"},{\"@type\":\"WebPage\",\"@id\":\"https:\/\/fmradiocultura.com.ar\/site2025\/dos-papas-en-buenos-aires\/\",\"url\":\"https:\/\/fmradiocultura.com.ar\/site2025\/dos-papas-en-buenos-aires\/\",\"name\":\"Dos papas en Buenos Aires &#8211; Radio Cultura\",\"isPartOf\":{\"@id\":\"https:\/\/fmradiocultura.com.ar\/site2025\/#website\"},\"primaryImageOfPage\":{\"@id\":\"https:\/\/fmradiocultura.com.ar\/site2025\/dos-papas-en-buenos-aires\/#primaryimage\"},\"image\":{\"@id\":\"https:\/\/fmradiocultura.com.ar\/site2025\/dos-papas-en-buenos-aires\/#primaryimage\"},\"thumbnailUrl\":\"https:\/\/fmradiocultura.com.ar\/site2025\/wp-content\/uploads\/2025\/05\/900-0-1746440044xscreenshot-45-643.webp\",\"datePublished\":\"2025-05-09T17:59:29+00:00\",\"breadcrumb\":{\"@id\":\"https:\/\/fmradiocultura.com.ar\/site2025\/dos-papas-en-buenos-aires\/#breadcrumb\"},\"inLanguage\":\"es\",\"potentialAction\":[{\"@type\":\"ReadAction\",\"target\":[\"https:\/\/fmradiocultura.com.ar\/site2025\/dos-papas-en-buenos-aires\/\"]}]},{\"@type\":\"ImageObject\",\"inLanguage\":\"es\",\"@id\":\"https:\/\/fmradiocultura.com.ar\/site2025\/dos-papas-en-buenos-aires\/#primaryimage\",\"url\":\"https:\/\/fmradiocultura.com.ar\/site2025\/wp-content\/uploads\/2025\/05\/900-0-1746440044xscreenshot-45-643.webp\",\"contentUrl\":\"https:\/\/fmradiocultura.com.ar\/site2025\/wp-content\/uploads\/2025\/05\/900-0-1746440044xscreenshot-45-643.webp\",\"width\":860,\"height\":516},{\"@type\":\"BreadcrumbList\",\"@id\":\"https:\/\/fmradiocultura.com.ar\/site2025\/dos-papas-en-buenos-aires\/#breadcrumb\",\"itemListElement\":[{\"@type\":\"ListItem\",\"position\":1,\"name\":\"Portada\",\"item\":\"https:\/\/fmradiocultura.com.ar\/site2025\/\"},{\"@type\":\"ListItem\",\"position\":2,\"name\":\"Dos papas en Buenos Aires\"}]},{\"@type\":\"WebSite\",\"@id\":\"https:\/\/fmradiocultura.com.ar\/site2025\/#website\",\"url\":\"https:\/\/fmradiocultura.com.ar\/site2025\/\",\"name\":\"Radio Cultura\",\"description\":\"Es un medio independiente que busca difundir arte, cultura y turismo cultural al mundo hispanohablante.\",\"publisher\":{\"@id\":\"https:\/\/fmradiocultura.com.ar\/site2025\/#organization\"},\"alternateName\":\"fmradiocultura.com.ar\",\"potentialAction\":[{\"@type\":\"SearchAction\",\"target\":{\"@type\":\"EntryPoint\",\"urlTemplate\":\"https:\/\/fmradiocultura.com.ar\/site2025\/?s={search_term_string}\"},\"query-input\":{\"@type\":\"PropertyValueSpecification\",\"valueRequired\":true,\"valueName\":\"search_term_string\"}}],\"inLanguage\":\"es\"},{\"@type\":\"Organization\",\"@id\":\"https:\/\/fmradiocultura.com.ar\/site2025\/#organization\",\"name\":\"Radio Cultura\",\"alternateName\":\"fmradiocultura.com.ar\",\"url\":\"https:\/\/fmradiocultura.com.ar\/site2025\/\",\"logo\":{\"@type\":\"ImageObject\",\"inLanguage\":\"es\",\"@id\":\"https:\/\/fmradiocultura.com.ar\/site2025\/#\/schema\/logo\/image\/\",\"url\":\"https:\/\/fmradiocultura.com.ar\/site2025\/wp-content\/uploads\/2025\/06\/Logo-RC-ok-1080x1080-vertical.jpg\",\"contentUrl\":\"https:\/\/fmradiocultura.com.ar\/site2025\/wp-content\/uploads\/2025\/06\/Logo-RC-ok-1080x1080-vertical.jpg\",\"width\":1080,\"height\":1080,\"caption\":\"Radio Cultura\"},\"image\":{\"@id\":\"https:\/\/fmradiocultura.com.ar\/site2025\/#\/schema\/logo\/image\/\"},\"sameAs\":[\"https:\/\/www.facebook.com\/radioculturaba\/\",\"https:\/\/x.com\/radioculturaba\",\"https:\/\/www.instagram.com\/radioculturaba\"]},{\"@type\":\"Person\",\"@id\":\"https:\/\/fmradiocultura.com.ar\/site2025\/#\/schema\/person\/6f765d6bfc9650d983919b59d949e9db\",\"name\":\"Radio Cultura Grabaciones\",\"image\":{\"@type\":\"ImageObject\",\"inLanguage\":\"es\",\"@id\":\"https:\/\/secure.gravatar.com\/avatar\/8e79b0e36cc5f1f6ef54a7e0ab09fb82fbde6c64a384dec1fe7ba59adf948cc9?s=96&d=mm&r=g\",\"url\":\"https:\/\/secure.gravatar.com\/avatar\/8e79b0e36cc5f1f6ef54a7e0ab09fb82fbde6c64a384dec1fe7ba59adf948cc9?s=96&d=mm&r=g\",\"contentUrl\":\"https:\/\/secure.gravatar.com\/avatar\/8e79b0e36cc5f1f6ef54a7e0ab09fb82fbde6c64a384dec1fe7ba59adf948cc9?s=96&d=mm&r=g\",\"caption\":\"Radio Cultura Grabaciones\"},\"sameAs\":[\"https:\/\/www.fmradiocultura.com.ar\"],\"url\":\"https:\/\/fmradiocultura.com.ar\/site2025\/author\/grabaciones\/\"}]}<\/script>\n<!-- \/ Yoast SEO plugin. -->","yoast_head_json":{"title":"Dos papas en Buenos Aires &#8211; Radio Cultura","robots":{"index":"noindex","follow":"follow","max-snippet":"max-snippet:-1","max-image-preview":"max-image-preview:large","max-video-preview":"max-video-preview:-1"},"og_locale":"es_ES","og_type":"article","og_title":"Dos papas en Buenos Aires &#8211; Radio Cultura","og_description":"En el a\u00f1o 2006 Jorge Mario Bergoglio (Francisco 2013\/2025), en ese momento Arzobispo de Buenos Aires, junto a Robert Francis Prevost (Le\u00f3n XIV) Prior General de la Orden de los Agustinos en esos d\u00edas, oficiando una misa en el Colegio San Agust\u00edn ubicado en la calle Ag\u00fcero al 2300 en el barrio de Recoleta de","og_url":"https:\/\/fmradiocultura.com.ar\/site2025\/dos-papas-en-buenos-aires\/","og_site_name":"Radio Cultura","article_publisher":"https:\/\/www.facebook.com\/radioculturaba\/","article_published_time":"2025-05-09T17:59:29+00:00","og_image":[{"width":860,"height":516,"url":"https:\/\/fmradiocultura.com.ar\/site2025\/wp-content\/uploads\/2025\/05\/900-0-1746440044xscreenshot-45-643.webp","type":"image\/webp"}],"author":"Radio Cultura Grabaciones","twitter_card":"summary_large_image","twitter_creator":"@radioculturaba","twitter_site":"@radioculturaba","twitter_misc":{"Escrito por":"Radio Cultura Grabaciones"},"schema":{"@context":"https:\/\/schema.org","@graph":[{"@type":"Article","@id":"https:\/\/fmradiocultura.com.ar\/site2025\/dos-papas-en-buenos-aires\/#article","isPartOf":{"@id":"https:\/\/fmradiocultura.com.ar\/site2025\/dos-papas-en-buenos-aires\/"},"author":{"name":"Radio Cultura Grabaciones","@id":"https:\/\/fmradiocultura.com.ar\/site2025\/#\/schema\/person\/6f765d6bfc9650d983919b59d949e9db"},"headline":"Dos papas en Buenos Aires","datePublished":"2025-05-09T17:59:29+00:00","mainEntityOfPage":{"@id":"https:\/\/fmradiocultura.com.ar\/site2025\/dos-papas-en-buenos-aires\/"},"wordCount":84,"publisher":{"@id":"https:\/\/fmradiocultura.com.ar\/site2025\/#organization"},"image":{"@id":"https:\/\/fmradiocultura.com.ar\/site2025\/dos-papas-en-buenos-aires\/#primaryimage"},"thumbnailUrl":"https:\/\/fmradiocultura.com.ar\/site2025\/wp-content\/uploads\/2025\/05\/900-0-1746440044xscreenshot-45-643.webp","articleSection":["Noticias"],"inLanguage":"es"},{"@type":"WebPage","@id":"https:\/\/fmradiocultura.com.ar\/site2025\/dos-papas-en-buenos-aires\/","url":"https:\/\/fmradiocultura.com.ar\/site2025\/dos-papas-en-buenos-aires\/","name":"Dos papas en Buenos Aires &#8211; Radio Cultura","isPartOf":{"@id":"https:\/\/fmradiocultura.com.ar\/site2025\/#website"},"primaryImageOfPage":{"@id":"https:\/\/fmradiocultura.com.ar\/site2025\/dos-papas-en-buenos-aires\/#primaryimage"},"image":{"@id":"https:\/\/fmradiocultura.com.ar\/site2025\/dos-papas-en-buenos-aires\/#primaryimage"},"thumbnailUrl":"https:\/\/fmradiocultura.com.ar\/site2025\/wp-content\/uploads\/2025\/05\/900-0-1746440044xscreenshot-45-643.webp","datePublished":"2025-05-09T17:59:29+00:00","breadcrumb":{"@id":"https:\/\/fmradiocultura.com.ar\/site2025\/dos-papas-en-buenos-aires\/#breadcrumb"},"inLanguage":"es","potentialAction":[{"@type":"ReadAction","target":["https:\/\/fmradiocultura.com.ar\/site2025\/dos-papas-en-buenos-aires\/"]}]},{"@type":"ImageObject","inLanguage":"es","@id":"https:\/\/fmradiocultura.com.ar\/site2025\/dos-papas-en-buenos-aires\/#primaryimage","url":"https:\/\/fmradiocultura.com.ar\/site2025\/wp-content\/uploads\/2025\/05\/900-0-1746440044xscreenshot-45-643.webp","contentUrl":"https:\/\/fmradiocultura.com.ar\/site2025\/wp-content\/uploads\/2025\/05\/900-0-1746440044xscreenshot-45-643.webp","width":860,"height":516},{"@type":"BreadcrumbList","@id":"https:\/\/fmradiocultura.com.ar\/site2025\/dos-papas-en-buenos-aires\/#breadcrumb","itemListElement":[{"@type":"ListItem","position":1,"name":"Portada","item":"https:\/\/fmradiocultura.com.ar\/site2025\/"},{"@type":"ListItem","position":2,"name":"Dos papas en Buenos Aires"}]},{"@type":"WebSite","@id":"https:\/\/fmradiocultura.com.ar\/site2025\/#website","url":"https:\/\/fmradiocultura.com.ar\/site2025\/","name":"Radio Cultura","description":"Es un medio independiente que busca difundir arte, cultura y turismo cultural al mundo hispanohablante.","publisher":{"@id":"https:\/\/fmradiocultura.com.ar\/site2025\/#organization"},"alternateName":"fmradiocultura.com.ar","potentialAction":[{"@type":"SearchAction","target":{"@type":"EntryPoint","urlTemplate":"https:\/\/fmradiocultura.com.ar\/site2025\/?s={search_term_string}"},"query-input":{"@type":"PropertyValueSpecification","valueRequired":true,"valueName":"search_term_string"}}],"inLanguage":"es"},{"@type":"Organization","@id":"https:\/\/fmradiocultura.com.ar\/site2025\/#organization","name":"Radio Cultura","alternateName":"fmradiocultura.com.ar","url":"https:\/\/fmradiocultura.com.ar\/site2025\/","logo":{"@type":"ImageObject","inLanguage":"es","@id":"https:\/\/fmradiocultura.com.ar\/site2025\/#\/schema\/logo\/image\/","url":"https:\/\/fmradiocultura.com.ar\/site2025\/wp-content\/uploads\/2025\/06\/Logo-RC-ok-1080x1080-vertical.jpg","contentUrl":"https:\/\/fmradiocultura.com.ar\/site2025\/wp-content\/uploads\/2025\/06\/Logo-RC-ok-1080x1080-vertical.jpg","width":1080,"height":1080,"caption":"Radio Cultura"},"image":{"@id":"https:\/\/fmradiocultura.com.ar\/site2025\/#\/schema\/logo\/image\/"},"sameAs":["https:\/\/www.facebook.com\/radioculturaba\/","https:\/\/x.com\/radioculturaba","https:\/\/www.instagram.com\/radioculturaba"]},{"@type":"Person","@id":"https:\/\/fmradiocultura.com.ar\/site2025\/#\/schema\/person\/6f765d6bfc9650d983919b59d949e9db","name":"Radio Cultura Grabaciones","image":{"@type":"ImageObject","inLanguage":"es","@id":"https:\/\/secure.gravatar.com\/avatar\/8e79b0e36cc5f1f6ef54a7e0ab09fb82fbde6c64a384dec1fe7ba59adf948cc9?s=96&d=mm&r=g","url":"https:\/\/secure.gravatar.com\/avatar\/8e79b0e36cc5f1f6ef54a7e0ab09fb82fbde6c64a384dec1fe7ba59adf948cc9?s=96&d=mm&r=g","contentUrl":"https:\/\/secure.gravatar.com\/avatar\/8e79b0e36cc5f1f6ef54a7e0ab09fb82fbde6c64a384dec1fe7ba59adf948cc9?s=96&d=mm&r=g","caption":"Radio Cultura Grabaciones"},"sameAs":["https:\/\/www.fmradiocultura.com.ar"],"url":"https:\/\/fmradiocultura.com.ar\/site2025\/author\/grabaciones\/"}]}},"_links":{"self":[{"href":"https:\/\/fmradiocultura.com.ar\/site2025\/wp-json\/wp\/v2\/posts\/65323","targetHints":{"allow":["GET"]}}],"collection":[{"href":"https:\/\/fmradiocultura.com.ar\/site2025\/wp-json\/wp\/v2\/posts"}],"about":[{"href":"https:\/\/fmradiocultura.com.ar\/site2025\/wp-json\/wp\/v2\/types\/post"}],"author":[{"embeddable":true,"href":"https:\/\/fmradiocultura.com.ar\/site2025\/wp-json\/wp\/v2\/users\/4"}],"replies":[{"embeddable":true,"href":"https:\/\/fmradiocultura.com.ar\/site2025\/wp-json\/wp\/v2\/comments?post=65323"}],"version-history":[{"count":0,"href":"https:\/\/fmradiocultura.com.ar\/site2025\/wp-json\/wp\/v2\/posts\/65323\/revisions"}],"wp:featuredmedia":[{"embeddable":true,"href":"https:\/\/fmradiocultura.com.ar\/site2025\/wp-json\/wp\/v2\/media\/65325"}],"wp:attachment":[{"href":"https:\/\/fmradiocultura.com.ar\/site2025\/wp-json\/wp\/v2\/media?parent=65323"}],"wp:term":[{"taxonomy":"category","embeddable":true,"href":"https:\/\/fmradiocultura.com.ar\/site2025\/wp-json\/wp\/v2\/categories?post=65323"},{"taxonomy":"post_tag","embeddable":true,"href":"https:\/\/fmradiocultura.com.ar\/site2025\/wp-json\/wp\/v2\/tags?post=65323"}],"curies":[{"name":"wp","href":"https:\/\/api.w.org\/{rel}","templated":true}]}}