{"id":64104,"date":"2025-03-06T18:20:20","date_gmt":"2025-03-06T21:20:20","guid":{"rendered":"https:\/\/www.fmradiocultura.com.ar\/?p=64104"},"modified":"2025-03-06T18:20:20","modified_gmt":"2025-03-06T21:20:20","slug":"continua-intermitencias-destellos-y-continuidades-en-el-museo-sivori","status":"publish","type":"post","link":"https:\/\/fmradiocultura.com.ar\/site2025\/continua-intermitencias-destellos-y-continuidades-en-el-museo-sivori\/","title":{"rendered":"Contin\u00faa Intermitencias, destellos y continuidades en el Museo S\u00edvori"},"content":{"rendered":"<p>&nbsp;<\/p>\n<p>El <strong>Museo de Arte Espa\u00f1ol Enrique Larreta<\/strong> y el <strong>Museo de Artes Pl\u00e1sticas Eduardo S\u00edvori<\/strong> presentan en conjunto \u201cIntermitencias, destellos y continuidades. Un encuentro inesperado entre <strong>Silvia Gurfein<\/strong> y <strong>Agust\u00edn Riganelli<\/strong>\u201d. La muestra podr\u00e1 visitarse desde el jueves 5 de diciembre en la sede del <strong>Museo Larreta<\/strong> (Av. Juramento 2291), que se convertir\u00e1 as\u00ed en el escenario de un encuentro donde se vincular\u00e1n las obras de dos destacados artistas. La exhibici\u00f3n, curada por<strong> Teresa Riccardi<\/strong>, directora del Museo S\u00edvori, re\u00fane obras que dialogan en las salas temporarias del espacio neocl\u00e1sico del Larreta, marcando un punto de encuentro entre dos lenguajes art\u00edsticos que, aunque distintos, comparten resonancias profundas.<\/p>\n<p>Esta colaboraci\u00f3n es fruto del trabajo en red de Museos BA, la plataforma dependiente del <strong>Ministerio de Cultura porte\u00f1o<\/strong> que re\u00fane a los museos p\u00fablicos de la Ciudad de Buenos Aires, incluidos los museos Larreta y S\u00edvori. La importancia de este enfoque colectivo radica en fomentar iniciativas que permitan generar cruces entre instituciones, artistas y colecciones, enriqueciendo as\u00ed la oferta cultural de la Ciudad. Aunque el Larreta y el S\u00edvori se destacan por las diferencias en sus colecciones permanentes, esta exhibici\u00f3n demuestra c\u00f3mo ambos pueden converger en un terreno com\u00fan para reflexionar sobre las m\u00faltiples facetas del arte contempor\u00e1neo, invitando al p\u00fablico a descubrir nuevas conexiones y perspectivas.<\/p>\n<p><strong><img fetchpriority=\"high\" decoding=\"async\" class=\"alignnone size-full wp-image-64107\" src=\"https:\/\/fmradiocultura.com.ar\/site2025\/wp-content\/uploads\/2025\/03\/Agustin-Riganelli-03.jpg\" alt=\"\" width=\"747\" height=\"427\" srcset=\"https:\/\/fmradiocultura.com.ar\/site2025\/wp-content\/uploads\/2025\/03\/Agustin-Riganelli-03.jpg 747w, https:\/\/fmradiocultura.com.ar\/site2025\/wp-content\/uploads\/2025\/03\/Agustin-Riganelli-03-300x171.jpg 300w, https:\/\/fmradiocultura.com.ar\/site2025\/wp-content\/uploads\/2025\/03\/Agustin-Riganelli-03-150x86.jpg 150w, https:\/\/fmradiocultura.com.ar\/site2025\/wp-content\/uploads\/2025\/03\/Agustin-Riganelli-03-450x257.jpg 450w\" sizes=\"(max-width: 747px) 100vw, 747px\" \/><\/strong><\/p>\n<p><strong>Las obras: exploraciones entre lo dom\u00e9stico y lo c\u00f3smico<\/strong><\/p>\n<p>En las piezas seleccionadas, la obra de Gurfein y la de Riganelli convergen en un repertorio que aborda motivos dom\u00e9sticos y naturales, transitando un terreno de soledad e intimidad c\u00f3smica. Sus creaciones se despliegan en un di\u00e1logo entre t\u00e9cnicas diversas, donde tonos diurnos y taciturnos resaltan aspectos \u00fanicos de cada artista.<\/p>\n<p><strong>Silvia Gurfein<\/strong>, artista de sutil profundidad conceptual, explora los pliegues del tiempo y la materia a trav\u00e9s de veladuras y superposiciones que imprimen en sus pinturas una sensaci\u00f3n de insistencia y abandono, revelando as\u00ed un proceso meticuloso que oscila entre lo presente y lo latente.<\/p>\n<p>Por otro lado, <strong>Agust\u00edn Riganelli<\/strong>, descrito como \u201cel artista omn\u00edmodo\u201d por Pagano, presenta un dominio t\u00e9cnico excepcional. Su obra destaca por el manejo del vac\u00edo, donde las l\u00edneas a mano alzada modelan formas y colores con precisi\u00f3n, dejando al descubierto la carga pl\u00e1stica que definen sus herramientas y sus t\u00e9cnicas de impresi\u00f3n \u00fanicas.<\/p>\n<p><strong><img decoding=\"async\" class=\"alignnone wp-image-64108\" src=\"https:\/\/fmradiocultura.com.ar\/site2025\/wp-content\/uploads\/2025\/03\/images-4.jpg\" alt=\"\" width=\"738\" height=\"553\" srcset=\"https:\/\/fmradiocultura.com.ar\/site2025\/wp-content\/uploads\/2025\/03\/images-4.jpg 259w, https:\/\/fmradiocultura.com.ar\/site2025\/wp-content\/uploads\/2025\/03\/images-4-150x112.jpg 150w\" sizes=\"(max-width: 738px) 100vw, 738px\" \/><\/strong><\/p>\n<p><strong>Un di\u00e1logo entre lo ritual y lo simb\u00f3lico<\/strong><\/p>\n<p>M\u00e1s all\u00e1 de las t\u00e9cnicas y los motivos, la exhibici\u00f3n teje un relato sobre las formas rituales y las conversaciones simb\u00f3licas que conectan a estos artistas con dimensiones m\u00e1s amplias. En este contexto, sus obras evocan otros seres y mundos, como la figura m\u00edtica de Selene, acerc\u00e1ndose a las resonancias de las esferas celestes.<\/p>\n<p>Esta exhibici\u00f3n, resultado de la colaboraci\u00f3n entre el Museo Larreta y el Museo S\u00edvori, ofrece una oportunidad para descubrir los destellos y las continuidades de dos trayectorias que, desde sus particularidades, logran entrelazarse en un encuentro inesperado y profundamente significativo.<\/p>\n<p>&nbsp;<\/p>\n","protected":false},"excerpt":{"rendered":"<p>&nbsp; El Museo de Arte Espa\u00f1ol Enrique Larreta y el Museo de Artes Pl\u00e1sticas Eduardo S\u00edvori presentan en conjunto \u201cIntermitencias, destellos y continuidades. Un encuentro inesperado entre Silvia Gurfein y Agust\u00edn Riganelli\u201d. La muestra podr\u00e1 visitarse desde el jueves 5 de diciembre en la sede del Museo Larreta (Av. Juramento 2291), que se convertir\u00e1 as\u00ed<\/p>\n","protected":false},"author":6,"featured_media":64106,"comment_status":"closed","ping_status":"closed","sticky":false,"template":"","format":"standard","meta":{"footnotes":""},"categories":[116,208],"tags":[692,660,693,694,673,695],"class_list":{"0":"post-64104","1":"post","2":"type-post","3":"status-publish","4":"format-standard","5":"has-post-thumbnail","7":"category-arte","8":"category-recomendado","9":"tag-agustin-riganelli","10":"tag-ministerio-de-cultura-porteno","11":"tag-museo-de-arte-espanol-enrique-larreta","12":"tag-museo-de-artes-plasticas-eduardo-sivori","13":"tag-silvia-gurfein","14":"tag-teresa-riccardi"},"yoast_head":"<!-- This site is optimized with the Yoast SEO plugin v27.2 - https:\/\/yoast.com\/product\/yoast-seo-wordpress\/ -->\n<title>Contin\u00faa Intermitencias, destellos y continuidades en el Museo S\u00edvori &#8211; Radio Cultura<\/title>\n<meta name=\"robots\" content=\"noindex, follow, max-snippet:-1, max-image-preview:large, max-video-preview:-1\" \/>\n<meta property=\"og:locale\" content=\"es_ES\" \/>\n<meta property=\"og:type\" content=\"article\" \/>\n<meta property=\"og:title\" content=\"Contin\u00faa Intermitencias, destellos y continuidades en el Museo S\u00edvori &#8211; Radio Cultura\" \/>\n<meta property=\"og:description\" content=\"&nbsp; El Museo de Arte Espa\u00f1ol Enrique Larreta y el Museo de Artes Pl\u00e1sticas Eduardo S\u00edvori presentan en conjunto \u201cIntermitencias, destellos y continuidades. Un encuentro inesperado entre Silvia Gurfein y Agust\u00edn Riganelli\u201d. La muestra podr\u00e1 visitarse desde el jueves 5 de diciembre en la sede del Museo Larreta (Av. Juramento 2291), que se convertir\u00e1 as\u00ed\" \/>\n<meta property=\"og:url\" content=\"https:\/\/fmradiocultura.com.ar\/site2025\/continua-intermitencias-destellos-y-continuidades-en-el-museo-sivori\/\" \/>\n<meta property=\"og:site_name\" content=\"Radio Cultura\" \/>\n<meta property=\"article:publisher\" content=\"https:\/\/www.facebook.com\/radioculturaba\/\" \/>\n<meta property=\"article:published_time\" content=\"2025-03-06T21:20:20+00:00\" \/>\n<meta property=\"og:image\" content=\"https:\/\/fmradiocultura.com.ar\/site2025\/wp-content\/uploads\/2025\/03\/images-5.jpg\" \/>\n\t<meta property=\"og:image:width\" content=\"225\" \/>\n\t<meta property=\"og:image:height\" content=\"225\" \/>\n\t<meta property=\"og:image:type\" content=\"image\/jpeg\" \/>\n<meta name=\"author\" content=\"Pablo De Vita\" \/>\n<meta name=\"twitter:card\" content=\"summary_large_image\" \/>\n<meta name=\"twitter:creator\" content=\"@radioculturaba\" \/>\n<meta name=\"twitter:site\" content=\"@radioculturaba\" \/>\n<meta name=\"twitter:label1\" content=\"Escrito por\" \/>\n\t<meta name=\"twitter:data1\" content=\"Pablo De Vita\" \/>\n\t<meta name=\"twitter:label2\" content=\"Tiempo de lectura\" \/>\n\t<meta name=\"twitter:data2\" content=\"3 minutos\" \/>\n<script type=\"application\/ld+json\" class=\"yoast-schema-graph\">{\"@context\":\"https:\/\/schema.org\",\"@graph\":[{\"@type\":\"Article\",\"@id\":\"https:\/\/fmradiocultura.com.ar\/site2025\/continua-intermitencias-destellos-y-continuidades-en-el-museo-sivori\/#article\",\"isPartOf\":{\"@id\":\"https:\/\/fmradiocultura.com.ar\/site2025\/continua-intermitencias-destellos-y-continuidades-en-el-museo-sivori\/\"},\"author\":{\"name\":\"Pablo De Vita\",\"@id\":\"https:\/\/fmradiocultura.com.ar\/site2025\/#\/schema\/person\/4129cff584253bb9de3d3bd6cbf21d60\"},\"headline\":\"Contin\u00faa Intermitencias, destellos y continuidades en el Museo S\u00edvori\",\"datePublished\":\"2025-03-06T21:20:20+00:00\",\"mainEntityOfPage\":{\"@id\":\"https:\/\/fmradiocultura.com.ar\/site2025\/continua-intermitencias-destellos-y-continuidades-en-el-museo-sivori\/\"},\"wordCount\":537,\"publisher\":{\"@id\":\"https:\/\/fmradiocultura.com.ar\/site2025\/#organization\"},\"image\":{\"@id\":\"https:\/\/fmradiocultura.com.ar\/site2025\/continua-intermitencias-destellos-y-continuidades-en-el-museo-sivori\/#primaryimage\"},\"thumbnailUrl\":\"https:\/\/fmradiocultura.com.ar\/site2025\/wp-content\/uploads\/2025\/03\/images-5.jpg\",\"keywords\":[\"Agust\u00edn Riganelli\",\"Ministerio de Cultura porte\u00f1o\",\"Museo de Arte Espa\u00f1ol Enrique Larreta\",\"Museo de Artes Pl\u00e1sticas Eduardo S\u00edvori\",\"Silvia Gurfein\",\"Teresa Riccardi\"],\"articleSection\":[\"Arte\",\"Recomendado\"],\"inLanguage\":\"es\"},{\"@type\":\"WebPage\",\"@id\":\"https:\/\/fmradiocultura.com.ar\/site2025\/continua-intermitencias-destellos-y-continuidades-en-el-museo-sivori\/\",\"url\":\"https:\/\/fmradiocultura.com.ar\/site2025\/continua-intermitencias-destellos-y-continuidades-en-el-museo-sivori\/\",\"name\":\"Contin\u00faa Intermitencias, destellos y continuidades en el Museo S\u00edvori &#8211; Radio Cultura\",\"isPartOf\":{\"@id\":\"https:\/\/fmradiocultura.com.ar\/site2025\/#website\"},\"primaryImageOfPage\":{\"@id\":\"https:\/\/fmradiocultura.com.ar\/site2025\/continua-intermitencias-destellos-y-continuidades-en-el-museo-sivori\/#primaryimage\"},\"image\":{\"@id\":\"https:\/\/fmradiocultura.com.ar\/site2025\/continua-intermitencias-destellos-y-continuidades-en-el-museo-sivori\/#primaryimage\"},\"thumbnailUrl\":\"https:\/\/fmradiocultura.com.ar\/site2025\/wp-content\/uploads\/2025\/03\/images-5.jpg\",\"datePublished\":\"2025-03-06T21:20:20+00:00\",\"breadcrumb\":{\"@id\":\"https:\/\/fmradiocultura.com.ar\/site2025\/continua-intermitencias-destellos-y-continuidades-en-el-museo-sivori\/#breadcrumb\"},\"inLanguage\":\"es\",\"potentialAction\":[{\"@type\":\"ReadAction\",\"target\":[\"https:\/\/fmradiocultura.com.ar\/site2025\/continua-intermitencias-destellos-y-continuidades-en-el-museo-sivori\/\"]}]},{\"@type\":\"ImageObject\",\"inLanguage\":\"es\",\"@id\":\"https:\/\/fmradiocultura.com.ar\/site2025\/continua-intermitencias-destellos-y-continuidades-en-el-museo-sivori\/#primaryimage\",\"url\":\"https:\/\/fmradiocultura.com.ar\/site2025\/wp-content\/uploads\/2025\/03\/images-5.jpg\",\"contentUrl\":\"https:\/\/fmradiocultura.com.ar\/site2025\/wp-content\/uploads\/2025\/03\/images-5.jpg\",\"width\":225,\"height\":225},{\"@type\":\"BreadcrumbList\",\"@id\":\"https:\/\/fmradiocultura.com.ar\/site2025\/continua-intermitencias-destellos-y-continuidades-en-el-museo-sivori\/#breadcrumb\",\"itemListElement\":[{\"@type\":\"ListItem\",\"position\":1,\"name\":\"Portada\",\"item\":\"https:\/\/fmradiocultura.com.ar\/site2025\/\"},{\"@type\":\"ListItem\",\"position\":2,\"name\":\"Contin\u00faa Intermitencias, destellos y continuidades en el Museo S\u00edvori\"}]},{\"@type\":\"WebSite\",\"@id\":\"https:\/\/fmradiocultura.com.ar\/site2025\/#website\",\"url\":\"https:\/\/fmradiocultura.com.ar\/site2025\/\",\"name\":\"Radio Cultura\",\"description\":\"Es un medio independiente que busca difundir arte, cultura y turismo cultural al mundo hispanohablante.\",\"publisher\":{\"@id\":\"https:\/\/fmradiocultura.com.ar\/site2025\/#organization\"},\"alternateName\":\"fmradiocultura.com.ar\",\"potentialAction\":[{\"@type\":\"SearchAction\",\"target\":{\"@type\":\"EntryPoint\",\"urlTemplate\":\"https:\/\/fmradiocultura.com.ar\/site2025\/?s={search_term_string}\"},\"query-input\":{\"@type\":\"PropertyValueSpecification\",\"valueRequired\":true,\"valueName\":\"search_term_string\"}}],\"inLanguage\":\"es\"},{\"@type\":\"Organization\",\"@id\":\"https:\/\/fmradiocultura.com.ar\/site2025\/#organization\",\"name\":\"Radio Cultura\",\"alternateName\":\"fmradiocultura.com.ar\",\"url\":\"https:\/\/fmradiocultura.com.ar\/site2025\/\",\"logo\":{\"@type\":\"ImageObject\",\"inLanguage\":\"es\",\"@id\":\"https:\/\/fmradiocultura.com.ar\/site2025\/#\/schema\/logo\/image\/\",\"url\":\"https:\/\/fmradiocultura.com.ar\/site2025\/wp-content\/uploads\/2025\/06\/Logo-RC-ok-1080x1080-vertical.jpg\",\"contentUrl\":\"https:\/\/fmradiocultura.com.ar\/site2025\/wp-content\/uploads\/2025\/06\/Logo-RC-ok-1080x1080-vertical.jpg\",\"width\":1080,\"height\":1080,\"caption\":\"Radio Cultura\"},\"image\":{\"@id\":\"https:\/\/fmradiocultura.com.ar\/site2025\/#\/schema\/logo\/image\/\"},\"sameAs\":[\"https:\/\/www.facebook.com\/radioculturaba\/\",\"https:\/\/x.com\/radioculturaba\",\"https:\/\/www.instagram.com\/radioculturaba\"]},{\"@type\":\"Person\",\"@id\":\"https:\/\/fmradiocultura.com.ar\/site2025\/#\/schema\/person\/4129cff584253bb9de3d3bd6cbf21d60\",\"name\":\"Pablo De Vita\",\"image\":{\"@type\":\"ImageObject\",\"inLanguage\":\"es\",\"@id\":\"https:\/\/secure.gravatar.com\/avatar\/752f82179b81dcf8cf405efdf12252c6af17c7a982b2f34f4602cef583f8a9fb?s=96&d=mm&r=g\",\"url\":\"https:\/\/secure.gravatar.com\/avatar\/752f82179b81dcf8cf405efdf12252c6af17c7a982b2f34f4602cef583f8a9fb?s=96&d=mm&r=g\",\"contentUrl\":\"https:\/\/secure.gravatar.com\/avatar\/752f82179b81dcf8cf405efdf12252c6af17c7a982b2f34f4602cef583f8a9fb?s=96&d=mm&r=g\",\"caption\":\"Pablo De Vita\"},\"url\":\"https:\/\/fmradiocultura.com.ar\/site2025\/author\/pablodevita\/\"}]}<\/script>\n<!-- \/ Yoast SEO plugin. -->","yoast_head_json":{"title":"Contin\u00faa Intermitencias, destellos y continuidades en el Museo S\u00edvori &#8211; Radio Cultura","robots":{"index":"noindex","follow":"follow","max-snippet":"max-snippet:-1","max-image-preview":"max-image-preview:large","max-video-preview":"max-video-preview:-1"},"og_locale":"es_ES","og_type":"article","og_title":"Contin\u00faa Intermitencias, destellos y continuidades en el Museo S\u00edvori &#8211; Radio Cultura","og_description":"&nbsp; El Museo de Arte Espa\u00f1ol Enrique Larreta y el Museo de Artes Pl\u00e1sticas Eduardo S\u00edvori presentan en conjunto \u201cIntermitencias, destellos y continuidades. Un encuentro inesperado entre Silvia Gurfein y Agust\u00edn Riganelli\u201d. La muestra podr\u00e1 visitarse desde el jueves 5 de diciembre en la sede del Museo Larreta (Av. Juramento 2291), que se convertir\u00e1 as\u00ed","og_url":"https:\/\/fmradiocultura.com.ar\/site2025\/continua-intermitencias-destellos-y-continuidades-en-el-museo-sivori\/","og_site_name":"Radio Cultura","article_publisher":"https:\/\/www.facebook.com\/radioculturaba\/","article_published_time":"2025-03-06T21:20:20+00:00","og_image":[{"width":225,"height":225,"url":"https:\/\/fmradiocultura.com.ar\/site2025\/wp-content\/uploads\/2025\/03\/images-5.jpg","type":"image\/jpeg"}],"author":"Pablo De Vita","twitter_card":"summary_large_image","twitter_creator":"@radioculturaba","twitter_site":"@radioculturaba","twitter_misc":{"Escrito por":"Pablo De Vita","Tiempo de lectura":"3 minutos"},"schema":{"@context":"https:\/\/schema.org","@graph":[{"@type":"Article","@id":"https:\/\/fmradiocultura.com.ar\/site2025\/continua-intermitencias-destellos-y-continuidades-en-el-museo-sivori\/#article","isPartOf":{"@id":"https:\/\/fmradiocultura.com.ar\/site2025\/continua-intermitencias-destellos-y-continuidades-en-el-museo-sivori\/"},"author":{"name":"Pablo De Vita","@id":"https:\/\/fmradiocultura.com.ar\/site2025\/#\/schema\/person\/4129cff584253bb9de3d3bd6cbf21d60"},"headline":"Contin\u00faa Intermitencias, destellos y continuidades en el Museo S\u00edvori","datePublished":"2025-03-06T21:20:20+00:00","mainEntityOfPage":{"@id":"https:\/\/fmradiocultura.com.ar\/site2025\/continua-intermitencias-destellos-y-continuidades-en-el-museo-sivori\/"},"wordCount":537,"publisher":{"@id":"https:\/\/fmradiocultura.com.ar\/site2025\/#organization"},"image":{"@id":"https:\/\/fmradiocultura.com.ar\/site2025\/continua-intermitencias-destellos-y-continuidades-en-el-museo-sivori\/#primaryimage"},"thumbnailUrl":"https:\/\/fmradiocultura.com.ar\/site2025\/wp-content\/uploads\/2025\/03\/images-5.jpg","keywords":["Agust\u00edn Riganelli","Ministerio de Cultura porte\u00f1o","Museo de Arte Espa\u00f1ol Enrique Larreta","Museo de Artes Pl\u00e1sticas Eduardo S\u00edvori","Silvia Gurfein","Teresa Riccardi"],"articleSection":["Arte","Recomendado"],"inLanguage":"es"},{"@type":"WebPage","@id":"https:\/\/fmradiocultura.com.ar\/site2025\/continua-intermitencias-destellos-y-continuidades-en-el-museo-sivori\/","url":"https:\/\/fmradiocultura.com.ar\/site2025\/continua-intermitencias-destellos-y-continuidades-en-el-museo-sivori\/","name":"Contin\u00faa Intermitencias, destellos y continuidades en el Museo S\u00edvori &#8211; Radio Cultura","isPartOf":{"@id":"https:\/\/fmradiocultura.com.ar\/site2025\/#website"},"primaryImageOfPage":{"@id":"https:\/\/fmradiocultura.com.ar\/site2025\/continua-intermitencias-destellos-y-continuidades-en-el-museo-sivori\/#primaryimage"},"image":{"@id":"https:\/\/fmradiocultura.com.ar\/site2025\/continua-intermitencias-destellos-y-continuidades-en-el-museo-sivori\/#primaryimage"},"thumbnailUrl":"https:\/\/fmradiocultura.com.ar\/site2025\/wp-content\/uploads\/2025\/03\/images-5.jpg","datePublished":"2025-03-06T21:20:20+00:00","breadcrumb":{"@id":"https:\/\/fmradiocultura.com.ar\/site2025\/continua-intermitencias-destellos-y-continuidades-en-el-museo-sivori\/#breadcrumb"},"inLanguage":"es","potentialAction":[{"@type":"ReadAction","target":["https:\/\/fmradiocultura.com.ar\/site2025\/continua-intermitencias-destellos-y-continuidades-en-el-museo-sivori\/"]}]},{"@type":"ImageObject","inLanguage":"es","@id":"https:\/\/fmradiocultura.com.ar\/site2025\/continua-intermitencias-destellos-y-continuidades-en-el-museo-sivori\/#primaryimage","url":"https:\/\/fmradiocultura.com.ar\/site2025\/wp-content\/uploads\/2025\/03\/images-5.jpg","contentUrl":"https:\/\/fmradiocultura.com.ar\/site2025\/wp-content\/uploads\/2025\/03\/images-5.jpg","width":225,"height":225},{"@type":"BreadcrumbList","@id":"https:\/\/fmradiocultura.com.ar\/site2025\/continua-intermitencias-destellos-y-continuidades-en-el-museo-sivori\/#breadcrumb","itemListElement":[{"@type":"ListItem","position":1,"name":"Portada","item":"https:\/\/fmradiocultura.com.ar\/site2025\/"},{"@type":"ListItem","position":2,"name":"Contin\u00faa Intermitencias, destellos y continuidades en el Museo S\u00edvori"}]},{"@type":"WebSite","@id":"https:\/\/fmradiocultura.com.ar\/site2025\/#website","url":"https:\/\/fmradiocultura.com.ar\/site2025\/","name":"Radio Cultura","description":"Es un medio independiente que busca difundir arte, cultura y turismo cultural al mundo hispanohablante.","publisher":{"@id":"https:\/\/fmradiocultura.com.ar\/site2025\/#organization"},"alternateName":"fmradiocultura.com.ar","potentialAction":[{"@type":"SearchAction","target":{"@type":"EntryPoint","urlTemplate":"https:\/\/fmradiocultura.com.ar\/site2025\/?s={search_term_string}"},"query-input":{"@type":"PropertyValueSpecification","valueRequired":true,"valueName":"search_term_string"}}],"inLanguage":"es"},{"@type":"Organization","@id":"https:\/\/fmradiocultura.com.ar\/site2025\/#organization","name":"Radio Cultura","alternateName":"fmradiocultura.com.ar","url":"https:\/\/fmradiocultura.com.ar\/site2025\/","logo":{"@type":"ImageObject","inLanguage":"es","@id":"https:\/\/fmradiocultura.com.ar\/site2025\/#\/schema\/logo\/image\/","url":"https:\/\/fmradiocultura.com.ar\/site2025\/wp-content\/uploads\/2025\/06\/Logo-RC-ok-1080x1080-vertical.jpg","contentUrl":"https:\/\/fmradiocultura.com.ar\/site2025\/wp-content\/uploads\/2025\/06\/Logo-RC-ok-1080x1080-vertical.jpg","width":1080,"height":1080,"caption":"Radio Cultura"},"image":{"@id":"https:\/\/fmradiocultura.com.ar\/site2025\/#\/schema\/logo\/image\/"},"sameAs":["https:\/\/www.facebook.com\/radioculturaba\/","https:\/\/x.com\/radioculturaba","https:\/\/www.instagram.com\/radioculturaba"]},{"@type":"Person","@id":"https:\/\/fmradiocultura.com.ar\/site2025\/#\/schema\/person\/4129cff584253bb9de3d3bd6cbf21d60","name":"Pablo De Vita","image":{"@type":"ImageObject","inLanguage":"es","@id":"https:\/\/secure.gravatar.com\/avatar\/752f82179b81dcf8cf405efdf12252c6af17c7a982b2f34f4602cef583f8a9fb?s=96&d=mm&r=g","url":"https:\/\/secure.gravatar.com\/avatar\/752f82179b81dcf8cf405efdf12252c6af17c7a982b2f34f4602cef583f8a9fb?s=96&d=mm&r=g","contentUrl":"https:\/\/secure.gravatar.com\/avatar\/752f82179b81dcf8cf405efdf12252c6af17c7a982b2f34f4602cef583f8a9fb?s=96&d=mm&r=g","caption":"Pablo De Vita"},"url":"https:\/\/fmradiocultura.com.ar\/site2025\/author\/pablodevita\/"}]}},"_links":{"self":[{"href":"https:\/\/fmradiocultura.com.ar\/site2025\/wp-json\/wp\/v2\/posts\/64104","targetHints":{"allow":["GET"]}}],"collection":[{"href":"https:\/\/fmradiocultura.com.ar\/site2025\/wp-json\/wp\/v2\/posts"}],"about":[{"href":"https:\/\/fmradiocultura.com.ar\/site2025\/wp-json\/wp\/v2\/types\/post"}],"author":[{"embeddable":true,"href":"https:\/\/fmradiocultura.com.ar\/site2025\/wp-json\/wp\/v2\/users\/6"}],"replies":[{"embeddable":true,"href":"https:\/\/fmradiocultura.com.ar\/site2025\/wp-json\/wp\/v2\/comments?post=64104"}],"version-history":[{"count":0,"href":"https:\/\/fmradiocultura.com.ar\/site2025\/wp-json\/wp\/v2\/posts\/64104\/revisions"}],"wp:featuredmedia":[{"embeddable":true,"href":"https:\/\/fmradiocultura.com.ar\/site2025\/wp-json\/wp\/v2\/media\/64106"}],"wp:attachment":[{"href":"https:\/\/fmradiocultura.com.ar\/site2025\/wp-json\/wp\/v2\/media?parent=64104"}],"wp:term":[{"taxonomy":"category","embeddable":true,"href":"https:\/\/fmradiocultura.com.ar\/site2025\/wp-json\/wp\/v2\/categories?post=64104"},{"taxonomy":"post_tag","embeddable":true,"href":"https:\/\/fmradiocultura.com.ar\/site2025\/wp-json\/wp\/v2\/tags?post=64104"}],"curies":[{"name":"wp","href":"https:\/\/api.w.org\/{rel}","templated":true}]}}