{"id":64095,"date":"2025-03-06T17:44:53","date_gmt":"2025-03-06T20:44:53","guid":{"rendered":"https:\/\/www.fmradiocultura.com.ar\/?p=64095"},"modified":"2025-03-06T17:44:53","modified_gmt":"2025-03-06T20:44:53","slug":"inaugura-hilolulu-de-cintia-vietto","status":"publish","type":"post","link":"https:\/\/fmradiocultura.com.ar\/site2025\/inaugura-hilolulu-de-cintia-vietto\/","title":{"rendered":"Inaugura Hilolulu de Cintia Vietto"},"content":{"rendered":"<p>&nbsp;<\/p>\n<p><strong>Hilolulu<\/strong> es la primera exposici\u00f3n individual de <strong>Cintia Vietto<\/strong> en<strong> Galer\u00eda Mar Dulce<\/strong>. Presenta treinta peque\u00f1os cuadros en hilo, acompa\u00f1ados por una serie de esculturas figurativas en tela. <strong>Cintia Vietto<\/strong> tuvo sus comienzos creativos en la escena punk y underground de Buenos Aires, Berl\u00edn y Mosc\u00fa, en la \u00e9poca de la ca\u00edda del muro, viviendo en casas de artistas y haciendo performances en distintos escenarios culturales, junto con su compa\u00f1ero, <strong>Marcelo Weissel<\/strong>. De esa intensa \u00e9poca surgen sus primeras pinturas de gran escala con colores vibrantes, aplicados sobre una base oscura y su dise\u00f1o de ropa punk en material reciclado. En los a\u00f1os siguientes, en Buenos Aires, sus pinturas exploraban la abstracci\u00f3n, observando el juego de la luz y el color sobre la forma humana, empleando \u00f3leos en r\u00e1pidos \u00abespatulazos\u00bb para crear forma y profundidad. Su trabajo en textil pas\u00f3 a la creaci\u00f3n de esculturas figurativas, desde peque\u00f1os mu\u00f1ecos hasta gigantes raros.<\/p>\n<p><img fetchpriority=\"high\" decoding=\"async\" class=\" wp-image-64099 aligncenter\" src=\"https:\/\/fmradiocultura.com.ar\/site2025\/wp-content\/uploads\/2025\/03\/hilolulu1.jpg\" alt=\"\" width=\"1291\" height=\"819\" srcset=\"https:\/\/fmradiocultura.com.ar\/site2025\/wp-content\/uploads\/2025\/03\/hilolulu1.jpg 1080w, https:\/\/fmradiocultura.com.ar\/site2025\/wp-content\/uploads\/2025\/03\/hilolulu1-300x190.jpg 300w, https:\/\/fmradiocultura.com.ar\/site2025\/wp-content\/uploads\/2025\/03\/hilolulu1-1024x649.jpg 1024w, https:\/\/fmradiocultura.com.ar\/site2025\/wp-content\/uploads\/2025\/03\/hilolulu1-768x487.jpg 768w, https:\/\/fmradiocultura.com.ar\/site2025\/wp-content\/uploads\/2025\/03\/hilolulu1-150x95.jpg 150w, https:\/\/fmradiocultura.com.ar\/site2025\/wp-content\/uploads\/2025\/03\/hilolulu1-450x285.jpg 450w\" sizes=\"(max-width: 1291px) 100vw, 1291px\" \/><\/p>\n<p>En esta exposici\u00f3n actual, <strong>Hilolulu,<\/strong> Cintia deja la pintura al \u00f3leo de gran formato para explorar peque\u00f1as obras &#8216;pintadas&#8217; en hilos brillantes sobre base de serigraf\u00eda oscura, que en sus direcciones y tonos hacen a la forma. La t\u00e9cnica y el formato cambian, pero su pasi\u00f3n por el color y el juego con la abstracci\u00f3n \u2014o quiz\u00e1s, mejor dicho\u2014 el desenfoque, siguen siendo el hilo conductor. Tanto los cuadros como las esculturas parecen vibrar con la energ\u00eda y pasi\u00f3n con la que fueron creados. <strong>Cintia Vietto<\/strong> es una artista multifac\u00e9tica y activista cultural nacida en Buenos Aires, en 1967. Desde 1987 hasta 1993, form\u00f3 parte del grupo de arte \u201cEl Kogre\u201d y de las bandas tecnopunk \u201c213 Lechita\u201d y \u201cPhalacrocorax\u201d en la escena under de Buenos Aires, Mil\u00e1n, Berl\u00edn y Mosc\u00fa, donde cre\u00f3 obras visuales, sonoras y perform\u00e1ticas en museos y galer\u00edas de arte.<\/p>\n<p><img decoding=\"async\" class=\" wp-image-64098 alignleft\" src=\"https:\/\/fmradiocultura.com.ar\/site2025\/wp-content\/uploads\/2025\/03\/cintiavietto1.jpg\" alt=\"\" width=\"226\" height=\"340\" srcset=\"https:\/\/fmradiocultura.com.ar\/site2025\/wp-content\/uploads\/2025\/03\/cintiavietto1.jpg 498w, https:\/\/fmradiocultura.com.ar\/site2025\/wp-content\/uploads\/2025\/03\/cintiavietto1-199x300.jpg 199w, https:\/\/fmradiocultura.com.ar\/site2025\/wp-content\/uploads\/2025\/03\/cintiavietto1-150x226.jpg 150w, https:\/\/fmradiocultura.com.ar\/site2025\/wp-content\/uploads\/2025\/03\/cintiavietto1-450x678.jpg 450w\" sizes=\"(max-width: 226px) 100vw, 226px\" \/>En Argentina, Cintia fue parte de la comunidad \u201cL\u00e1piz Japon\u00e9s\u201d, dedic\u00e1ndose a la ilustraci\u00f3n y la historieta-arte. Como gestora cultural lider\u00f3, entre 2003 y 2015, el proyecto \u201cRed Identidades Productivas\u201d, en el que participaron artistas y artesanos de doce provincias argentinas en un proceso de creaci\u00f3n colectiva basado en ejes de identidad local. Desde 2022, integra el colectivo \u201cTeatrito Rioplatense de Entidades (TRE)\u201d, donde elabora objetos textiles e indumentaria. Conjuntamente con<strong> Ral Veroni<\/strong> realiz\u00f3 el libro de artistas \u201cApocalipsis de Platinia\u201d. En la actualidad se dedica a la investigaci\u00f3n pict\u00f3rica y textil. Sus \u00faltimas exhibiciones fueron \u201c\u00d3leo Punk\u201d (Galer\u00eda Alejandro Bustillo, Banco Naci\u00f3n, Buenos Aires, 2023), \u201cColor sobre negro\u201d (Galer\u00eda Central Newbery, Buenos Aires, 2023), \u201cViento, teatrito y humo\u201d (muestra del colectivo TRE, Galer\u00eda Mar Dulce, Buenos Aires, 2022) y \u201cCintia y Marcelo\u201d (Waldengallery, Buenos Aires, 2021). <strong>Galer\u00eda Mar Dulce<\/strong> se especializa en obras de peque\u00f1o y mediano formato de pintura, dibujo, grabado, libros de artista y objetos, realizadas por artistas rioplatenses cl\u00e1sicos y contempor\u00e1neos. Junto a la exposici\u00f3n de <strong>Cintia Vietto<\/strong> presenta <strong>+Colectiva87,<\/strong> una curadur\u00eda de obras realizadas por otros artistas de la galer\u00eda.<\/p>\n<p>&nbsp;<\/p>\n<p><strong>Hilolulu <\/strong>de<strong> Cintia Vietto<\/strong><br \/>\ninaugura s\u00e1bado 15 de marzo, 16-19 h<br \/>\nvisitas martes a s\u00e1bado 16-19 h, hasta el 26 de abril del 2025 en Uriarte 1490, CABA<\/p>\n<p>&nbsp;<\/p>\n<p class=\"ydp840721e9yiv4205598316MsoNormal\">\n","protected":false},"excerpt":{"rendered":"<p>&nbsp; Hilolulu es la primera exposici\u00f3n individual de Cintia Vietto en Galer\u00eda Mar Dulce. Presenta treinta peque\u00f1os cuadros en hilo, acompa\u00f1ados por una serie de esculturas figurativas en tela. Cintia Vietto tuvo sus comienzos creativos en la escena punk y underground de Buenos Aires, Berl\u00edn y Mosc\u00fa, en la \u00e9poca de la ca\u00edda del muro,<\/p>\n","protected":false},"author":6,"featured_media":64096,"comment_status":"closed","ping_status":"closed","sticky":false,"template":"","format":"standard","meta":{"footnotes":""},"categories":[116,208],"tags":[685,686,687,688,689,690,691],"class_list":{"0":"post-64095","1":"post","2":"type-post","3":"status-publish","4":"format-standard","5":"has-post-thumbnail","7":"category-arte","8":"category-recomendado","9":"tag-colectiva87","10":"tag-cintia-vietto","11":"tag-galeria-mar-dulce","12":"tag-hilolulu","13":"tag-marcelo-weissel","14":"tag-punk","15":"tag-ral-veroni"},"yoast_head":"<!-- This site is optimized with the Yoast SEO plugin v27.2 - https:\/\/yoast.com\/product\/yoast-seo-wordpress\/ -->\n<title>Inaugura Hilolulu de Cintia Vietto &#8211; Radio Cultura<\/title>\n<meta name=\"robots\" content=\"noindex, follow, max-snippet:-1, max-image-preview:large, max-video-preview:-1\" \/>\n<meta property=\"og:locale\" content=\"es_ES\" \/>\n<meta property=\"og:type\" content=\"article\" \/>\n<meta property=\"og:title\" content=\"Inaugura Hilolulu de Cintia Vietto &#8211; Radio Cultura\" \/>\n<meta property=\"og:description\" content=\"&nbsp; Hilolulu es la primera exposici\u00f3n individual de Cintia Vietto en Galer\u00eda Mar Dulce. Presenta treinta peque\u00f1os cuadros en hilo, acompa\u00f1ados por una serie de esculturas figurativas en tela. Cintia Vietto tuvo sus comienzos creativos en la escena punk y underground de Buenos Aires, Berl\u00edn y Mosc\u00fa, en la \u00e9poca de la ca\u00edda del muro,\" \/>\n<meta property=\"og:url\" content=\"https:\/\/fmradiocultura.com.ar\/site2025\/inaugura-hilolulu-de-cintia-vietto\/\" \/>\n<meta property=\"og:site_name\" content=\"Radio Cultura\" \/>\n<meta property=\"article:publisher\" content=\"https:\/\/www.facebook.com\/radioculturaba\/\" \/>\n<meta property=\"article:published_time\" content=\"2025-03-06T20:44:53+00:00\" \/>\n<meta property=\"og:image\" content=\"https:\/\/fmradiocultura.com.ar\/site2025\/wp-content\/uploads\/2025\/03\/hilolulu3.jpg\" \/>\n\t<meta property=\"og:image:width\" content=\"539\" \/>\n\t<meta property=\"og:image:height\" content=\"684\" \/>\n\t<meta property=\"og:image:type\" content=\"image\/jpeg\" \/>\n<meta name=\"author\" content=\"Pablo De Vita\" \/>\n<meta name=\"twitter:card\" content=\"summary_large_image\" \/>\n<meta name=\"twitter:creator\" content=\"@radioculturaba\" \/>\n<meta name=\"twitter:site\" content=\"@radioculturaba\" \/>\n<meta name=\"twitter:label1\" content=\"Escrito por\" \/>\n\t<meta name=\"twitter:data1\" content=\"Pablo De Vita\" \/>\n\t<meta name=\"twitter:label2\" content=\"Tiempo de lectura\" \/>\n\t<meta name=\"twitter:data2\" content=\"3 minutos\" \/>\n<script type=\"application\/ld+json\" class=\"yoast-schema-graph\">{\"@context\":\"https:\/\/schema.org\",\"@graph\":[{\"@type\":\"Article\",\"@id\":\"https:\/\/fmradiocultura.com.ar\/site2025\/inaugura-hilolulu-de-cintia-vietto\/#article\",\"isPartOf\":{\"@id\":\"https:\/\/fmradiocultura.com.ar\/site2025\/inaugura-hilolulu-de-cintia-vietto\/\"},\"author\":{\"name\":\"Pablo De Vita\",\"@id\":\"https:\/\/fmradiocultura.com.ar\/site2025\/#\/schema\/person\/4129cff584253bb9de3d3bd6cbf21d60\"},\"headline\":\"Inaugura Hilolulu de Cintia Vietto\",\"datePublished\":\"2025-03-06T20:44:53+00:00\",\"mainEntityOfPage\":{\"@id\":\"https:\/\/fmradiocultura.com.ar\/site2025\/inaugura-hilolulu-de-cintia-vietto\/\"},\"wordCount\":550,\"publisher\":{\"@id\":\"https:\/\/fmradiocultura.com.ar\/site2025\/#organization\"},\"image\":{\"@id\":\"https:\/\/fmradiocultura.com.ar\/site2025\/inaugura-hilolulu-de-cintia-vietto\/#primaryimage\"},\"thumbnailUrl\":\"https:\/\/fmradiocultura.com.ar\/site2025\/wp-content\/uploads\/2025\/03\/hilolulu3.jpg\",\"keywords\":[\"+Colectiva87\",\"Cintia Vietto\",\"Galer\u00eda Mar Dulce\",\"Hilolulu\",\"Marcelo Weissel\",\"punk\",\"Ral Veroni\"],\"articleSection\":[\"Arte\",\"Recomendado\"],\"inLanguage\":\"es\"},{\"@type\":\"WebPage\",\"@id\":\"https:\/\/fmradiocultura.com.ar\/site2025\/inaugura-hilolulu-de-cintia-vietto\/\",\"url\":\"https:\/\/fmradiocultura.com.ar\/site2025\/inaugura-hilolulu-de-cintia-vietto\/\",\"name\":\"Inaugura Hilolulu de Cintia Vietto &#8211; Radio Cultura\",\"isPartOf\":{\"@id\":\"https:\/\/fmradiocultura.com.ar\/site2025\/#website\"},\"primaryImageOfPage\":{\"@id\":\"https:\/\/fmradiocultura.com.ar\/site2025\/inaugura-hilolulu-de-cintia-vietto\/#primaryimage\"},\"image\":{\"@id\":\"https:\/\/fmradiocultura.com.ar\/site2025\/inaugura-hilolulu-de-cintia-vietto\/#primaryimage\"},\"thumbnailUrl\":\"https:\/\/fmradiocultura.com.ar\/site2025\/wp-content\/uploads\/2025\/03\/hilolulu3.jpg\",\"datePublished\":\"2025-03-06T20:44:53+00:00\",\"breadcrumb\":{\"@id\":\"https:\/\/fmradiocultura.com.ar\/site2025\/inaugura-hilolulu-de-cintia-vietto\/#breadcrumb\"},\"inLanguage\":\"es\",\"potentialAction\":[{\"@type\":\"ReadAction\",\"target\":[\"https:\/\/fmradiocultura.com.ar\/site2025\/inaugura-hilolulu-de-cintia-vietto\/\"]}]},{\"@type\":\"ImageObject\",\"inLanguage\":\"es\",\"@id\":\"https:\/\/fmradiocultura.com.ar\/site2025\/inaugura-hilolulu-de-cintia-vietto\/#primaryimage\",\"url\":\"https:\/\/fmradiocultura.com.ar\/site2025\/wp-content\/uploads\/2025\/03\/hilolulu3.jpg\",\"contentUrl\":\"https:\/\/fmradiocultura.com.ar\/site2025\/wp-content\/uploads\/2025\/03\/hilolulu3.jpg\",\"width\":539,\"height\":684},{\"@type\":\"BreadcrumbList\",\"@id\":\"https:\/\/fmradiocultura.com.ar\/site2025\/inaugura-hilolulu-de-cintia-vietto\/#breadcrumb\",\"itemListElement\":[{\"@type\":\"ListItem\",\"position\":1,\"name\":\"Portada\",\"item\":\"https:\/\/fmradiocultura.com.ar\/site2025\/\"},{\"@type\":\"ListItem\",\"position\":2,\"name\":\"Inaugura Hilolulu de Cintia Vietto\"}]},{\"@type\":\"WebSite\",\"@id\":\"https:\/\/fmradiocultura.com.ar\/site2025\/#website\",\"url\":\"https:\/\/fmradiocultura.com.ar\/site2025\/\",\"name\":\"Radio Cultura\",\"description\":\"Es un medio independiente que busca difundir arte, cultura y turismo cultural al mundo hispanohablante.\",\"publisher\":{\"@id\":\"https:\/\/fmradiocultura.com.ar\/site2025\/#organization\"},\"alternateName\":\"fmradiocultura.com.ar\",\"potentialAction\":[{\"@type\":\"SearchAction\",\"target\":{\"@type\":\"EntryPoint\",\"urlTemplate\":\"https:\/\/fmradiocultura.com.ar\/site2025\/?s={search_term_string}\"},\"query-input\":{\"@type\":\"PropertyValueSpecification\",\"valueRequired\":true,\"valueName\":\"search_term_string\"}}],\"inLanguage\":\"es\"},{\"@type\":\"Organization\",\"@id\":\"https:\/\/fmradiocultura.com.ar\/site2025\/#organization\",\"name\":\"Radio Cultura\",\"alternateName\":\"fmradiocultura.com.ar\",\"url\":\"https:\/\/fmradiocultura.com.ar\/site2025\/\",\"logo\":{\"@type\":\"ImageObject\",\"inLanguage\":\"es\",\"@id\":\"https:\/\/fmradiocultura.com.ar\/site2025\/#\/schema\/logo\/image\/\",\"url\":\"https:\/\/fmradiocultura.com.ar\/site2025\/wp-content\/uploads\/2025\/06\/Logo-RC-ok-1080x1080-vertical.jpg\",\"contentUrl\":\"https:\/\/fmradiocultura.com.ar\/site2025\/wp-content\/uploads\/2025\/06\/Logo-RC-ok-1080x1080-vertical.jpg\",\"width\":1080,\"height\":1080,\"caption\":\"Radio Cultura\"},\"image\":{\"@id\":\"https:\/\/fmradiocultura.com.ar\/site2025\/#\/schema\/logo\/image\/\"},\"sameAs\":[\"https:\/\/www.facebook.com\/radioculturaba\/\",\"https:\/\/x.com\/radioculturaba\",\"https:\/\/www.instagram.com\/radioculturaba\"]},{\"@type\":\"Person\",\"@id\":\"https:\/\/fmradiocultura.com.ar\/site2025\/#\/schema\/person\/4129cff584253bb9de3d3bd6cbf21d60\",\"name\":\"Pablo De Vita\",\"image\":{\"@type\":\"ImageObject\",\"inLanguage\":\"es\",\"@id\":\"https:\/\/secure.gravatar.com\/avatar\/752f82179b81dcf8cf405efdf12252c6af17c7a982b2f34f4602cef583f8a9fb?s=96&d=mm&r=g\",\"url\":\"https:\/\/secure.gravatar.com\/avatar\/752f82179b81dcf8cf405efdf12252c6af17c7a982b2f34f4602cef583f8a9fb?s=96&d=mm&r=g\",\"contentUrl\":\"https:\/\/secure.gravatar.com\/avatar\/752f82179b81dcf8cf405efdf12252c6af17c7a982b2f34f4602cef583f8a9fb?s=96&d=mm&r=g\",\"caption\":\"Pablo De Vita\"},\"url\":\"https:\/\/fmradiocultura.com.ar\/site2025\/author\/pablodevita\/\"}]}<\/script>\n<!-- \/ Yoast SEO plugin. -->","yoast_head_json":{"title":"Inaugura Hilolulu de Cintia Vietto &#8211; Radio Cultura","robots":{"index":"noindex","follow":"follow","max-snippet":"max-snippet:-1","max-image-preview":"max-image-preview:large","max-video-preview":"max-video-preview:-1"},"og_locale":"es_ES","og_type":"article","og_title":"Inaugura Hilolulu de Cintia Vietto &#8211; Radio Cultura","og_description":"&nbsp; Hilolulu es la primera exposici\u00f3n individual de Cintia Vietto en Galer\u00eda Mar Dulce. Presenta treinta peque\u00f1os cuadros en hilo, acompa\u00f1ados por una serie de esculturas figurativas en tela. Cintia Vietto tuvo sus comienzos creativos en la escena punk y underground de Buenos Aires, Berl\u00edn y Mosc\u00fa, en la \u00e9poca de la ca\u00edda del muro,","og_url":"https:\/\/fmradiocultura.com.ar\/site2025\/inaugura-hilolulu-de-cintia-vietto\/","og_site_name":"Radio Cultura","article_publisher":"https:\/\/www.facebook.com\/radioculturaba\/","article_published_time":"2025-03-06T20:44:53+00:00","og_image":[{"width":539,"height":684,"url":"https:\/\/fmradiocultura.com.ar\/site2025\/wp-content\/uploads\/2025\/03\/hilolulu3.jpg","type":"image\/jpeg"}],"author":"Pablo De Vita","twitter_card":"summary_large_image","twitter_creator":"@radioculturaba","twitter_site":"@radioculturaba","twitter_misc":{"Escrito por":"Pablo De Vita","Tiempo de lectura":"3 minutos"},"schema":{"@context":"https:\/\/schema.org","@graph":[{"@type":"Article","@id":"https:\/\/fmradiocultura.com.ar\/site2025\/inaugura-hilolulu-de-cintia-vietto\/#article","isPartOf":{"@id":"https:\/\/fmradiocultura.com.ar\/site2025\/inaugura-hilolulu-de-cintia-vietto\/"},"author":{"name":"Pablo De Vita","@id":"https:\/\/fmradiocultura.com.ar\/site2025\/#\/schema\/person\/4129cff584253bb9de3d3bd6cbf21d60"},"headline":"Inaugura Hilolulu de Cintia Vietto","datePublished":"2025-03-06T20:44:53+00:00","mainEntityOfPage":{"@id":"https:\/\/fmradiocultura.com.ar\/site2025\/inaugura-hilolulu-de-cintia-vietto\/"},"wordCount":550,"publisher":{"@id":"https:\/\/fmradiocultura.com.ar\/site2025\/#organization"},"image":{"@id":"https:\/\/fmradiocultura.com.ar\/site2025\/inaugura-hilolulu-de-cintia-vietto\/#primaryimage"},"thumbnailUrl":"https:\/\/fmradiocultura.com.ar\/site2025\/wp-content\/uploads\/2025\/03\/hilolulu3.jpg","keywords":["+Colectiva87","Cintia Vietto","Galer\u00eda Mar Dulce","Hilolulu","Marcelo Weissel","punk","Ral Veroni"],"articleSection":["Arte","Recomendado"],"inLanguage":"es"},{"@type":"WebPage","@id":"https:\/\/fmradiocultura.com.ar\/site2025\/inaugura-hilolulu-de-cintia-vietto\/","url":"https:\/\/fmradiocultura.com.ar\/site2025\/inaugura-hilolulu-de-cintia-vietto\/","name":"Inaugura Hilolulu de Cintia Vietto &#8211; Radio Cultura","isPartOf":{"@id":"https:\/\/fmradiocultura.com.ar\/site2025\/#website"},"primaryImageOfPage":{"@id":"https:\/\/fmradiocultura.com.ar\/site2025\/inaugura-hilolulu-de-cintia-vietto\/#primaryimage"},"image":{"@id":"https:\/\/fmradiocultura.com.ar\/site2025\/inaugura-hilolulu-de-cintia-vietto\/#primaryimage"},"thumbnailUrl":"https:\/\/fmradiocultura.com.ar\/site2025\/wp-content\/uploads\/2025\/03\/hilolulu3.jpg","datePublished":"2025-03-06T20:44:53+00:00","breadcrumb":{"@id":"https:\/\/fmradiocultura.com.ar\/site2025\/inaugura-hilolulu-de-cintia-vietto\/#breadcrumb"},"inLanguage":"es","potentialAction":[{"@type":"ReadAction","target":["https:\/\/fmradiocultura.com.ar\/site2025\/inaugura-hilolulu-de-cintia-vietto\/"]}]},{"@type":"ImageObject","inLanguage":"es","@id":"https:\/\/fmradiocultura.com.ar\/site2025\/inaugura-hilolulu-de-cintia-vietto\/#primaryimage","url":"https:\/\/fmradiocultura.com.ar\/site2025\/wp-content\/uploads\/2025\/03\/hilolulu3.jpg","contentUrl":"https:\/\/fmradiocultura.com.ar\/site2025\/wp-content\/uploads\/2025\/03\/hilolulu3.jpg","width":539,"height":684},{"@type":"BreadcrumbList","@id":"https:\/\/fmradiocultura.com.ar\/site2025\/inaugura-hilolulu-de-cintia-vietto\/#breadcrumb","itemListElement":[{"@type":"ListItem","position":1,"name":"Portada","item":"https:\/\/fmradiocultura.com.ar\/site2025\/"},{"@type":"ListItem","position":2,"name":"Inaugura Hilolulu de Cintia Vietto"}]},{"@type":"WebSite","@id":"https:\/\/fmradiocultura.com.ar\/site2025\/#website","url":"https:\/\/fmradiocultura.com.ar\/site2025\/","name":"Radio Cultura","description":"Es un medio independiente que busca difundir arte, cultura y turismo cultural al mundo hispanohablante.","publisher":{"@id":"https:\/\/fmradiocultura.com.ar\/site2025\/#organization"},"alternateName":"fmradiocultura.com.ar","potentialAction":[{"@type":"SearchAction","target":{"@type":"EntryPoint","urlTemplate":"https:\/\/fmradiocultura.com.ar\/site2025\/?s={search_term_string}"},"query-input":{"@type":"PropertyValueSpecification","valueRequired":true,"valueName":"search_term_string"}}],"inLanguage":"es"},{"@type":"Organization","@id":"https:\/\/fmradiocultura.com.ar\/site2025\/#organization","name":"Radio Cultura","alternateName":"fmradiocultura.com.ar","url":"https:\/\/fmradiocultura.com.ar\/site2025\/","logo":{"@type":"ImageObject","inLanguage":"es","@id":"https:\/\/fmradiocultura.com.ar\/site2025\/#\/schema\/logo\/image\/","url":"https:\/\/fmradiocultura.com.ar\/site2025\/wp-content\/uploads\/2025\/06\/Logo-RC-ok-1080x1080-vertical.jpg","contentUrl":"https:\/\/fmradiocultura.com.ar\/site2025\/wp-content\/uploads\/2025\/06\/Logo-RC-ok-1080x1080-vertical.jpg","width":1080,"height":1080,"caption":"Radio Cultura"},"image":{"@id":"https:\/\/fmradiocultura.com.ar\/site2025\/#\/schema\/logo\/image\/"},"sameAs":["https:\/\/www.facebook.com\/radioculturaba\/","https:\/\/x.com\/radioculturaba","https:\/\/www.instagram.com\/radioculturaba"]},{"@type":"Person","@id":"https:\/\/fmradiocultura.com.ar\/site2025\/#\/schema\/person\/4129cff584253bb9de3d3bd6cbf21d60","name":"Pablo De Vita","image":{"@type":"ImageObject","inLanguage":"es","@id":"https:\/\/secure.gravatar.com\/avatar\/752f82179b81dcf8cf405efdf12252c6af17c7a982b2f34f4602cef583f8a9fb?s=96&d=mm&r=g","url":"https:\/\/secure.gravatar.com\/avatar\/752f82179b81dcf8cf405efdf12252c6af17c7a982b2f34f4602cef583f8a9fb?s=96&d=mm&r=g","contentUrl":"https:\/\/secure.gravatar.com\/avatar\/752f82179b81dcf8cf405efdf12252c6af17c7a982b2f34f4602cef583f8a9fb?s=96&d=mm&r=g","caption":"Pablo De Vita"},"url":"https:\/\/fmradiocultura.com.ar\/site2025\/author\/pablodevita\/"}]}},"_links":{"self":[{"href":"https:\/\/fmradiocultura.com.ar\/site2025\/wp-json\/wp\/v2\/posts\/64095","targetHints":{"allow":["GET"]}}],"collection":[{"href":"https:\/\/fmradiocultura.com.ar\/site2025\/wp-json\/wp\/v2\/posts"}],"about":[{"href":"https:\/\/fmradiocultura.com.ar\/site2025\/wp-json\/wp\/v2\/types\/post"}],"author":[{"embeddable":true,"href":"https:\/\/fmradiocultura.com.ar\/site2025\/wp-json\/wp\/v2\/users\/6"}],"replies":[{"embeddable":true,"href":"https:\/\/fmradiocultura.com.ar\/site2025\/wp-json\/wp\/v2\/comments?post=64095"}],"version-history":[{"count":0,"href":"https:\/\/fmradiocultura.com.ar\/site2025\/wp-json\/wp\/v2\/posts\/64095\/revisions"}],"wp:featuredmedia":[{"embeddable":true,"href":"https:\/\/fmradiocultura.com.ar\/site2025\/wp-json\/wp\/v2\/media\/64096"}],"wp:attachment":[{"href":"https:\/\/fmradiocultura.com.ar\/site2025\/wp-json\/wp\/v2\/media?parent=64095"}],"wp:term":[{"taxonomy":"category","embeddable":true,"href":"https:\/\/fmradiocultura.com.ar\/site2025\/wp-json\/wp\/v2\/categories?post=64095"},{"taxonomy":"post_tag","embeddable":true,"href":"https:\/\/fmradiocultura.com.ar\/site2025\/wp-json\/wp\/v2\/tags?post=64095"}],"curies":[{"name":"wp","href":"https:\/\/api.w.org\/{rel}","templated":true}]}}