{"id":64072,"date":"2025-03-06T16:23:55","date_gmt":"2025-03-06T19:23:55","guid":{"rendered":"https:\/\/www.fmradiocultura.com.ar\/?p=64072"},"modified":"2025-03-06T16:23:55","modified_gmt":"2025-03-06T19:23:55","slug":"adriana-fiterman-en-la-casa-nacional-del-bicentenario","status":"publish","type":"post","link":"https:\/\/fmradiocultura.com.ar\/site2025\/adriana-fiterman-en-la-casa-nacional-del-bicentenario\/","title":{"rendered":"Adriana Fiterman en la Casa Nacional del Bicentenario"},"content":{"rendered":"<p>El viernes 7 de marzo a las 18.30 hs inaugura <strong>Ida y vuelta<\/strong>, con pinturas de <strong>Adriana Fiterman<\/strong>. Desarrollada con la colaboraci\u00f3n y la mirada de <strong>Silvia Gurfein<\/strong>, esta exposici\u00f3n ser\u00e1 el primer homenaje realizado a la artista luego de su fallecimiento en el a\u00f1o 2020. Hija del reconocido coleccionista<strong> Jacobo Fiterman<\/strong>, Adriana fue una artista y arquitecta que dedic\u00f3 toda su vida al \u00e1mbito de la cultura participando de exposiciones con sus obras y como dise\u00f1adora de montaje. Desde 1991 fue alumna del maestro <strong>Carlos Gorriarena,<\/strong> cuyas ense\u00f1anzas contribuyeron a definir esta particular mirada que las obras de Adriana adquirieron a lo largo de su carrera. Su pr\u00e1ctica como arquitecta estuvo \u00edntimamente relacionada con los espacios de arte. Dise\u00f1\u00f3 montajes de exhibiciones, espacios de varias galer\u00edas y desde fines de los a\u00f1os 90 hasta 2019, estuvo a cargo de la organizaci\u00f3n espacial de la<strong> Feria arteBA<\/strong>. Por fuera de ese \u00e1mbito, Adriana realiz\u00f3 numerosos montajes entre ellos el del <strong>Museo Carlos Alonso<\/strong> en Mendoza y el de la muestra Cr\u00edtica, arte y sociedad en un diario argentino en la <strong>Fundaci\u00f3n OSDE<\/strong>, en 2016. Era minuciosa al punto de la obsesi\u00f3n por el detalle.<\/p>\n<p><strong><img fetchpriority=\"high\" decoding=\"async\" class=\" wp-image-64075 aligncenter\" src=\"https:\/\/fmradiocultura.com.ar\/site2025\/wp-content\/uploads\/2025\/03\/1YBm8nErg_720x0__1.jpg\" alt=\"\" width=\"1095\" height=\"919\" srcset=\"https:\/\/fmradiocultura.com.ar\/site2025\/wp-content\/uploads\/2025\/03\/1YBm8nErg_720x0__1.jpg 720w, https:\/\/fmradiocultura.com.ar\/site2025\/wp-content\/uploads\/2025\/03\/1YBm8nErg_720x0__1-300x252.jpg 300w, https:\/\/fmradiocultura.com.ar\/site2025\/wp-content\/uploads\/2025\/03\/1YBm8nErg_720x0__1-150x126.jpg 150w, https:\/\/fmradiocultura.com.ar\/site2025\/wp-content\/uploads\/2025\/03\/1YBm8nErg_720x0__1-450x378.jpg 450w\" sizes=\"(max-width: 1095px) 100vw, 1095px\" \/><\/strong><\/p>\n<p><strong>Siempre, ante la imagen, estamos ante el tiempo<\/strong><\/p>\n<p><strong>Georges Didi-Huberman<\/strong><\/p>\n<p>El t\u00edtulo de esta exposici\u00f3n, <strong>Ida y Vuelta<\/strong>, surge de una de las pinturas m\u00e1s emblem\u00e1ticas de <strong>Adriana Fiterman<\/strong> y refleja un tema central en su obra: el movimiento constante entre opuestos, la coexistencia de fuerzas contrarias y la exploraci\u00f3n de dualidades. En 2006, la artista titul\u00f3 una de sus muestras Dualidades, un concepto que reverbera en gran parte de su producci\u00f3n. Hoy traemos sus pinturas y tambi\u00e9n su palabra. En los t\u00edtulos de sus obras encontramos algunos que enuncian esos pares que ella observaba y a su vez plantean una forma singular de verlos: Presente\/Ausente, Naturaleza\/Antinaturaleza, Uniones\/Soledades, Aproximaci\u00f3n\/Distancia, Espeso\/Agobiante, Desdoblado\/Dividido&#8230;<\/p>\n<p>En sus obras, Adriana crea un espacio simb\u00f3lico donde lo que podr\u00edan ser conceptos o im\u00e1genes antag\u00f3nicas se encuentran y conviven sin jerarqu\u00edas. A trav\u00e9s de la superposici\u00f3n de planos pict\u00f3ricos, pone en contacto elementos antit\u00e9ticos. En este (su) universo iconogr\u00e1fico, los sujetos que retrata tambi\u00e9n conviven. Perfiles humanos diversos se encuentran en el espacio de la pintura, creando un inventario social que refleja su curiosidad e inter\u00e9s ecu\u00e1nime por el otro. \u00bfSon retratos o espejos? Hay una preferencia por dejar flotar las preguntas, por permitir que las im\u00e1genes sean, ante todo, trama.<\/p>\n<p>Como se\u00f1ala <strong>Ana Mar\u00eda Battistozzi<\/strong>(1), en sus pinturas el plano de la representaci\u00f3n adquiere tanto protagonismo como la representaci\u00f3n misma. Figura y fondo se equilibran, desdibujando los l\u00edmites entre ellos.<strong> Eduardo Stupia<\/strong> (2), por su parte, destaca la armon\u00eda elegante y el equilibrio que predominan en su obra, incluso en medio de acumulaciones y superposiciones. Un mundo donde la narrativa tiene que v\u00e9rselas con los juegos arbitrarios del lenguaje. \u00bfQu\u00e9 nos traen estas im\u00e1genes? Nos traen sus sentidos, abiertos o escondidos, que irradian y resuenan en quienes hoy las miramos. La pintura act\u00faa como una c\u00e1psula de tiempo, un espacio donde podemos <strong>encontrarnos<\/strong> con otros y con otras en la historia. En los presentes superpuestos de la pintura, est\u00e1 Adriana. Una presencia, una forma de la presencia que persiste en el tiempo.<\/p>\n<p>Dice <strong>Didi-Huberman<\/strong> (3): \u00abLas im\u00e1genes nos sobreviven; somos el elemento fr\u00e1gil, de paso, mientras ellas son el elemento del futuro, de la duraci\u00f3n. Ante una imagen, el pasado no cesa nunca de reconfigurarse.\u00bb Esta exposici\u00f3n es un homenaje a <strong>Adriana Fiterman<\/strong>, a su b\u00fasqueda incansable y a su capacidad para transformar sus observaciones y preguntas en poes\u00eda visual. Un viaje de ida y vuelta entre el arte y la vida, entre el pasado y el futuro, entre la presencia y la ausencia.<\/p>\n<p><strong>Silvia Gurfein<\/strong><br \/>\nMarzo de 2025<\/p>\n<h6 style=\"text-align: right;\">(1) Ana Mar\u00eda Battistozzi. Ni figura ni fondo, el placer de la trama. Texto de cat\u00e1logo de muestra Adriana Fiterman en Galer\u00eda Van Riel. Marzo de 2012<br \/>\n(2) Eduardo Stupia. Madurar una idea, persistir en una b\u00fasqueda. Texto de cat\u00e1logo de muestra Adriana Fiterman-Pinturas 1994-2014, en TAG The Art Gallery. Julio 2015<br \/>\n(3) Georges Didi-Huberman. Ante el tiempo. Historia del artes y anacronismo de las im\u00e1genes. AH Adriana Hidalgo editora. 2008<\/h6>\n<p><strong><img decoding=\"async\" class=\"size-full wp-image-64074 alignleft\" src=\"https:\/\/fmradiocultura.com.ar\/site2025\/wp-content\/uploads\/2025\/03\/adriana-fiterman-2.jpg\" alt=\"\" width=\"555\" height=\"426\" srcset=\"https:\/\/fmradiocultura.com.ar\/site2025\/wp-content\/uploads\/2025\/03\/adriana-fiterman-2.jpg 555w, https:\/\/fmradiocultura.com.ar\/site2025\/wp-content\/uploads\/2025\/03\/adriana-fiterman-2-300x230.jpg 300w, https:\/\/fmradiocultura.com.ar\/site2025\/wp-content\/uploads\/2025\/03\/adriana-fiterman-2-150x115.jpg 150w, https:\/\/fmradiocultura.com.ar\/site2025\/wp-content\/uploads\/2025\/03\/adriana-fiterman-2-450x345.jpg 450w\" sizes=\"(max-width: 555px) 100vw, 555px\" \/>Adriana Fiterman <\/strong>(Buenos Aires, 1962-2020)<br \/>\nSe forma como arquitecta en la Universidad de Buenos Aires, y desde muy joven incursiona en los talleres de pintura de <strong>Ideal S\u00e1nchez, H\u00e9ctor Giuffr\u00e9<\/strong> y<strong> Carlos Gorriarena<\/strong>; en acuarela en el taller de <strong>Sergio Merayo<\/strong> y <strong>Eduardo Cervera<\/strong>; y en dibujo en el estudio de <strong>M\u00f3nica Marcovich<\/strong>. En su profesi\u00f3n dise\u00f1\u00f3 por muchos a\u00f1os el predio de exposiciones de arteBA, y en su carrera como artista particip\u00f3 de numerosas exposiciones individuales en diversos espacios culturales entre los que se destacan el Centro Cultural Recoleta de Buenos Aires, y las galer\u00edas Van Riel (Buenos Aires) y La Acacia (La Habana), junto con el Consulado General de Argentina en Nueva York, entre otras. Tambi\u00e9n particip\u00f3 de diversas exposiciones colectivas nacionales e internacionales, y recibi\u00f3 distinciones y premios como el LIV Sal\u00f3n de Artes Pl\u00e1sticas \u201cManuel Belgrano\u201d (2009); el Premio Est\u00edmulo Banco Provincia (1995), y IV Sal\u00f3n Nacional de Pintura AV\u00d3N (1996).<\/p>\n<p>&nbsp;<\/p>\n<p>&nbsp;<\/p>\n<p><strong>La exposici\u00f3n se podr\u00e1 visitar hasta el 27 de abril en la vidriera y el tercer piso de la Casa.<\/strong><\/p>\n<p><strong>Casa Nacional del Bicentenario<\/strong><br \/>\nRiobamba 985 CABA, Buenos Aires<\/p>\n<p>&nbsp;<\/p>\n<p>&nbsp;<\/p>\n","protected":false},"excerpt":{"rendered":"<p>El viernes 7 de marzo a las 18.30 hs inaugura Ida y vuelta, con pinturas de Adriana Fiterman. Desarrollada con la colaboraci\u00f3n y la mirada de Silvia Gurfein, esta exposici\u00f3n ser\u00e1 el primer homenaje realizado a la artista luego de su fallecimiento en el a\u00f1o 2020. Hija del reconocido coleccionista Jacobo Fiterman, Adriana fue una<\/p>\n","protected":false},"author":6,"featured_media":64073,"comment_status":"closed","ping_status":"closed","sticky":false,"template":"","format":"standard","meta":{"footnotes":""},"categories":[116,241,114],"tags":[668,669,670,671,672,673],"class_list":{"0":"post-64072","1":"post","2":"type-post","3":"status-publish","4":"format-standard","5":"has-post-thumbnail","7":"category-arte","8":"category-homenaje","9":"category-noticias","10":"tag-adriana-fiterman","11":"tag-ana-maria-battistozzi","12":"tag-casa-nacional-del-bicentenario","13":"tag-eduardo-stupia","14":"tag-jacobo-fiterman","15":"tag-silvia-gurfein"},"yoast_head":"<!-- This site is optimized with the Yoast SEO plugin v27.2 - https:\/\/yoast.com\/product\/yoast-seo-wordpress\/ -->\n<title>Adriana Fiterman en la Casa Nacional del Bicentenario &#8211; Radio Cultura<\/title>\n<meta name=\"robots\" content=\"noindex, follow, max-snippet:-1, max-image-preview:large, max-video-preview:-1\" \/>\n<meta property=\"og:locale\" content=\"es_ES\" \/>\n<meta property=\"og:type\" content=\"article\" \/>\n<meta property=\"og:title\" content=\"Adriana Fiterman en la Casa Nacional del Bicentenario &#8211; Radio Cultura\" \/>\n<meta property=\"og:description\" content=\"El viernes 7 de marzo a las 18.30 hs inaugura Ida y vuelta, con pinturas de Adriana Fiterman. Desarrollada con la colaboraci\u00f3n y la mirada de Silvia Gurfein, esta exposici\u00f3n ser\u00e1 el primer homenaje realizado a la artista luego de su fallecimiento en el a\u00f1o 2020. Hija del reconocido coleccionista Jacobo Fiterman, Adriana fue una\" \/>\n<meta property=\"og:url\" content=\"https:\/\/fmradiocultura.com.ar\/site2025\/adriana-fiterman-en-la-casa-nacional-del-bicentenario\/\" \/>\n<meta property=\"og:site_name\" content=\"Radio Cultura\" \/>\n<meta property=\"article:publisher\" content=\"https:\/\/www.facebook.com\/radioculturaba\/\" \/>\n<meta property=\"article:published_time\" content=\"2025-03-06T19:23:55+00:00\" \/>\n<meta property=\"og:image\" content=\"https:\/\/fmradiocultura.com.ar\/site2025\/wp-content\/uploads\/2025\/03\/adriana-fiterman.jpg\" \/>\n\t<meta property=\"og:image:width\" content=\"1023\" \/>\n\t<meta property=\"og:image:height\" content=\"401\" \/>\n\t<meta property=\"og:image:type\" content=\"image\/jpeg\" \/>\n<meta name=\"author\" content=\"Pablo De Vita\" \/>\n<meta name=\"twitter:card\" content=\"summary_large_image\" \/>\n<meta name=\"twitter:creator\" content=\"@radioculturaba\" \/>\n<meta name=\"twitter:site\" content=\"@radioculturaba\" \/>\n<meta name=\"twitter:label1\" content=\"Escrito por\" \/>\n\t<meta name=\"twitter:data1\" content=\"Pablo De Vita\" \/>\n\t<meta name=\"twitter:label2\" content=\"Tiempo de lectura\" \/>\n\t<meta name=\"twitter:data2\" content=\"5 minutos\" \/>\n<script type=\"application\/ld+json\" class=\"yoast-schema-graph\">{\"@context\":\"https:\/\/schema.org\",\"@graph\":[{\"@type\":\"Article\",\"@id\":\"https:\/\/fmradiocultura.com.ar\/site2025\/adriana-fiterman-en-la-casa-nacional-del-bicentenario\/#article\",\"isPartOf\":{\"@id\":\"https:\/\/fmradiocultura.com.ar\/site2025\/adriana-fiterman-en-la-casa-nacional-del-bicentenario\/\"},\"author\":{\"name\":\"Pablo De Vita\",\"@id\":\"https:\/\/fmradiocultura.com.ar\/site2025\/#\/schema\/person\/4129cff584253bb9de3d3bd6cbf21d60\"},\"headline\":\"Adriana Fiterman en la Casa Nacional del Bicentenario\",\"datePublished\":\"2025-03-06T19:23:55+00:00\",\"mainEntityOfPage\":{\"@id\":\"https:\/\/fmradiocultura.com.ar\/site2025\/adriana-fiterman-en-la-casa-nacional-del-bicentenario\/\"},\"wordCount\":938,\"publisher\":{\"@id\":\"https:\/\/fmradiocultura.com.ar\/site2025\/#organization\"},\"image\":{\"@id\":\"https:\/\/fmradiocultura.com.ar\/site2025\/adriana-fiterman-en-la-casa-nacional-del-bicentenario\/#primaryimage\"},\"thumbnailUrl\":\"https:\/\/fmradiocultura.com.ar\/site2025\/wp-content\/uploads\/2025\/03\/adriana-fiterman.jpg\",\"keywords\":[\"Adriana Fiterman\",\"Ana Mar\u00eda Battistozzi\",\"Casa Nacional del Bicentenario\",\"Eduardo Stupia\",\"Jacobo Fiterman\",\"Silvia Gurfein\"],\"articleSection\":[\"Arte\",\"Homenaje\",\"Noticias\"],\"inLanguage\":\"es\"},{\"@type\":\"WebPage\",\"@id\":\"https:\/\/fmradiocultura.com.ar\/site2025\/adriana-fiterman-en-la-casa-nacional-del-bicentenario\/\",\"url\":\"https:\/\/fmradiocultura.com.ar\/site2025\/adriana-fiterman-en-la-casa-nacional-del-bicentenario\/\",\"name\":\"Adriana Fiterman en la Casa Nacional del Bicentenario &#8211; Radio Cultura\",\"isPartOf\":{\"@id\":\"https:\/\/fmradiocultura.com.ar\/site2025\/#website\"},\"primaryImageOfPage\":{\"@id\":\"https:\/\/fmradiocultura.com.ar\/site2025\/adriana-fiterman-en-la-casa-nacional-del-bicentenario\/#primaryimage\"},\"image\":{\"@id\":\"https:\/\/fmradiocultura.com.ar\/site2025\/adriana-fiterman-en-la-casa-nacional-del-bicentenario\/#primaryimage\"},\"thumbnailUrl\":\"https:\/\/fmradiocultura.com.ar\/site2025\/wp-content\/uploads\/2025\/03\/adriana-fiterman.jpg\",\"datePublished\":\"2025-03-06T19:23:55+00:00\",\"breadcrumb\":{\"@id\":\"https:\/\/fmradiocultura.com.ar\/site2025\/adriana-fiterman-en-la-casa-nacional-del-bicentenario\/#breadcrumb\"},\"inLanguage\":\"es\",\"potentialAction\":[{\"@type\":\"ReadAction\",\"target\":[\"https:\/\/fmradiocultura.com.ar\/site2025\/adriana-fiterman-en-la-casa-nacional-del-bicentenario\/\"]}]},{\"@type\":\"ImageObject\",\"inLanguage\":\"es\",\"@id\":\"https:\/\/fmradiocultura.com.ar\/site2025\/adriana-fiterman-en-la-casa-nacional-del-bicentenario\/#primaryimage\",\"url\":\"https:\/\/fmradiocultura.com.ar\/site2025\/wp-content\/uploads\/2025\/03\/adriana-fiterman.jpg\",\"contentUrl\":\"https:\/\/fmradiocultura.com.ar\/site2025\/wp-content\/uploads\/2025\/03\/adriana-fiterman.jpg\",\"width\":1023,\"height\":401},{\"@type\":\"BreadcrumbList\",\"@id\":\"https:\/\/fmradiocultura.com.ar\/site2025\/adriana-fiterman-en-la-casa-nacional-del-bicentenario\/#breadcrumb\",\"itemListElement\":[{\"@type\":\"ListItem\",\"position\":1,\"name\":\"Portada\",\"item\":\"https:\/\/fmradiocultura.com.ar\/site2025\/\"},{\"@type\":\"ListItem\",\"position\":2,\"name\":\"Adriana Fiterman en la Casa Nacional del Bicentenario\"}]},{\"@type\":\"WebSite\",\"@id\":\"https:\/\/fmradiocultura.com.ar\/site2025\/#website\",\"url\":\"https:\/\/fmradiocultura.com.ar\/site2025\/\",\"name\":\"Radio Cultura\",\"description\":\"Es un medio independiente que busca difundir arte, cultura y turismo cultural al mundo hispanohablante.\",\"publisher\":{\"@id\":\"https:\/\/fmradiocultura.com.ar\/site2025\/#organization\"},\"alternateName\":\"fmradiocultura.com.ar\",\"potentialAction\":[{\"@type\":\"SearchAction\",\"target\":{\"@type\":\"EntryPoint\",\"urlTemplate\":\"https:\/\/fmradiocultura.com.ar\/site2025\/?s={search_term_string}\"},\"query-input\":{\"@type\":\"PropertyValueSpecification\",\"valueRequired\":true,\"valueName\":\"search_term_string\"}}],\"inLanguage\":\"es\"},{\"@type\":\"Organization\",\"@id\":\"https:\/\/fmradiocultura.com.ar\/site2025\/#organization\",\"name\":\"Radio Cultura\",\"alternateName\":\"fmradiocultura.com.ar\",\"url\":\"https:\/\/fmradiocultura.com.ar\/site2025\/\",\"logo\":{\"@type\":\"ImageObject\",\"inLanguage\":\"es\",\"@id\":\"https:\/\/fmradiocultura.com.ar\/site2025\/#\/schema\/logo\/image\/\",\"url\":\"https:\/\/fmradiocultura.com.ar\/site2025\/wp-content\/uploads\/2025\/06\/Logo-RC-ok-1080x1080-vertical.jpg\",\"contentUrl\":\"https:\/\/fmradiocultura.com.ar\/site2025\/wp-content\/uploads\/2025\/06\/Logo-RC-ok-1080x1080-vertical.jpg\",\"width\":1080,\"height\":1080,\"caption\":\"Radio Cultura\"},\"image\":{\"@id\":\"https:\/\/fmradiocultura.com.ar\/site2025\/#\/schema\/logo\/image\/\"},\"sameAs\":[\"https:\/\/www.facebook.com\/radioculturaba\/\",\"https:\/\/x.com\/radioculturaba\",\"https:\/\/www.instagram.com\/radioculturaba\"]},{\"@type\":\"Person\",\"@id\":\"https:\/\/fmradiocultura.com.ar\/site2025\/#\/schema\/person\/4129cff584253bb9de3d3bd6cbf21d60\",\"name\":\"Pablo De Vita\",\"image\":{\"@type\":\"ImageObject\",\"inLanguage\":\"es\",\"@id\":\"https:\/\/secure.gravatar.com\/avatar\/752f82179b81dcf8cf405efdf12252c6af17c7a982b2f34f4602cef583f8a9fb?s=96&d=mm&r=g\",\"url\":\"https:\/\/secure.gravatar.com\/avatar\/752f82179b81dcf8cf405efdf12252c6af17c7a982b2f34f4602cef583f8a9fb?s=96&d=mm&r=g\",\"contentUrl\":\"https:\/\/secure.gravatar.com\/avatar\/752f82179b81dcf8cf405efdf12252c6af17c7a982b2f34f4602cef583f8a9fb?s=96&d=mm&r=g\",\"caption\":\"Pablo De Vita\"},\"url\":\"https:\/\/fmradiocultura.com.ar\/site2025\/author\/pablodevita\/\"}]}<\/script>\n<!-- \/ Yoast SEO plugin. -->","yoast_head_json":{"title":"Adriana Fiterman en la Casa Nacional del Bicentenario &#8211; Radio Cultura","robots":{"index":"noindex","follow":"follow","max-snippet":"max-snippet:-1","max-image-preview":"max-image-preview:large","max-video-preview":"max-video-preview:-1"},"og_locale":"es_ES","og_type":"article","og_title":"Adriana Fiterman en la Casa Nacional del Bicentenario &#8211; Radio Cultura","og_description":"El viernes 7 de marzo a las 18.30 hs inaugura Ida y vuelta, con pinturas de Adriana Fiterman. Desarrollada con la colaboraci\u00f3n y la mirada de Silvia Gurfein, esta exposici\u00f3n ser\u00e1 el primer homenaje realizado a la artista luego de su fallecimiento en el a\u00f1o 2020. Hija del reconocido coleccionista Jacobo Fiterman, Adriana fue una","og_url":"https:\/\/fmradiocultura.com.ar\/site2025\/adriana-fiterman-en-la-casa-nacional-del-bicentenario\/","og_site_name":"Radio Cultura","article_publisher":"https:\/\/www.facebook.com\/radioculturaba\/","article_published_time":"2025-03-06T19:23:55+00:00","og_image":[{"width":1023,"height":401,"url":"https:\/\/fmradiocultura.com.ar\/site2025\/wp-content\/uploads\/2025\/03\/adriana-fiterman.jpg","type":"image\/jpeg"}],"author":"Pablo De Vita","twitter_card":"summary_large_image","twitter_creator":"@radioculturaba","twitter_site":"@radioculturaba","twitter_misc":{"Escrito por":"Pablo De Vita","Tiempo de lectura":"5 minutos"},"schema":{"@context":"https:\/\/schema.org","@graph":[{"@type":"Article","@id":"https:\/\/fmradiocultura.com.ar\/site2025\/adriana-fiterman-en-la-casa-nacional-del-bicentenario\/#article","isPartOf":{"@id":"https:\/\/fmradiocultura.com.ar\/site2025\/adriana-fiterman-en-la-casa-nacional-del-bicentenario\/"},"author":{"name":"Pablo De Vita","@id":"https:\/\/fmradiocultura.com.ar\/site2025\/#\/schema\/person\/4129cff584253bb9de3d3bd6cbf21d60"},"headline":"Adriana Fiterman en la Casa Nacional del Bicentenario","datePublished":"2025-03-06T19:23:55+00:00","mainEntityOfPage":{"@id":"https:\/\/fmradiocultura.com.ar\/site2025\/adriana-fiterman-en-la-casa-nacional-del-bicentenario\/"},"wordCount":938,"publisher":{"@id":"https:\/\/fmradiocultura.com.ar\/site2025\/#organization"},"image":{"@id":"https:\/\/fmradiocultura.com.ar\/site2025\/adriana-fiterman-en-la-casa-nacional-del-bicentenario\/#primaryimage"},"thumbnailUrl":"https:\/\/fmradiocultura.com.ar\/site2025\/wp-content\/uploads\/2025\/03\/adriana-fiterman.jpg","keywords":["Adriana Fiterman","Ana Mar\u00eda Battistozzi","Casa Nacional del Bicentenario","Eduardo Stupia","Jacobo Fiterman","Silvia Gurfein"],"articleSection":["Arte","Homenaje","Noticias"],"inLanguage":"es"},{"@type":"WebPage","@id":"https:\/\/fmradiocultura.com.ar\/site2025\/adriana-fiterman-en-la-casa-nacional-del-bicentenario\/","url":"https:\/\/fmradiocultura.com.ar\/site2025\/adriana-fiterman-en-la-casa-nacional-del-bicentenario\/","name":"Adriana Fiterman en la Casa Nacional del Bicentenario &#8211; Radio Cultura","isPartOf":{"@id":"https:\/\/fmradiocultura.com.ar\/site2025\/#website"},"primaryImageOfPage":{"@id":"https:\/\/fmradiocultura.com.ar\/site2025\/adriana-fiterman-en-la-casa-nacional-del-bicentenario\/#primaryimage"},"image":{"@id":"https:\/\/fmradiocultura.com.ar\/site2025\/adriana-fiterman-en-la-casa-nacional-del-bicentenario\/#primaryimage"},"thumbnailUrl":"https:\/\/fmradiocultura.com.ar\/site2025\/wp-content\/uploads\/2025\/03\/adriana-fiterman.jpg","datePublished":"2025-03-06T19:23:55+00:00","breadcrumb":{"@id":"https:\/\/fmradiocultura.com.ar\/site2025\/adriana-fiterman-en-la-casa-nacional-del-bicentenario\/#breadcrumb"},"inLanguage":"es","potentialAction":[{"@type":"ReadAction","target":["https:\/\/fmradiocultura.com.ar\/site2025\/adriana-fiterman-en-la-casa-nacional-del-bicentenario\/"]}]},{"@type":"ImageObject","inLanguage":"es","@id":"https:\/\/fmradiocultura.com.ar\/site2025\/adriana-fiterman-en-la-casa-nacional-del-bicentenario\/#primaryimage","url":"https:\/\/fmradiocultura.com.ar\/site2025\/wp-content\/uploads\/2025\/03\/adriana-fiterman.jpg","contentUrl":"https:\/\/fmradiocultura.com.ar\/site2025\/wp-content\/uploads\/2025\/03\/adriana-fiterman.jpg","width":1023,"height":401},{"@type":"BreadcrumbList","@id":"https:\/\/fmradiocultura.com.ar\/site2025\/adriana-fiterman-en-la-casa-nacional-del-bicentenario\/#breadcrumb","itemListElement":[{"@type":"ListItem","position":1,"name":"Portada","item":"https:\/\/fmradiocultura.com.ar\/site2025\/"},{"@type":"ListItem","position":2,"name":"Adriana Fiterman en la Casa Nacional del Bicentenario"}]},{"@type":"WebSite","@id":"https:\/\/fmradiocultura.com.ar\/site2025\/#website","url":"https:\/\/fmradiocultura.com.ar\/site2025\/","name":"Radio Cultura","description":"Es un medio independiente que busca difundir arte, cultura y turismo cultural al mundo hispanohablante.","publisher":{"@id":"https:\/\/fmradiocultura.com.ar\/site2025\/#organization"},"alternateName":"fmradiocultura.com.ar","potentialAction":[{"@type":"SearchAction","target":{"@type":"EntryPoint","urlTemplate":"https:\/\/fmradiocultura.com.ar\/site2025\/?s={search_term_string}"},"query-input":{"@type":"PropertyValueSpecification","valueRequired":true,"valueName":"search_term_string"}}],"inLanguage":"es"},{"@type":"Organization","@id":"https:\/\/fmradiocultura.com.ar\/site2025\/#organization","name":"Radio Cultura","alternateName":"fmradiocultura.com.ar","url":"https:\/\/fmradiocultura.com.ar\/site2025\/","logo":{"@type":"ImageObject","inLanguage":"es","@id":"https:\/\/fmradiocultura.com.ar\/site2025\/#\/schema\/logo\/image\/","url":"https:\/\/fmradiocultura.com.ar\/site2025\/wp-content\/uploads\/2025\/06\/Logo-RC-ok-1080x1080-vertical.jpg","contentUrl":"https:\/\/fmradiocultura.com.ar\/site2025\/wp-content\/uploads\/2025\/06\/Logo-RC-ok-1080x1080-vertical.jpg","width":1080,"height":1080,"caption":"Radio Cultura"},"image":{"@id":"https:\/\/fmradiocultura.com.ar\/site2025\/#\/schema\/logo\/image\/"},"sameAs":["https:\/\/www.facebook.com\/radioculturaba\/","https:\/\/x.com\/radioculturaba","https:\/\/www.instagram.com\/radioculturaba"]},{"@type":"Person","@id":"https:\/\/fmradiocultura.com.ar\/site2025\/#\/schema\/person\/4129cff584253bb9de3d3bd6cbf21d60","name":"Pablo De Vita","image":{"@type":"ImageObject","inLanguage":"es","@id":"https:\/\/secure.gravatar.com\/avatar\/752f82179b81dcf8cf405efdf12252c6af17c7a982b2f34f4602cef583f8a9fb?s=96&d=mm&r=g","url":"https:\/\/secure.gravatar.com\/avatar\/752f82179b81dcf8cf405efdf12252c6af17c7a982b2f34f4602cef583f8a9fb?s=96&d=mm&r=g","contentUrl":"https:\/\/secure.gravatar.com\/avatar\/752f82179b81dcf8cf405efdf12252c6af17c7a982b2f34f4602cef583f8a9fb?s=96&d=mm&r=g","caption":"Pablo De Vita"},"url":"https:\/\/fmradiocultura.com.ar\/site2025\/author\/pablodevita\/"}]}},"_links":{"self":[{"href":"https:\/\/fmradiocultura.com.ar\/site2025\/wp-json\/wp\/v2\/posts\/64072","targetHints":{"allow":["GET"]}}],"collection":[{"href":"https:\/\/fmradiocultura.com.ar\/site2025\/wp-json\/wp\/v2\/posts"}],"about":[{"href":"https:\/\/fmradiocultura.com.ar\/site2025\/wp-json\/wp\/v2\/types\/post"}],"author":[{"embeddable":true,"href":"https:\/\/fmradiocultura.com.ar\/site2025\/wp-json\/wp\/v2\/users\/6"}],"replies":[{"embeddable":true,"href":"https:\/\/fmradiocultura.com.ar\/site2025\/wp-json\/wp\/v2\/comments?post=64072"}],"version-history":[{"count":0,"href":"https:\/\/fmradiocultura.com.ar\/site2025\/wp-json\/wp\/v2\/posts\/64072\/revisions"}],"wp:featuredmedia":[{"embeddable":true,"href":"https:\/\/fmradiocultura.com.ar\/site2025\/wp-json\/wp\/v2\/media\/64073"}],"wp:attachment":[{"href":"https:\/\/fmradiocultura.com.ar\/site2025\/wp-json\/wp\/v2\/media?parent=64072"}],"wp:term":[{"taxonomy":"category","embeddable":true,"href":"https:\/\/fmradiocultura.com.ar\/site2025\/wp-json\/wp\/v2\/categories?post=64072"},{"taxonomy":"post_tag","embeddable":true,"href":"https:\/\/fmradiocultura.com.ar\/site2025\/wp-json\/wp\/v2\/tags?post=64072"}],"curies":[{"name":"wp","href":"https:\/\/api.w.org\/{rel}","templated":true}]}}