{"id":63731,"date":"2025-02-03T11:53:31","date_gmt":"2025-02-03T14:53:31","guid":{"rendered":"https:\/\/www.fmradiocultura.com.ar\/?p=63731"},"modified":"2025-02-03T11:53:31","modified_gmt":"2025-02-03T14:53:31","slug":"los-beatles-hacen-historia-en-los-grammy","status":"publish","type":"post","link":"https:\/\/fmradiocultura.com.ar\/site2025\/los-beatles-hacen-historia-en-los-grammy\/","title":{"rendered":"Los Beatles hacen historia en los Grammy"},"content":{"rendered":"<p>Es la primera canci\u00f3n asistida por Inteligencia Artificial en ganar un Grammy, pero tal como se\u00f1al\u00f3 <strong>Paul McCartney<\/strong>, <strong>Now and then<\/strong> no es una canci\u00f3n donde nada se haya a\u00f1adido artificialmente sino que sirvi\u00f3 para \u00ablimpiar\u00bb la calidad de una cinta de cassette con la voz de John Lennon que con la tecnolog\u00eda previa no hab\u00eda obtenido los est\u00e1ndares de calidad del grupo de rock m\u00e1s influyente de la historia de la m\u00fasica. \u00abSiento que el mundo no puede permitirse olvidar a personas como The Beatles\u201d, dijo Sean Lennon en \u00a0la tarde del domingo 2 de febrero en Los Angeles cuando subi\u00f3 a escena para retirar el hist\u00f3rico gram\u00f3fono que se\u00f1ala a uno de los premiados a lo mejor de la m\u00fasica del a\u00f1o. <strong>The Beatles<\/strong> volvi\u00f3 a la escena de los Grammy luego de 28 a\u00f1os conquistando otra marca hist\u00f3rica y superando en la categor\u00eda Mejor Interpretaci\u00f3n de Rock, a \u201c<strong>Beautiful People (Stay High)<\/strong>\u201d de <strong>The Black Keys<\/strong>, \u201c<strong>The American Dream Is Killing Me\u201d <\/strong>de <strong>Green Day<\/strong>, <strong>\u201cGift Horse\u201d<\/strong> de <strong>IDLES<\/strong>, \u201c<strong>Dark Matter<\/strong>\u201d de<strong> Pearl Jam<\/strong> y \u201c<strong>Broken Man<\/strong>\u201d de <strong>St. Vincent.<\/strong> \u201cSolo quiero decir: pongan la m\u00fasica de The Beatles para sus hijos. Siento que el mundo no puede permitirse olvidar a personas como <strong>The Beatles.<\/strong> Necesitamos esta m\u00fasica en el mundo. Necesitamos paz y amor, y necesitamos que la magia de los a\u00f1os 60 siga viva\u201d. se\u00f1al\u00f3 <strong>Sean Lennon<\/strong> al cerrar el discurso de agradecimiento donde se mostr\u00f3 muy sorprendido de aceptar un premio en nombre de su padre y de<strong> The Beatles<\/strong>.<\/p>\n<p><img fetchpriority=\"high\" decoding=\"async\" class=\"size-full wp-image-63732 aligncenter\" src=\"https:\/\/fmradiocultura.com.ar\/site2025\/wp-content\/uploads\/2025\/02\/now-and-then.jpg\" alt=\"\" width=\"1200\" height=\"662\" srcset=\"https:\/\/fmradiocultura.com.ar\/site2025\/wp-content\/uploads\/2025\/02\/now-and-then.jpg 1200w, https:\/\/fmradiocultura.com.ar\/site2025\/wp-content\/uploads\/2025\/02\/now-and-then-300x166.jpg 300w, https:\/\/fmradiocultura.com.ar\/site2025\/wp-content\/uploads\/2025\/02\/now-and-then-1024x565.jpg 1024w, https:\/\/fmradiocultura.com.ar\/site2025\/wp-content\/uploads\/2025\/02\/now-and-then-768x424.jpg 768w, https:\/\/fmradiocultura.com.ar\/site2025\/wp-content\/uploads\/2025\/02\/now-and-then-150x83.jpg 150w, https:\/\/fmradiocultura.com.ar\/site2025\/wp-content\/uploads\/2025\/02\/now-and-then-450x248.jpg 450w\" sizes=\"(max-width: 1200px) 100vw, 1200px\" \/>El que fuera anunciado como el \u00faltimo tema de la banda y la despedida definitiva del grupo fue lanzado el 2 de noviembre de 2023. Este tema forma parte de un sencillo de doble cara A, que tambi\u00e9n incluye una nueva mezcla de su primer sencillo, <strong>Love Me Do<\/strong>, original de 1962. Conocida como \u00abla \u00faltima canci\u00f3n de los Beatles\u00bb,<strong> Now and Then<\/strong> tambi\u00e9n fue incluida en la reedici\u00f3n ampliada de la compilaci\u00f3n \u00ab1967-1970\u00bb de 1973, y lleg\u00f3 al n\u00famero uno del UK Singles Chart, siendo la decimoctava cima de <strong>The Beatles<\/strong> en la lista oficial de sencillos a la segunda semana de ingresar en el n\u00famero 42. Paul McCartney incluy\u00f3 este tema en su reciente gira que incluy\u00f3 dos presentaciones en Buenos Aires y una en C\u00f3rdoba.<\/p>\n<p><strong>Radio Cultura<\/strong> te invita a revivir, cantar, disfrutar y emocionarte con el enorme legado de<strong> The Beatles<\/strong> en un programa que repasa la discograf\u00eda del grupo que cambi\u00f3 la historia del rock y visitar tambi\u00e9n las trayectorias solistas de John, Paul, George y Ringo. Adem\u00e1s de programas especiales con <strong>Los cuatro de Liverpool<\/strong> que se emite en la medianoche del sabado a domingo cuyos programas podes revivir en esta web.<\/p>\n<blockquote class=\"wp-embedded-content\" data-secret=\"NE1sSSp5qf\"><p><a href=\"https:\/\/www.fmradiocultura.com.ar\/shows\/los-4-de-liverpool\/\">Los 4 De Liverpool<\/a><\/p><\/blockquote>\n<p><iframe class=\"wp-embedded-content\" sandbox=\"allow-scripts\" security=\"restricted\" style=\"position: absolute; visibility: hidden;\" title=\"\u00abLos 4 De Liverpool\u00bb \u2014 Radio Cultura\" src=\"https:\/\/www.fmradiocultura.com.ar\/shows\/los-4-de-liverpool\/embed\/#?secret=CGiXko0PWt#?secret=NE1sSSp5qf\" data-secret=\"NE1sSSp5qf\" width=\"600\" height=\"338\" frameborder=\"0\" marginwidth=\"0\" marginheight=\"0\" scrolling=\"no\"><\/iframe><\/p>\n<p>&nbsp;<\/p>\n<p>&nbsp;<\/p>\n<p><strong>As\u00ed ganaba Now and then el Grammy<\/strong><\/p>\n<p><iframe title=\"THE BEATLES Win BEST ROCK PERFORMANCE For &quot;NOW AND THEN&quot; | 2025 GRAMMYs Acceptance Speech\" width=\"788\" height=\"443\" src=\"https:\/\/www.youtube.com\/embed\/e7YFzfUk86M?feature=oembed\" frameborder=\"0\" allow=\"accelerometer; autoplay; clipboard-write; encrypted-media; gyroscope; picture-in-picture; web-share\" referrerpolicy=\"strict-origin-when-cross-origin\" allowfullscreen><\/iframe><\/p>\n<p><strong>As\u00ed cantaba McCartney en River<\/strong><\/p>\n<p><iframe title=\"Paul McCartney - \u2018Now and Then\u2019 (Live at River Plate Stadium)\" width=\"788\" height=\"443\" src=\"https:\/\/www.youtube.com\/embed\/hGZqGiwyXHM?feature=oembed\" frameborder=\"0\" allow=\"accelerometer; autoplay; clipboard-write; encrypted-media; gyroscope; picture-in-picture; web-share\" referrerpolicy=\"strict-origin-when-cross-origin\" allowfullscreen><\/iframe><\/p>\n<p>&nbsp;<\/p>\n","protected":false},"excerpt":{"rendered":"<p>Es la primera canci\u00f3n asistida por Inteligencia Artificial en ganar un Grammy, pero tal como se\u00f1al\u00f3 Paul McCartney, Now and then no es una canci\u00f3n donde nada se haya a\u00f1adido artificialmente sino que sirvi\u00f3 para \u00ablimpiar\u00bb la calidad de una cinta de cassette con la voz de John Lennon que con la tecnolog\u00eda previa no<\/p>\n","protected":false},"author":6,"featured_media":63733,"comment_status":"closed","ping_status":"closed","sticky":false,"template":"","format":"standard","meta":{"footnotes":""},"categories":[109,110,113,114],"tags":[555,556,557,558,559,560,561],"class_list":{"0":"post-63731","1":"post","2":"type-post","3":"status-publish","4":"format-standard","5":"has-post-thumbnail","7":"category-internacional","8":"category-la-ciudad-y-el-mundo","9":"category-musica","10":"category-noticias","11":"tag-grammy","12":"tag-los-4-de-liverpool","13":"tag-now-and-then","14":"tag-paul-mccartney","15":"tag-premios","16":"tag-premios-grammy","17":"tag-the-beatles"},"yoast_head":"<!-- This site is optimized with the Yoast SEO plugin v27.2 - https:\/\/yoast.com\/product\/yoast-seo-wordpress\/ -->\n<title>Los Beatles hacen historia en los Grammy &#8211; Radio Cultura<\/title>\n<meta name=\"robots\" content=\"noindex, follow, max-snippet:-1, max-image-preview:large, max-video-preview:-1\" \/>\n<meta property=\"og:locale\" content=\"es_ES\" \/>\n<meta property=\"og:type\" content=\"article\" \/>\n<meta property=\"og:title\" content=\"Los Beatles hacen historia en los Grammy &#8211; Radio Cultura\" \/>\n<meta property=\"og:description\" content=\"Es la primera canci\u00f3n asistida por Inteligencia Artificial en ganar un Grammy, pero tal como se\u00f1al\u00f3 Paul McCartney, Now and then no es una canci\u00f3n donde nada se haya a\u00f1adido artificialmente sino que sirvi\u00f3 para \u00ablimpiar\u00bb la calidad de una cinta de cassette con la voz de John Lennon que con la tecnolog\u00eda previa no\" \/>\n<meta property=\"og:url\" content=\"https:\/\/fmradiocultura.com.ar\/site2025\/los-beatles-hacen-historia-en-los-grammy\/\" \/>\n<meta property=\"og:site_name\" content=\"Radio Cultura\" \/>\n<meta property=\"article:publisher\" content=\"https:\/\/www.facebook.com\/radioculturaba\/\" \/>\n<meta property=\"article:published_time\" content=\"2025-02-03T14:53:31+00:00\" \/>\n<meta property=\"og:image\" content=\"https:\/\/fmradiocultura.com.ar\/site2025\/wp-content\/uploads\/2025\/02\/Now-and-then-la-ultima-cancion-de-The-Beatles.jpg\" \/>\n\t<meta property=\"og:image:width\" content=\"1200\" \/>\n\t<meta property=\"og:image:height\" content=\"675\" \/>\n\t<meta property=\"og:image:type\" content=\"image\/jpeg\" \/>\n<meta name=\"author\" content=\"Pablo De Vita\" \/>\n<meta name=\"twitter:card\" content=\"summary_large_image\" \/>\n<meta name=\"twitter:creator\" content=\"@radioculturaba\" \/>\n<meta name=\"twitter:site\" content=\"@radioculturaba\" \/>\n<meta name=\"twitter:label1\" content=\"Escrito por\" \/>\n\t<meta name=\"twitter:data1\" content=\"Pablo De Vita\" \/>\n\t<meta name=\"twitter:label2\" content=\"Tiempo de lectura\" \/>\n\t<meta name=\"twitter:data2\" content=\"3 minutos\" \/>\n<script type=\"application\/ld+json\" class=\"yoast-schema-graph\">{\"@context\":\"https:\/\/schema.org\",\"@graph\":[{\"@type\":\"Article\",\"@id\":\"https:\/\/fmradiocultura.com.ar\/site2025\/los-beatles-hacen-historia-en-los-grammy\/#article\",\"isPartOf\":{\"@id\":\"https:\/\/fmradiocultura.com.ar\/site2025\/los-beatles-hacen-historia-en-los-grammy\/\"},\"author\":{\"name\":\"Pablo De Vita\",\"@id\":\"https:\/\/fmradiocultura.com.ar\/site2025\/#\/schema\/person\/4129cff584253bb9de3d3bd6cbf21d60\"},\"headline\":\"Los Beatles hacen historia en los Grammy\",\"datePublished\":\"2025-02-03T14:53:31+00:00\",\"mainEntityOfPage\":{\"@id\":\"https:\/\/fmradiocultura.com.ar\/site2025\/los-beatles-hacen-historia-en-los-grammy\/\"},\"wordCount\":525,\"publisher\":{\"@id\":\"https:\/\/fmradiocultura.com.ar\/site2025\/#organization\"},\"image\":{\"@id\":\"https:\/\/fmradiocultura.com.ar\/site2025\/los-beatles-hacen-historia-en-los-grammy\/#primaryimage\"},\"thumbnailUrl\":\"https:\/\/fmradiocultura.com.ar\/site2025\/wp-content\/uploads\/2025\/02\/Now-and-then-la-ultima-cancion-de-The-Beatles.jpg\",\"keywords\":[\"Grammy\",\"Los 4 de Liverpool\",\"Now and then\",\"Paul McCartney\",\"Premios\",\"Premios Grammy\",\"The Beatles\"],\"articleSection\":[\"internacional\",\"La Ciudad y el Mundo\",\"M\u00fasica\",\"Noticias\"],\"inLanguage\":\"es\"},{\"@type\":\"WebPage\",\"@id\":\"https:\/\/fmradiocultura.com.ar\/site2025\/los-beatles-hacen-historia-en-los-grammy\/\",\"url\":\"https:\/\/fmradiocultura.com.ar\/site2025\/los-beatles-hacen-historia-en-los-grammy\/\",\"name\":\"Los Beatles hacen historia en los Grammy &#8211; Radio Cultura\",\"isPartOf\":{\"@id\":\"https:\/\/fmradiocultura.com.ar\/site2025\/#website\"},\"primaryImageOfPage\":{\"@id\":\"https:\/\/fmradiocultura.com.ar\/site2025\/los-beatles-hacen-historia-en-los-grammy\/#primaryimage\"},\"image\":{\"@id\":\"https:\/\/fmradiocultura.com.ar\/site2025\/los-beatles-hacen-historia-en-los-grammy\/#primaryimage\"},\"thumbnailUrl\":\"https:\/\/fmradiocultura.com.ar\/site2025\/wp-content\/uploads\/2025\/02\/Now-and-then-la-ultima-cancion-de-The-Beatles.jpg\",\"datePublished\":\"2025-02-03T14:53:31+00:00\",\"breadcrumb\":{\"@id\":\"https:\/\/fmradiocultura.com.ar\/site2025\/los-beatles-hacen-historia-en-los-grammy\/#breadcrumb\"},\"inLanguage\":\"es\",\"potentialAction\":[{\"@type\":\"ReadAction\",\"target\":[\"https:\/\/fmradiocultura.com.ar\/site2025\/los-beatles-hacen-historia-en-los-grammy\/\"]}]},{\"@type\":\"ImageObject\",\"inLanguage\":\"es\",\"@id\":\"https:\/\/fmradiocultura.com.ar\/site2025\/los-beatles-hacen-historia-en-los-grammy\/#primaryimage\",\"url\":\"https:\/\/fmradiocultura.com.ar\/site2025\/wp-content\/uploads\/2025\/02\/Now-and-then-la-ultima-cancion-de-The-Beatles.jpg\",\"contentUrl\":\"https:\/\/fmradiocultura.com.ar\/site2025\/wp-content\/uploads\/2025\/02\/Now-and-then-la-ultima-cancion-de-The-Beatles.jpg\",\"width\":1200,\"height\":675},{\"@type\":\"BreadcrumbList\",\"@id\":\"https:\/\/fmradiocultura.com.ar\/site2025\/los-beatles-hacen-historia-en-los-grammy\/#breadcrumb\",\"itemListElement\":[{\"@type\":\"ListItem\",\"position\":1,\"name\":\"Portada\",\"item\":\"https:\/\/fmradiocultura.com.ar\/site2025\/\"},{\"@type\":\"ListItem\",\"position\":2,\"name\":\"Los Beatles hacen historia en los Grammy\"}]},{\"@type\":\"WebSite\",\"@id\":\"https:\/\/fmradiocultura.com.ar\/site2025\/#website\",\"url\":\"https:\/\/fmradiocultura.com.ar\/site2025\/\",\"name\":\"Radio Cultura\",\"description\":\"Es un medio independiente que busca difundir arte, cultura y turismo cultural al mundo hispanohablante.\",\"publisher\":{\"@id\":\"https:\/\/fmradiocultura.com.ar\/site2025\/#organization\"},\"alternateName\":\"fmradiocultura.com.ar\",\"potentialAction\":[{\"@type\":\"SearchAction\",\"target\":{\"@type\":\"EntryPoint\",\"urlTemplate\":\"https:\/\/fmradiocultura.com.ar\/site2025\/?s={search_term_string}\"},\"query-input\":{\"@type\":\"PropertyValueSpecification\",\"valueRequired\":true,\"valueName\":\"search_term_string\"}}],\"inLanguage\":\"es\"},{\"@type\":\"Organization\",\"@id\":\"https:\/\/fmradiocultura.com.ar\/site2025\/#organization\",\"name\":\"Radio Cultura\",\"alternateName\":\"fmradiocultura.com.ar\",\"url\":\"https:\/\/fmradiocultura.com.ar\/site2025\/\",\"logo\":{\"@type\":\"ImageObject\",\"inLanguage\":\"es\",\"@id\":\"https:\/\/fmradiocultura.com.ar\/site2025\/#\/schema\/logo\/image\/\",\"url\":\"https:\/\/fmradiocultura.com.ar\/site2025\/wp-content\/uploads\/2025\/06\/Logo-RC-ok-1080x1080-vertical.jpg\",\"contentUrl\":\"https:\/\/fmradiocultura.com.ar\/site2025\/wp-content\/uploads\/2025\/06\/Logo-RC-ok-1080x1080-vertical.jpg\",\"width\":1080,\"height\":1080,\"caption\":\"Radio Cultura\"},\"image\":{\"@id\":\"https:\/\/fmradiocultura.com.ar\/site2025\/#\/schema\/logo\/image\/\"},\"sameAs\":[\"https:\/\/www.facebook.com\/radioculturaba\/\",\"https:\/\/x.com\/radioculturaba\",\"https:\/\/www.instagram.com\/radioculturaba\"]},{\"@type\":\"Person\",\"@id\":\"https:\/\/fmradiocultura.com.ar\/site2025\/#\/schema\/person\/4129cff584253bb9de3d3bd6cbf21d60\",\"name\":\"Pablo De Vita\",\"image\":{\"@type\":\"ImageObject\",\"inLanguage\":\"es\",\"@id\":\"https:\/\/secure.gravatar.com\/avatar\/752f82179b81dcf8cf405efdf12252c6af17c7a982b2f34f4602cef583f8a9fb?s=96&d=mm&r=g\",\"url\":\"https:\/\/secure.gravatar.com\/avatar\/752f82179b81dcf8cf405efdf12252c6af17c7a982b2f34f4602cef583f8a9fb?s=96&d=mm&r=g\",\"contentUrl\":\"https:\/\/secure.gravatar.com\/avatar\/752f82179b81dcf8cf405efdf12252c6af17c7a982b2f34f4602cef583f8a9fb?s=96&d=mm&r=g\",\"caption\":\"Pablo De Vita\"},\"url\":\"https:\/\/fmradiocultura.com.ar\/site2025\/author\/pablodevita\/\"}]}<\/script>\n<!-- \/ Yoast SEO plugin. -->","yoast_head_json":{"title":"Los Beatles hacen historia en los Grammy &#8211; Radio Cultura","robots":{"index":"noindex","follow":"follow","max-snippet":"max-snippet:-1","max-image-preview":"max-image-preview:large","max-video-preview":"max-video-preview:-1"},"og_locale":"es_ES","og_type":"article","og_title":"Los Beatles hacen historia en los Grammy &#8211; Radio Cultura","og_description":"Es la primera canci\u00f3n asistida por Inteligencia Artificial en ganar un Grammy, pero tal como se\u00f1al\u00f3 Paul McCartney, Now and then no es una canci\u00f3n donde nada se haya a\u00f1adido artificialmente sino que sirvi\u00f3 para \u00ablimpiar\u00bb la calidad de una cinta de cassette con la voz de John Lennon que con la tecnolog\u00eda previa no","og_url":"https:\/\/fmradiocultura.com.ar\/site2025\/los-beatles-hacen-historia-en-los-grammy\/","og_site_name":"Radio Cultura","article_publisher":"https:\/\/www.facebook.com\/radioculturaba\/","article_published_time":"2025-02-03T14:53:31+00:00","og_image":[{"width":1200,"height":675,"url":"https:\/\/fmradiocultura.com.ar\/site2025\/wp-content\/uploads\/2025\/02\/Now-and-then-la-ultima-cancion-de-The-Beatles.jpg","type":"image\/jpeg"}],"author":"Pablo De Vita","twitter_card":"summary_large_image","twitter_creator":"@radioculturaba","twitter_site":"@radioculturaba","twitter_misc":{"Escrito por":"Pablo De Vita","Tiempo de lectura":"3 minutos"},"schema":{"@context":"https:\/\/schema.org","@graph":[{"@type":"Article","@id":"https:\/\/fmradiocultura.com.ar\/site2025\/los-beatles-hacen-historia-en-los-grammy\/#article","isPartOf":{"@id":"https:\/\/fmradiocultura.com.ar\/site2025\/los-beatles-hacen-historia-en-los-grammy\/"},"author":{"name":"Pablo De Vita","@id":"https:\/\/fmradiocultura.com.ar\/site2025\/#\/schema\/person\/4129cff584253bb9de3d3bd6cbf21d60"},"headline":"Los Beatles hacen historia en los Grammy","datePublished":"2025-02-03T14:53:31+00:00","mainEntityOfPage":{"@id":"https:\/\/fmradiocultura.com.ar\/site2025\/los-beatles-hacen-historia-en-los-grammy\/"},"wordCount":525,"publisher":{"@id":"https:\/\/fmradiocultura.com.ar\/site2025\/#organization"},"image":{"@id":"https:\/\/fmradiocultura.com.ar\/site2025\/los-beatles-hacen-historia-en-los-grammy\/#primaryimage"},"thumbnailUrl":"https:\/\/fmradiocultura.com.ar\/site2025\/wp-content\/uploads\/2025\/02\/Now-and-then-la-ultima-cancion-de-The-Beatles.jpg","keywords":["Grammy","Los 4 de Liverpool","Now and then","Paul McCartney","Premios","Premios Grammy","The Beatles"],"articleSection":["internacional","La Ciudad y el Mundo","M\u00fasica","Noticias"],"inLanguage":"es"},{"@type":"WebPage","@id":"https:\/\/fmradiocultura.com.ar\/site2025\/los-beatles-hacen-historia-en-los-grammy\/","url":"https:\/\/fmradiocultura.com.ar\/site2025\/los-beatles-hacen-historia-en-los-grammy\/","name":"Los Beatles hacen historia en los Grammy &#8211; Radio Cultura","isPartOf":{"@id":"https:\/\/fmradiocultura.com.ar\/site2025\/#website"},"primaryImageOfPage":{"@id":"https:\/\/fmradiocultura.com.ar\/site2025\/los-beatles-hacen-historia-en-los-grammy\/#primaryimage"},"image":{"@id":"https:\/\/fmradiocultura.com.ar\/site2025\/los-beatles-hacen-historia-en-los-grammy\/#primaryimage"},"thumbnailUrl":"https:\/\/fmradiocultura.com.ar\/site2025\/wp-content\/uploads\/2025\/02\/Now-and-then-la-ultima-cancion-de-The-Beatles.jpg","datePublished":"2025-02-03T14:53:31+00:00","breadcrumb":{"@id":"https:\/\/fmradiocultura.com.ar\/site2025\/los-beatles-hacen-historia-en-los-grammy\/#breadcrumb"},"inLanguage":"es","potentialAction":[{"@type":"ReadAction","target":["https:\/\/fmradiocultura.com.ar\/site2025\/los-beatles-hacen-historia-en-los-grammy\/"]}]},{"@type":"ImageObject","inLanguage":"es","@id":"https:\/\/fmradiocultura.com.ar\/site2025\/los-beatles-hacen-historia-en-los-grammy\/#primaryimage","url":"https:\/\/fmradiocultura.com.ar\/site2025\/wp-content\/uploads\/2025\/02\/Now-and-then-la-ultima-cancion-de-The-Beatles.jpg","contentUrl":"https:\/\/fmradiocultura.com.ar\/site2025\/wp-content\/uploads\/2025\/02\/Now-and-then-la-ultima-cancion-de-The-Beatles.jpg","width":1200,"height":675},{"@type":"BreadcrumbList","@id":"https:\/\/fmradiocultura.com.ar\/site2025\/los-beatles-hacen-historia-en-los-grammy\/#breadcrumb","itemListElement":[{"@type":"ListItem","position":1,"name":"Portada","item":"https:\/\/fmradiocultura.com.ar\/site2025\/"},{"@type":"ListItem","position":2,"name":"Los Beatles hacen historia en los Grammy"}]},{"@type":"WebSite","@id":"https:\/\/fmradiocultura.com.ar\/site2025\/#website","url":"https:\/\/fmradiocultura.com.ar\/site2025\/","name":"Radio Cultura","description":"Es un medio independiente que busca difundir arte, cultura y turismo cultural al mundo hispanohablante.","publisher":{"@id":"https:\/\/fmradiocultura.com.ar\/site2025\/#organization"},"alternateName":"fmradiocultura.com.ar","potentialAction":[{"@type":"SearchAction","target":{"@type":"EntryPoint","urlTemplate":"https:\/\/fmradiocultura.com.ar\/site2025\/?s={search_term_string}"},"query-input":{"@type":"PropertyValueSpecification","valueRequired":true,"valueName":"search_term_string"}}],"inLanguage":"es"},{"@type":"Organization","@id":"https:\/\/fmradiocultura.com.ar\/site2025\/#organization","name":"Radio Cultura","alternateName":"fmradiocultura.com.ar","url":"https:\/\/fmradiocultura.com.ar\/site2025\/","logo":{"@type":"ImageObject","inLanguage":"es","@id":"https:\/\/fmradiocultura.com.ar\/site2025\/#\/schema\/logo\/image\/","url":"https:\/\/fmradiocultura.com.ar\/site2025\/wp-content\/uploads\/2025\/06\/Logo-RC-ok-1080x1080-vertical.jpg","contentUrl":"https:\/\/fmradiocultura.com.ar\/site2025\/wp-content\/uploads\/2025\/06\/Logo-RC-ok-1080x1080-vertical.jpg","width":1080,"height":1080,"caption":"Radio Cultura"},"image":{"@id":"https:\/\/fmradiocultura.com.ar\/site2025\/#\/schema\/logo\/image\/"},"sameAs":["https:\/\/www.facebook.com\/radioculturaba\/","https:\/\/x.com\/radioculturaba","https:\/\/www.instagram.com\/radioculturaba"]},{"@type":"Person","@id":"https:\/\/fmradiocultura.com.ar\/site2025\/#\/schema\/person\/4129cff584253bb9de3d3bd6cbf21d60","name":"Pablo De Vita","image":{"@type":"ImageObject","inLanguage":"es","@id":"https:\/\/secure.gravatar.com\/avatar\/752f82179b81dcf8cf405efdf12252c6af17c7a982b2f34f4602cef583f8a9fb?s=96&d=mm&r=g","url":"https:\/\/secure.gravatar.com\/avatar\/752f82179b81dcf8cf405efdf12252c6af17c7a982b2f34f4602cef583f8a9fb?s=96&d=mm&r=g","contentUrl":"https:\/\/secure.gravatar.com\/avatar\/752f82179b81dcf8cf405efdf12252c6af17c7a982b2f34f4602cef583f8a9fb?s=96&d=mm&r=g","caption":"Pablo De Vita"},"url":"https:\/\/fmradiocultura.com.ar\/site2025\/author\/pablodevita\/"}]}},"_links":{"self":[{"href":"https:\/\/fmradiocultura.com.ar\/site2025\/wp-json\/wp\/v2\/posts\/63731","targetHints":{"allow":["GET"]}}],"collection":[{"href":"https:\/\/fmradiocultura.com.ar\/site2025\/wp-json\/wp\/v2\/posts"}],"about":[{"href":"https:\/\/fmradiocultura.com.ar\/site2025\/wp-json\/wp\/v2\/types\/post"}],"author":[{"embeddable":true,"href":"https:\/\/fmradiocultura.com.ar\/site2025\/wp-json\/wp\/v2\/users\/6"}],"replies":[{"embeddable":true,"href":"https:\/\/fmradiocultura.com.ar\/site2025\/wp-json\/wp\/v2\/comments?post=63731"}],"version-history":[{"count":0,"href":"https:\/\/fmradiocultura.com.ar\/site2025\/wp-json\/wp\/v2\/posts\/63731\/revisions"}],"wp:featuredmedia":[{"embeddable":true,"href":"https:\/\/fmradiocultura.com.ar\/site2025\/wp-json\/wp\/v2\/media\/63733"}],"wp:attachment":[{"href":"https:\/\/fmradiocultura.com.ar\/site2025\/wp-json\/wp\/v2\/media?parent=63731"}],"wp:term":[{"taxonomy":"category","embeddable":true,"href":"https:\/\/fmradiocultura.com.ar\/site2025\/wp-json\/wp\/v2\/categories?post=63731"},{"taxonomy":"post_tag","embeddable":true,"href":"https:\/\/fmradiocultura.com.ar\/site2025\/wp-json\/wp\/v2\/tags?post=63731"}],"curies":[{"name":"wp","href":"https:\/\/api.w.org\/{rel}","templated":true}]}}